{"id":10221,"date":"2025-09-17T11:10:42","date_gmt":"2025-09-17T09:10:42","guid":{"rendered":"https:\/\/slauschek.photography\/cms\/?p=10221"},"modified":"2026-03-04T16:36:21","modified_gmt":"2026-03-04T15:36:21","slug":"hunde-unter-wasser-erinnerungen-die-bleiben-%f0%9f%90%b6%f0%9f%92%a6","status":"publish","type":"post","link":"https:\/\/slauschek.photography\/cms\/hunde-unter-wasser-erinnerungen-die-bleiben-%f0%9f%90%b6%f0%9f%92%a6-10221\/","title":{"rendered":"Hunde unter Wasser \u2013 Erinnerungen, die bleiben! \ud83d\udc36\ud83d\udca6"},"content":{"rendered":"<div class=\"wp-block-image\">\n<figure data-wp-context=\"{&quot;imageId&quot;:&quot;69f4b48505293&quot;}\" data-wp-interactive=\"core\/image\" data-wp-key=\"69f4b48505293\" class=\"alignright size-medium wp-lightbox-container\"><img decoding=\"async\" data-wp-class--hide=\"state.isContentHidden\" data-wp-class--show=\"state.isContentVisible\" data-wp-init=\"callbacks.setButtonStyles\" data-wp-on--click=\"actions.showLightbox\" data-wp-on--load=\"callbacks.setButtonStyles\" data-wp-on-window--resize=\"callbacks.setButtonStyles\" src=\"https:\/\/slauschek.photography\/cms\/wp-content\/uploads\/2025\/10\/SP-DOGS-20250921-301-200x300.jpg\" alt=\"\" class=\"wp-image-10385\" style=\"object-fit:cover\"\/><button\n\t\t\tclass=\"lightbox-trigger\"\n\t\t\ttype=\"button\"\n\t\t\taria-haspopup=\"dialog\"\n\t\t\taria-label=\"Vergr\u00f6\u00dfern\"\n\t\t\tdata-wp-init=\"callbacks.initTriggerButton\"\n\t\t\tdata-wp-on--click=\"actions.showLightbox\"\n\t\t\tdata-wp-style--right=\"state.imageButtonRight\"\n\t\t\tdata-wp-style--top=\"state.imageButtonTop\"\n\t\t>\n\t\t\t<svg xmlns=\"http:\/\/www.w3.org\/2000\/svg\" width=\"12\" height=\"12\" fill=\"none\" viewBox=\"0 0 12 12\">\n\t\t\t\t<path fill=\"#fff\" d=\"M2 0a2 2 0 0 0-2 2v2h1.5V2a.5.5 0 0 1 .5-.5h2V0H2Zm2 10.5H2a.5.5 0 0 1-.5-.5V8H0v2a2 2 0 0 0 2 2h2v-1.5ZM8 12v-1.5h2a.5.5 0 0 0 .5-.5V8H12v2a2 2 0 0 1-2 2H8Zm2-12a2 2 0 0 1 2 2v2h-1.5V2a.5.5 0 0 0-.5-.5H8V0h2Z\" \/>\n\t\t\t<\/svg>\n\t\t<\/button><\/figure>\n<\/div>\n\n\n<p>Bei den Hundebadetagen am <strong>Sonntag, den 21.09.2025<\/strong> im <a href=\"https:\/\/www.traiskirchen.gv.at\/suche\/hundebadetag\/\" target=\"_blank\" rel=\"noreferrer noopener\">aqua splash Erlebnisbad Traiskirchen<\/a> (Bezirk Baden, N\u00d6) und am <strong>Samstag, den 27.09.2025<\/strong> im <a href=\"https:\/\/www.moedling.at\/Stadt\/Verwaltung\/Stadtbad_Moedling\" target=\"_blank\" rel=\"noreferrer noopener\">Stadtbad M\u00f6dling<\/a> (N\u00d6), jeweils zwischen 11:00 und 14:00 Uhr, k\u00f6nnt ihr euren Vierbeiner bei einem einzigartigen Unterwasser-Fotoshooting erleben!<\/p>\n\n\n\n<p>Stellt euch vor: flatternde Ohren, sprudelnde Blasen und pure Lebensfreude unter Wasser \u2013 perfekt festgehalten f\u00fcr immer.<\/p>\n\n\n\n<p>W\u00e4re das was f\u00fcr deinen Vierbeiner? \ud83d\udc3e<br>Kommt einfach vorbei und taucht ein in dieses besondere Erlebnis!<\/p>\n\n\n\n<p>\ud83d\udc49 Das Shooting selbst ist unverbindlich. Kosten entstehen nur, wenn ihr sp\u00e4ter Fotos \u00fcber unser Online-Bestellsystem ausw\u00e4hlt und bestellt. Ich bin mir sicher: Das zahlt sich aus! \ud83d\ude0e<\/p>\n\n\n\n<p>Beispiele meiner Unterwasserfotografie findet ihr <a href=\"https:\/\/slauschek.photography\/cms\/gallerycat\/portfolio\/\">hier\u2026<\/a><br>Fragen? Nutzt einfach das <a href=\"https:\/\/slauschek.photography\/cms\/photoshoots-anfrageformular\/\">Anfrageformular\u2026<\/a><\/p>\n\n\n\n<p>#Hundebadetag #UnterwasserFotoshooting #slauschekphotography #aquasplashtraiskirchen #stadtbadm\u00f6dling<\/p>\n\n\n\n<p><br>Photo(s): \u00a9 Harald Slauschek | <a href=\"https:\/\/slauschek.photography\">Slauschek.Photography<\/a><br>Underwater photo equipment: <a href=\"https:\/\/subal.com\/\" target=\"_blank\" rel=\"noreferrer noopener\">SUBAL Underwater Camera Housings<\/a> | <a href=\"https:\/\/www.subtronic.de\/\" target=\"_blank\" rel=\"noreferrer noopener\">Subtronic GmbH strobes &amp; light<\/a><br>Photo equipment: <a href=\"https:\/\/www.nikon.at\/de_AT\" target=\"_blank\" rel=\"noreferrer noopener\">Nikon<\/a><br>Dealer of my confidence: <a href=\"http:\/\/www.foto15.at\" target=\"_blank\" rel=\"noreferrer noopener\">Foto15<\/a><br>Equipment insurance: <a href=\"https:\/\/www.fotofairsicherung.de\/\" target=\"_blank\" rel=\"noreferrer noopener\">Fotofairsicherung<\/a><br><em>(Hinweis: Unbezahlte Werbung durch Produkt- und Namensnennungen sowie Verlinkungen)<\/em><br><em>(KI-Info: Text co-kreiert mit KI, angepasst und von mir pers\u00f6nlich \u00fcberpr\u00fcft)<\/em><\/p>\n\n\n\n<div class=\"wp-block-jetpack-slideshow aligncenter\" data-autoplay=\"true\" data-delay=\"3\" data-effect=\"slide\" style=\"--aspect-ratio:calc(2500 \/ 1667)\"><div class=\"wp-block-jetpack-slideshow_container swiper\"><ul class=\"wp-block-jetpack-slideshow_swiper-wrapper swiper-wrapper\"><li class=\"wp-block-jetpack-slideshow_slide swiper-slide\"><figure><img loading=\"lazy\" decoding=\"async\" width=\"2500\" height=\"1667\" alt=\"\" class=\"wp-block-jetpack-slideshow_image wp-image-10379\" data-id=\"10379\" data-aspect-ratio=\"2500 \/ 1667\" src=\"https:\/\/slauschek.photography\/cms\/wp-content\/uploads\/2025\/10\/SP-DOGS-20250921-010.jpg\"\/><\/figure><\/li><li class=\"wp-block-jetpack-slideshow_slide swiper-slide\"><figure><img loading=\"lazy\" decoding=\"async\" width=\"1500\" height=\"2167\" alt=\"\" class=\"wp-block-jetpack-slideshow_image wp-image-10231\" data-id=\"10231\" data-aspect-ratio=\"1500 \/ 2167\" src=\"https:\/\/slauschek.photography\/cms\/wp-content\/uploads\/2025\/09\/SP-PG-Flyer-Shootings-UW-Doggys-Hundebadetag-Stadtbad-Moedling_2025-09-27.jpg\"\/><\/figure><\/li><li class=\"wp-block-jetpack-slideshow_slide swiper-slide\"><figure><img loading=\"lazy\" decoding=\"async\" width=\"1667\" height=\"2500\" alt=\"\" class=\"wp-block-jetpack-slideshow_image wp-image-10405\" data-id=\"10405\" data-aspect-ratio=\"1667 \/ 2500\" src=\"https:\/\/slauschek.photography\/cms\/wp-content\/uploads\/2025\/10\/SP-DOGS-20250921-167-1.jpg\"\/><\/figure><\/li><li class=\"wp-block-jetpack-slideshow_slide swiper-slide\"><figure><img loading=\"lazy\" decoding=\"async\" width=\"1500\" height=\"2167\" alt=\"\" class=\"wp-block-jetpack-slideshow_image wp-image-10225\" data-id=\"10225\" data-aspect-ratio=\"1500 \/ 2167\" src=\"https:\/\/slauschek.photography\/cms\/wp-content\/uploads\/2025\/09\/SP-PG-Flyer-Shootings-UW-Doggys-Hundebadetag-Aquasplash-Traiskirchen_2025-09-21.jpg\"\/><\/figure><\/li><li class=\"wp-block-jetpack-slideshow_slide swiper-slide\"><figure><img loading=\"lazy\" decoding=\"async\" width=\"2500\" height=\"1667\" alt=\"\" class=\"wp-block-jetpack-slideshow_image wp-image-10407\" data-id=\"10407\" data-aspect-ratio=\"2500 \/ 1667\" src=\"https:\/\/slauschek.photography\/cms\/wp-content\/uploads\/2025\/10\/SP-DOGS-20250921-295-1.jpg\"\/><\/figure><\/li><li class=\"wp-block-jetpack-slideshow_slide swiper-slide\"><figure><img loading=\"lazy\" decoding=\"async\" width=\"7016\" height=\"9935\" alt=\"\" class=\"wp-block-jetpack-slideshow_image wp-image-10230\" data-id=\"10230\" data-aspect-ratio=\"7016 \/ 9935\" src=\"https:\/\/slauschek.photography\/cms\/wp-content\/uploads\/2025\/09\/Aquasplash-Hundebadetag_Plakat.jpeg\"\/><\/figure><\/li><li class=\"wp-block-jetpack-slideshow_slide swiper-slide\"><figure><img loading=\"lazy\" decoding=\"async\" width=\"2500\" height=\"1667\" alt=\"\" class=\"wp-block-jetpack-slideshow_image wp-image-10419\" data-id=\"10419\" data-aspect-ratio=\"2500 \/ 1667\" src=\"https:\/\/slauschek.photography\/cms\/wp-content\/uploads\/2025\/10\/SP-DOGS-20250927-321-GPXTS-1.jpg\"\/><\/figure><\/li><li class=\"wp-block-jetpack-slideshow_slide swiper-slide\"><figure><img loading=\"lazy\" decoding=\"async\" width=\"1080\" height=\"1080\" alt=\"\" class=\"wp-block-jetpack-slideshow_image wp-image-10229\" data-id=\"10229\" data-aspect-ratio=\"1080 \/ 1080\" src=\"https:\/\/slauschek.photography\/cms\/wp-content\/uploads\/2025\/09\/Aquasplash-Hundebadetag-Lageplan.jpg\"\/><\/figure><\/li><li class=\"wp-block-jetpack-slideshow_slide swiper-slide\"><figure><img loading=\"lazy\" decoding=\"async\" width=\"2500\" height=\"1563\" alt=\"\" class=\"wp-block-jetpack-slideshow_image wp-image-10392\" data-id=\"10392\" data-aspect-ratio=\"2500 \/ 1563\" src=\"https:\/\/slauschek.photography\/cms\/wp-content\/uploads\/2025\/10\/SP-DOGS-20250927-114.jpg\"\/><\/figure><\/li><li class=\"wp-block-jetpack-slideshow_slide swiper-slide\"><figure><img loading=\"lazy\" decoding=\"async\" width=\"1810\" height=\"2560\" alt=\"\" class=\"wp-block-jetpack-slideshow_image wp-image-10227\" data-id=\"10227\" data-aspect-ratio=\"1810 \/ 2560\" src=\"https:\/\/slauschek.photography\/cms\/wp-content\/uploads\/2025\/09\/aquasplash-Hundebaderegeln-scaled.jpeg\"\/><\/figure><\/li><li class=\"wp-block-jetpack-slideshow_slide swiper-slide\"><figure><img decoding=\"async\" alt=\"\" class=\"wp-block-jetpack-slideshow_image wp-image-10401\" data-id=\"10401\" data-aspect-ratio=\"1667 \/ 2500\" src=\"https:\/\/slauschek.photography\/cms\/wp-content\/uploads\/2025\/10\/SP-DOGS-20250927-444.jpg\"\/><\/figure><\/li><li class=\"wp-block-jetpack-slideshow_slide swiper-slide\"><figure><img loading=\"lazy\" decoding=\"async\" width=\"2500\" height=\"1667\" alt=\"\" class=\"wp-block-jetpack-slideshow_image wp-image-10406\" data-id=\"10406\" data-aspect-ratio=\"2500 \/ 1667\" src=\"https:\/\/slauschek.photography\/cms\/wp-content\/uploads\/2025\/10\/SP-DOGS-20250921-177-1.jpg\"\/><\/figure><\/li><\/ul><a class=\"wp-block-jetpack-slideshow_button-prev swiper-button-prev swiper-button-white\" role=\"button\"><\/a><a class=\"wp-block-jetpack-slideshow_button-next swiper-button-next swiper-button-white\" role=\"button\"><\/a><a aria-label=\"Pause Slideshow\" class=\"wp-block-jetpack-slideshow_button-pause\" role=\"button\"><\/a><div class=\"wp-block-jetpack-slideshow_pagination swiper-pagination swiper-pagination-white\"><\/div><\/div><\/div>\n","protected":false},"excerpt":{"rendered":"<p>Bei den Hundebadetagen am Sonntag, den 21.09.2025 im aqua splash Erlebnisbad Traiskirchen (Bezirk Baden, N\u00d6) und am Samstag, den 27.09.2025 im Stadtbad M\u00f6dling (N\u00d6), jeweils zwischen 11:00 und 14:00 Uhr, k\u00f6nnt ihr euren Vierbeiner bei einem einzigartigen Unterwasser-Fotoshooting erleben!<\/p>\n","protected":false},"author":2,"featured_media":10379,"comment_status":"closed","ping_status":"closed","sticky":false,"template":"","format":"standard","meta":{"jetpack_post_was_ever_published":false,"_jetpack_newsletter_access":"","_jetpack_dont_email_post_to_subs":false,"_jetpack_newsletter_tier_id":0,"_jetpack_memberships_contains_paywalled_content":false,"_jetpack_memberships_contains_paid_content":false,"footnotes":""},"categories":[274,119,273,158,124],"tags":[291,120,151,128,289,290,202,247,245,154,163,287,246],"class_list":["post-10221","post","type-post","status-publish","format-standard","has-post-thumbnail","hentry","category-doggyfotos","category-fotos","category-hundefotos","category-photoshoots","category-unterwasserfotos","tag-doggyfotos","tag-fotos","tag-fotoshooting","tag-harald-slauschek","tag-hunde-unterwaser","tag-hundefotos","tag-photoshoot","tag-pool","tag-portrait","tag-shooting","tag-slauschek-photography","tag-tierfotos","tag-underwaterportrait"],"yoast_head":"<!-- This site is optimized with the Yoast SEO plugin v27.4 - https:\/\/yoast.com\/product\/yoast-seo-wordpress\/ -->\n<title>Hunde unter Wasser \u2013 Erinnerungen, die bleiben! \ud83d\udc36\ud83d\udca6 - Slauschek.Photography<\/title>\n<meta name=\"robots\" content=\"index, follow, max-snippet:-1, max-image-preview:large, max-video-preview:-1\" \/>\n<link rel=\"canonical\" href=\"https:\/\/slauschek.photography\/cms\/hunde-unter-wasser-erinnerungen-die-bleiben-\ud83d\udc36\ud83d\udca6-10221\/\" \/>\n<meta property=\"og:locale\" content=\"de_DE\" \/>\n<meta property=\"og:type\" content=\"article\" \/>\n<meta property=\"og:title\" content=\"Hunde unter Wasser \u2013 Erinnerungen, die bleiben! \ud83d\udc36\ud83d\udca6 - Slauschek.Photography\" \/>\n<meta property=\"og:description\" content=\"Bei den Hundebadetagen am Sonntag, den 21.09.2025 im aqua splash Erlebnisbad Traiskirchen (Bezirk Baden, N\u00d6) und am Samstag, den 27.09.2025 im Stadtbad M\u00f6dling (N\u00d6), jeweils zwischen 11:00 und 14:00 Uhr, k\u00f6nnt ihr euren Vierbeiner bei einem einzigartigen Unterwasser-Fotoshooting erleben!\" \/>\n<meta property=\"og:url\" content=\"https:\/\/slauschek.photography\/cms\/hunde-unter-wasser-erinnerungen-die-bleiben-\ud83d\udc36\ud83d\udca6-10221\/\" \/>\n<meta property=\"og:site_name\" content=\"Slauschek.Photography\" \/>\n<meta property=\"article:published_time\" content=\"2025-09-17T09:10:42+00:00\" \/>\n<meta property=\"article:modified_time\" content=\"2026-03-04T15:36:21+00:00\" \/>\n<meta property=\"og:image\" content=\"https:\/\/slauschek.photography\/cms\/wp-content\/uploads\/2025\/10\/SP-DOGS-20250921-010-2048x1366.jpg\" \/>\n\t<meta property=\"og:image:width\" content=\"2048\" \/>\n\t<meta property=\"og:image:height\" content=\"1366\" \/>\n\t<meta property=\"og:image:type\" content=\"image\/jpeg\" \/>\n<meta name=\"author\" content=\"Harald Slauschek\" \/>\n<meta name=\"twitter:card\" content=\"summary_large_image\" \/>\n<meta name=\"twitter:label1\" content=\"Verfasst von\" \/>\n\t<meta name=\"twitter:data1\" content=\"Harald Slauschek\" \/>\n\t<meta name=\"twitter:label2\" content=\"Gesch\u00e4tzte Lesezeit\" \/>\n\t<meta name=\"twitter:data2\" content=\"4\u00a0Minuten\" \/>\n<script type=\"application\/ld+json\" class=\"yoast-schema-graph\">{\"@context\":\"https:\\\/\\\/schema.org\",\"@graph\":[{\"@type\":\"Article\",\"@id\":\"https:\\\/\\\/slauschek.photography\\\/cms\\\/hunde-unter-wasser-erinnerungen-die-bleiben-%f0%9f%90%b6%f0%9f%92%a6-10221\\\/#article\",\"isPartOf\":{\"@id\":\"https:\\\/\\\/slauschek.photography\\\/cms\\\/hunde-unter-wasser-erinnerungen-die-bleiben-%f0%9f%90%b6%f0%9f%92%a6-10221\\\/\"},\"author\":{\"name\":\"Harald Slauschek\",\"@id\":\"https:\\\/\\\/slauschek.photography\\\/cms\\\/#\\\/schema\\\/person\\\/ef602f3dfc5a0bd727ea4ce6b73b3701\"},\"headline\":\"Hunde unter Wasser \u2013 Erinnerungen, die bleiben! \ud83d\udc36\ud83d\udca6\",\"datePublished\":\"2025-09-17T09:10:42+00:00\",\"dateModified\":\"2026-03-04T15:36:21+00:00\",\"mainEntityOfPage\":{\"@id\":\"https:\\\/\\\/slauschek.photography\\\/cms\\\/hunde-unter-wasser-erinnerungen-die-bleiben-%f0%9f%90%b6%f0%9f%92%a6-10221\\\/\"},\"wordCount\":174,\"image\":{\"@id\":\"https:\\\/\\\/slauschek.photography\\\/cms\\\/hunde-unter-wasser-erinnerungen-die-bleiben-%f0%9f%90%b6%f0%9f%92%a6-10221\\\/#primaryimage\"},\"thumbnailUrl\":\"https:\\\/\\\/slauschek.photography\\\/cms\\\/wp-content\\\/uploads\\\/2025\\\/10\\\/SP-DOGS-20250921-010.jpg\",\"keywords\":[\"Doggyfotos\",\"Fotos\",\"Fotoshooting\",\"Harald Slauschek\",\"Hunde Unterwaser\",\"Hundefotos\",\"PhotoShoot\",\"Pool\",\"Portrait\",\"Shooting\",\"Slauschek.Photography\",\"tierfotos\",\"Underwaterportrait\"],\"articleSection\":[\"Doggyfotos\",\"Fotos\",\"Hundefotos\",\"PhotoShoots\",\"Unterwasserfotos\"],\"inLanguage\":\"de\"},{\"@type\":\"WebPage\",\"@id\":\"https:\\\/\\\/slauschek.photography\\\/cms\\\/hunde-unter-wasser-erinnerungen-die-bleiben-%f0%9f%90%b6%f0%9f%92%a6-10221\\\/\",\"url\":\"https:\\\/\\\/slauschek.photography\\\/cms\\\/hunde-unter-wasser-erinnerungen-die-bleiben-%f0%9f%90%b6%f0%9f%92%a6-10221\\\/\",\"name\":\"Hunde unter Wasser \u2013 Erinnerungen, die bleiben! \ud83d\udc36\ud83d\udca6 - Slauschek.Photography\",\"isPartOf\":{\"@id\":\"https:\\\/\\\/slauschek.photography\\\/cms\\\/#website\"},\"primaryImageOfPage\":{\"@id\":\"https:\\\/\\\/slauschek.photography\\\/cms\\\/hunde-unter-wasser-erinnerungen-die-bleiben-%f0%9f%90%b6%f0%9f%92%a6-10221\\\/#primaryimage\"},\"image\":{\"@id\":\"https:\\\/\\\/slauschek.photography\\\/cms\\\/hunde-unter-wasser-erinnerungen-die-bleiben-%f0%9f%90%b6%f0%9f%92%a6-10221\\\/#primaryimage\"},\"thumbnailUrl\":\"https:\\\/\\\/slauschek.photography\\\/cms\\\/wp-content\\\/uploads\\\/2025\\\/10\\\/SP-DOGS-20250921-010.jpg\",\"datePublished\":\"2025-09-17T09:10:42+00:00\",\"dateModified\":\"2026-03-04T15:36:21+00:00\",\"author\":{\"@id\":\"https:\\\/\\\/slauschek.photography\\\/cms\\\/#\\\/schema\\\/person\\\/ef602f3dfc5a0bd727ea4ce6b73b3701\"},\"breadcrumb\":{\"@id\":\"https:\\\/\\\/slauschek.photography\\\/cms\\\/hunde-unter-wasser-erinnerungen-die-bleiben-%f0%9f%90%b6%f0%9f%92%a6-10221\\\/#breadcrumb\"},\"inLanguage\":\"de\",\"potentialAction\":[{\"@type\":\"ReadAction\",\"target\":[\"https:\\\/\\\/slauschek.photography\\\/cms\\\/hunde-unter-wasser-erinnerungen-die-bleiben-%f0%9f%90%b6%f0%9f%92%a6-10221\\\/\"]}]},{\"@type\":\"ImageObject\",\"inLanguage\":\"de\",\"@id\":\"https:\\\/\\\/slauschek.photography\\\/cms\\\/hunde-unter-wasser-erinnerungen-die-bleiben-%f0%9f%90%b6%f0%9f%92%a6-10221\\\/#primaryimage\",\"url\":\"https:\\\/\\\/slauschek.photography\\\/cms\\\/wp-content\\\/uploads\\\/2025\\\/10\\\/SP-DOGS-20250921-010.jpg\",\"contentUrl\":\"https:\\\/\\\/slauschek.photography\\\/cms\\\/wp-content\\\/uploads\\\/2025\\\/10\\\/SP-DOGS-20250921-010.jpg\",\"width\":2500,\"height\":1667},{\"@type\":\"BreadcrumbList\",\"@id\":\"https:\\\/\\\/slauschek.photography\\\/cms\\\/hunde-unter-wasser-erinnerungen-die-bleiben-%f0%9f%90%b6%f0%9f%92%a6-10221\\\/#breadcrumb\",\"itemListElement\":[{\"@type\":\"ListItem\",\"position\":1,\"name\":\"Startseite\",\"item\":\"https:\\\/\\\/slauschek.photography\\\/cms\\\/\"},{\"@type\":\"ListItem\",\"position\":2,\"name\":\"Hunde unter Wasser \u2013 Erinnerungen, die bleiben! \ud83d\udc36\ud83d\udca6\"}]},{\"@type\":\"WebSite\",\"@id\":\"https:\\\/\\\/slauschek.photography\\\/cms\\\/#website\",\"url\":\"https:\\\/\\\/slauschek.photography\\\/cms\\\/\",\"name\":\"Slauschek.Photography\",\"description\":\"Passion meets profession!\",\"potentialAction\":[{\"@type\":\"SearchAction\",\"target\":{\"@type\":\"EntryPoint\",\"urlTemplate\":\"https:\\\/\\\/slauschek.photography\\\/cms\\\/?s={search_term_string}\"},\"query-input\":{\"@type\":\"PropertyValueSpecification\",\"valueRequired\":true,\"valueName\":\"search_term_string\"}}],\"inLanguage\":\"de\"},{\"@type\":\"Person\",\"@id\":\"https:\\\/\\\/slauschek.photography\\\/cms\\\/#\\\/schema\\\/person\\\/ef602f3dfc5a0bd727ea4ce6b73b3701\",\"name\":\"Harald Slauschek\",\"image\":{\"@type\":\"ImageObject\",\"inLanguage\":\"de\",\"@id\":\"https:\\\/\\\/secure.gravatar.com\\\/avatar\\\/926ae54bb219acef952c24e6fe85583cf86e05d2f17df8d10a57a502b06920ef?s=96&d=mm&r=g\",\"url\":\"https:\\\/\\\/secure.gravatar.com\\\/avatar\\\/926ae54bb219acef952c24e6fe85583cf86e05d2f17df8d10a57a502b06920ef?s=96&d=mm&r=g\",\"contentUrl\":\"https:\\\/\\\/secure.gravatar.com\\\/avatar\\\/926ae54bb219acef952c24e6fe85583cf86e05d2f17df8d10a57a502b06920ef?s=96&d=mm&r=g\",\"caption\":\"Harald Slauschek\"},\"url\":\"https:\\\/\\\/slauschek.photography\\\/cms\\\/author\\\/hshark\\\/\"}]}<\/script>\n<!-- \/ Yoast SEO plugin. -->","yoast_head_json":{"title":"Hunde unter Wasser \u2013 Erinnerungen, die bleiben! \ud83d\udc36\ud83d\udca6 - Slauschek.Photography","robots":{"index":"index","follow":"follow","max-snippet":"max-snippet:-1","max-image-preview":"max-image-preview:large","max-video-preview":"max-video-preview:-1"},"canonical":"https:\/\/slauschek.photography\/cms\/hunde-unter-wasser-erinnerungen-die-bleiben-\ud83d\udc36\ud83d\udca6-10221\/","og_locale":"de_DE","og_type":"article","og_title":"Hunde unter Wasser \u2013 Erinnerungen, die bleiben! \ud83d\udc36\ud83d\udca6 - Slauschek.Photography","og_description":"Bei den Hundebadetagen am Sonntag, den 21.09.2025 im aqua splash Erlebnisbad Traiskirchen (Bezirk Baden, N\u00d6) und am Samstag, den 27.09.2025 im Stadtbad M\u00f6dling (N\u00d6), jeweils zwischen 11:00 und 14:00 Uhr, k\u00f6nnt ihr euren Vierbeiner bei einem einzigartigen Unterwasser-Fotoshooting erleben!","og_url":"https:\/\/slauschek.photography\/cms\/hunde-unter-wasser-erinnerungen-die-bleiben-\ud83d\udc36\ud83d\udca6-10221\/","og_site_name":"Slauschek.Photography","article_published_time":"2025-09-17T09:10:42+00:00","article_modified_time":"2026-03-04T15:36:21+00:00","og_image":[{"width":2048,"height":1366,"url":"https:\/\/slauschek.photography\/cms\/wp-content\/uploads\/2025\/10\/SP-DOGS-20250921-010-2048x1366.jpg","type":"image\/jpeg"}],"author":"Harald Slauschek","twitter_card":"summary_large_image","twitter_misc":{"Verfasst von":"Harald Slauschek","Gesch\u00e4tzte Lesezeit":"4\u00a0Minuten"},"schema":{"@context":"https:\/\/schema.org","@graph":[{"@type":"Article","@id":"https:\/\/slauschek.photography\/cms\/hunde-unter-wasser-erinnerungen-die-bleiben-%f0%9f%90%b6%f0%9f%92%a6-10221\/#article","isPartOf":{"@id":"https:\/\/slauschek.photography\/cms\/hunde-unter-wasser-erinnerungen-die-bleiben-%f0%9f%90%b6%f0%9f%92%a6-10221\/"},"author":{"name":"Harald Slauschek","@id":"https:\/\/slauschek.photography\/cms\/#\/schema\/person\/ef602f3dfc5a0bd727ea4ce6b73b3701"},"headline":"Hunde unter Wasser \u2013 Erinnerungen, die bleiben! \ud83d\udc36\ud83d\udca6","datePublished":"2025-09-17T09:10:42+00:00","dateModified":"2026-03-04T15:36:21+00:00","mainEntityOfPage":{"@id":"https:\/\/slauschek.photography\/cms\/hunde-unter-wasser-erinnerungen-die-bleiben-%f0%9f%90%b6%f0%9f%92%a6-10221\/"},"wordCount":174,"image":{"@id":"https:\/\/slauschek.photography\/cms\/hunde-unter-wasser-erinnerungen-die-bleiben-%f0%9f%90%b6%f0%9f%92%a6-10221\/#primaryimage"},"thumbnailUrl":"https:\/\/slauschek.photography\/cms\/wp-content\/uploads\/2025\/10\/SP-DOGS-20250921-010.jpg","keywords":["Doggyfotos","Fotos","Fotoshooting","Harald Slauschek","Hunde Unterwaser","Hundefotos","PhotoShoot","Pool","Portrait","Shooting","Slauschek.Photography","tierfotos","Underwaterportrait"],"articleSection":["Doggyfotos","Fotos","Hundefotos","PhotoShoots","Unterwasserfotos"],"inLanguage":"de"},{"@type":"WebPage","@id":"https:\/\/slauschek.photography\/cms\/hunde-unter-wasser-erinnerungen-die-bleiben-%f0%9f%90%b6%f0%9f%92%a6-10221\/","url":"https:\/\/slauschek.photography\/cms\/hunde-unter-wasser-erinnerungen-die-bleiben-%f0%9f%90%b6%f0%9f%92%a6-10221\/","name":"Hunde unter Wasser \u2013 Erinnerungen, die bleiben! \ud83d\udc36\ud83d\udca6 - Slauschek.Photography","isPartOf":{"@id":"https:\/\/slauschek.photography\/cms\/#website"},"primaryImageOfPage":{"@id":"https:\/\/slauschek.photography\/cms\/hunde-unter-wasser-erinnerungen-die-bleiben-%f0%9f%90%b6%f0%9f%92%a6-10221\/#primaryimage"},"image":{"@id":"https:\/\/slauschek.photography\/cms\/hunde-unter-wasser-erinnerungen-die-bleiben-%f0%9f%90%b6%f0%9f%92%a6-10221\/#primaryimage"},"thumbnailUrl":"https:\/\/slauschek.photography\/cms\/wp-content\/uploads\/2025\/10\/SP-DOGS-20250921-010.jpg","datePublished":"2025-09-17T09:10:42+00:00","dateModified":"2026-03-04T15:36:21+00:00","author":{"@id":"https:\/\/slauschek.photography\/cms\/#\/schema\/person\/ef602f3dfc5a0bd727ea4ce6b73b3701"},"breadcrumb":{"@id":"https:\/\/slauschek.photography\/cms\/hunde-unter-wasser-erinnerungen-die-bleiben-%f0%9f%90%b6%f0%9f%92%a6-10221\/#breadcrumb"},"inLanguage":"de","potentialAction":[{"@type":"ReadAction","target":["https:\/\/slauschek.photography\/cms\/hunde-unter-wasser-erinnerungen-die-bleiben-%f0%9f%90%b6%f0%9f%92%a6-10221\/"]}]},{"@type":"ImageObject","inLanguage":"de","@id":"https:\/\/slauschek.photography\/cms\/hunde-unter-wasser-erinnerungen-die-bleiben-%f0%9f%90%b6%f0%9f%92%a6-10221\/#primaryimage","url":"https:\/\/slauschek.photography\/cms\/wp-content\/uploads\/2025\/10\/SP-DOGS-20250921-010.jpg","contentUrl":"https:\/\/slauschek.photography\/cms\/wp-content\/uploads\/2025\/10\/SP-DOGS-20250921-010.jpg","width":2500,"height":1667},{"@type":"BreadcrumbList","@id":"https:\/\/slauschek.photography\/cms\/hunde-unter-wasser-erinnerungen-die-bleiben-%f0%9f%90%b6%f0%9f%92%a6-10221\/#breadcrumb","itemListElement":[{"@type":"ListItem","position":1,"name":"Startseite","item":"https:\/\/slauschek.photography\/cms\/"},{"@type":"ListItem","position":2,"name":"Hunde unter Wasser \u2013 Erinnerungen, die bleiben! \ud83d\udc36\ud83d\udca6"}]},{"@type":"WebSite","@id":"https:\/\/slauschek.photography\/cms\/#website","url":"https:\/\/slauschek.photography\/cms\/","name":"Slauschek.Photography","description":"Passion meets profession!","potentialAction":[{"@type":"SearchAction","target":{"@type":"EntryPoint","urlTemplate":"https:\/\/slauschek.photography\/cms\/?s={search_term_string}"},"query-input":{"@type":"PropertyValueSpecification","valueRequired":true,"valueName":"search_term_string"}}],"inLanguage":"de"},{"@type":"Person","@id":"https:\/\/slauschek.photography\/cms\/#\/schema\/person\/ef602f3dfc5a0bd727ea4ce6b73b3701","name":"Harald Slauschek","image":{"@type":"ImageObject","inLanguage":"de","@id":"https:\/\/secure.gravatar.com\/avatar\/926ae54bb219acef952c24e6fe85583cf86e05d2f17df8d10a57a502b06920ef?s=96&d=mm&r=g","url":"https:\/\/secure.gravatar.com\/avatar\/926ae54bb219acef952c24e6fe85583cf86e05d2f17df8d10a57a502b06920ef?s=96&d=mm&r=g","contentUrl":"https:\/\/secure.gravatar.com\/avatar\/926ae54bb219acef952c24e6fe85583cf86e05d2f17df8d10a57a502b06920ef?s=96&d=mm&r=g","caption":"Harald Slauschek"},"url":"https:\/\/slauschek.photography\/cms\/author\/hshark\/"}]}},"jetpack_featured_media_url":"https:\/\/slauschek.photography\/cms\/wp-content\/uploads\/2025\/10\/SP-DOGS-20250921-010.jpg","jetpack_sharing_enabled":true,"_links":{"self":[{"href":"https:\/\/slauschek.photography\/cms\/wp-json\/wp\/v2\/posts\/10221","targetHints":{"allow":["GET"]}}],"collection":[{"href":"https:\/\/slauschek.photography\/cms\/wp-json\/wp\/v2\/posts"}],"about":[{"href":"https:\/\/slauschek.photography\/cms\/wp-json\/wp\/v2\/types\/post"}],"author":[{"embeddable":true,"href":"https:\/\/slauschek.photography\/cms\/wp-json\/wp\/v2\/users\/2"}],"replies":[{"embeddable":true,"href":"https:\/\/slauschek.photography\/cms\/wp-json\/wp\/v2\/comments?post=10221"}],"version-history":[{"count":29,"href":"https:\/\/slauschek.photography\/cms\/wp-json\/wp\/v2\/posts\/10221\/revisions"}],"predecessor-version":[{"id":11485,"href":"https:\/\/slauschek.photography\/cms\/wp-json\/wp\/v2\/posts\/10221\/revisions\/11485"}],"wp:featuredmedia":[{"embeddable":true,"href":"https:\/\/slauschek.photography\/cms\/wp-json\/wp\/v2\/media\/10379"}],"wp:attachment":[{"href":"https:\/\/slauschek.photography\/cms\/wp-json\/wp\/v2\/media?parent=10221"}],"wp:term":[{"taxonomy":"category","embeddable":true,"href":"https:\/\/slauschek.photography\/cms\/wp-json\/wp\/v2\/categories?post=10221"},{"taxonomy":"post_tag","embeddable":true,"href":"https:\/\/slauschek.photography\/cms\/wp-json\/wp\/v2\/tags?post=10221"}],"curies":[{"name":"wp","href":"https:\/\/api.w.org\/{rel}","templated":true}]}}