{"id":1266,"date":"2018-08-13T14:47:15","date_gmt":"2018-08-13T12:47:15","guid":{"rendered":"http:\/\/www.h2o-photography.com\/wp\/?p=1266"},"modified":"2024-05-29T13:32:32","modified_gmt":"2024-05-29T11:32:32","slug":"islas-revillagigedos-sea-of-cortez-2018","status":"publish","type":"post","link":"https:\/\/slauschek.photography\/cms\/islas-revillagigedos-sea-of-cortez-2018-1266\/","title":{"rendered":"Islas Revillagigedos &#038; Sea of Cortez 2018"},"content":{"rendered":"<div class=\"wp-block-image\">\n<figure data-wp-context=\"{&quot;imageId&quot;:&quot;69f4dd71e7e32&quot;}\" data-wp-interactive=\"core\/image\" data-wp-key=\"69f4dd71e7e32\" class=\"alignright size-medium wp-lightbox-container\"><img loading=\"lazy\" decoding=\"async\" width=\"300\" height=\"200\" data-wp-class--hide=\"state.isContentHidden\" data-wp-class--show=\"state.isContentVisible\" data-wp-init=\"callbacks.setButtonStyles\" data-wp-on--click=\"actions.showLightbox\" data-wp-on--load=\"callbacks.setButtonStyles\" data-wp-on-window--resize=\"callbacks.setButtonStyles\" src=\"https:\/\/slauschek.photography\/cms\/wp-content\/uploads\/2018\/08\/UW-01088-01-013-300x200.jpg\" alt=\"\" class=\"wp-image-8059\"\/><button\n\t\t\tclass=\"lightbox-trigger\"\n\t\t\ttype=\"button\"\n\t\t\taria-haspopup=\"dialog\"\n\t\t\taria-label=\"Vergr\u00f6\u00dfern\"\n\t\t\tdata-wp-init=\"callbacks.initTriggerButton\"\n\t\t\tdata-wp-on--click=\"actions.showLightbox\"\n\t\t\tdata-wp-style--right=\"state.imageButtonRight\"\n\t\t\tdata-wp-style--top=\"state.imageButtonTop\"\n\t\t>\n\t\t\t<svg xmlns=\"http:\/\/www.w3.org\/2000\/svg\" width=\"12\" height=\"12\" fill=\"none\" viewBox=\"0 0 12 12\">\n\t\t\t\t<path fill=\"#fff\" d=\"M2 0a2 2 0 0 0-2 2v2h1.5V2a.5.5 0 0 1 .5-.5h2V0H2Zm2 10.5H2a.5.5 0 0 1-.5-.5V8H0v2a2 2 0 0 0 2 2h2v-1.5ZM8 12v-1.5h2a.5.5 0 0 0 .5-.5V8H12v2a2 2 0 0 1-2 2H8Zm2-12a2 2 0 0 1 2 2v2h-1.5V2a.5.5 0 0 0-.5-.5H8V0h2Z\" \/>\n\t\t\t<\/svg>\n\t\t<\/button><figcaption class=\"wp-element-caption\">Manta birostris&#8230;pure aestetics!<\/figcaption><\/figure>\n<\/div>\n\n\n<h1 class=\"wp-block-heading\"><strong>Tauchen der Spitzenklasse: Mantas, Haie, Delphine &amp; Fischschw\u00e4rme satt<\/strong><\/h1>\n\n\n\n<p>Was spricht f\u00fcr die Qualit\u00e4t eines Tauchgebietes? F\u00fcr mich auf jeden Fall, dass ich dort unbedingt wieder hin m\u00f6chte&#8230; <span class=\"_5mfr _47e3\"><span class=\"_7oe\">?<\/span><\/span><\/p>\n\n\n<div class=\"wp-block-image\">\n<figure data-wp-context=\"{&quot;imageId&quot;:&quot;69f4dd71e82db&quot;}\" data-wp-interactive=\"core\/image\" data-wp-key=\"69f4dd71e82db\" class=\"alignright size-medium wp-lightbox-container\"><img loading=\"lazy\" decoding=\"async\" width=\"300\" height=\"300\" data-wp-class--hide=\"state.isContentHidden\" data-wp-class--show=\"state.isContentVisible\" data-wp-init=\"callbacks.setButtonStyles\" data-wp-on--click=\"actions.showLightbox\" data-wp-on--load=\"callbacks.setButtonStyles\" data-wp-on-window--resize=\"callbacks.setButtonStyles\" src=\"https:\/\/slauschek.photography\/cms\/wp-content\/uploads\/2021\/04\/UW-01009-01-007-OPT-674-1-300x300.jpg\" alt=\"\" class=\"wp-image-6631\"\/><button\n\t\t\tclass=\"lightbox-trigger\"\n\t\t\ttype=\"button\"\n\t\t\taria-haspopup=\"dialog\"\n\t\t\taria-label=\"Vergr\u00f6\u00dfern\"\n\t\t\tdata-wp-init=\"callbacks.initTriggerButton\"\n\t\t\tdata-wp-on--click=\"actions.showLightbox\"\n\t\t\tdata-wp-style--right=\"state.imageButtonRight\"\n\t\t\tdata-wp-style--top=\"state.imageButtonTop\"\n\t\t>\n\t\t\t<svg xmlns=\"http:\/\/www.w3.org\/2000\/svg\" width=\"12\" height=\"12\" fill=\"none\" viewBox=\"0 0 12 12\">\n\t\t\t\t<path fill=\"#fff\" d=\"M2 0a2 2 0 0 0-2 2v2h1.5V2a.5.5 0 0 1 .5-.5h2V0H2Zm2 10.5H2a.5.5 0 0 1-.5-.5V8H0v2a2 2 0 0 0 2 2h2v-1.5ZM8 12v-1.5h2a.5.5 0 0 0 .5-.5V8H12v2a2 2 0 0 1-2 2H8Zm2-12a2 2 0 0 1 2 2v2h-1.5V2a.5.5 0 0 0-.5-.5H8V0h2Z\" \/>\n\t\t\t<\/svg>\n\t\t<\/button><figcaption class=\"wp-element-caption\">Photo taken at my Socorro trip 2015 with the Lensbaby circular fisheye lens&#8230;very special pictures on land and underwater.<\/figcaption><\/figure>\n<\/div>\n\n\n<p>In meiner Funktion als FotoPRO f\u00fcr das auf Tauchreisen in die besten Tauchregionen unseres Planeten spezialisierte Unternehmen <a href=\"https:\/\/www.waterworld.at\" target=\"_blank\" rel=\"noopener\">Waterworld &#8211; feel the elements<\/a>, begleitete ich im Februar 2015 eine Gruppe von Tauchern zu den Islas Revillagigedos die ca. 260 Seemeilen s\u00fcdwestlich der Halbinsel Baja California (=Niederkalifornien; Mexiko) inmitten des Pazifik liegen. Dieser Archipel wird meist mit seiner Hauptinsel Socorro gleichgesetzt und namentlich daher oft so bezeichnet. Er besteht konkret aus den Inseln Socorro, Clarion, Roca Partida und San Benedicto.<\/p>\n\n\n\n<p>Meine Erlebnisse und Eindr\u00fccke waren 2015 so toll, dass f\u00fcr mich ein weiterer Besuch der Islas Revillagigedos sehr weit oben auf meiner Reiseagenda positioniert wurde. Aber mit dem Wunsch einer kleinen und feinen Erweiterung im Rahmen der Tauchkreuzfahrt, einem Abstecher in die Sea of Cortez die zwischen der Baja California und dem mexikanischen Festland liegt.<\/p>\n\n\n\n<p>Bereits im Jahr 2018 erf\u00fcllte sich mein Reisewunsch und es ging mit \u00fcber 20 Waterworld-Reiseteilnehmern wieder in Richtung der Islas Revillagigedos.<\/p>\n\n\n\n<h1 class=\"wp-block-heading\"><strong>Nautilus Explorer und Crew<\/strong><\/h1>\n\n\n<div class=\"wp-block-image\">\n<figure data-wp-context=\"{&quot;imageId&quot;:&quot;69f4dd71e8660&quot;}\" data-wp-interactive=\"core\/image\" data-wp-key=\"69f4dd71e8660\" class=\"alignright size-medium wp-lightbox-container\"><img loading=\"lazy\" decoding=\"async\" width=\"300\" height=\"200\" data-wp-class--hide=\"state.isContentHidden\" data-wp-class--show=\"state.isContentVisible\" data-wp-init=\"callbacks.setButtonStyles\" data-wp-on--click=\"actions.showLightbox\" data-wp-on--load=\"callbacks.setButtonStyles\" data-wp-on-window--resize=\"callbacks.setButtonStyles\" src=\"https:\/\/slauschek.photography\/cms\/wp-content\/uploads\/2018\/08\/SPO0761-300x200.jpg\" alt=\"\" class=\"wp-image-8062\"\/><button\n\t\t\tclass=\"lightbox-trigger\"\n\t\t\ttype=\"button\"\n\t\t\taria-haspopup=\"dialog\"\n\t\t\taria-label=\"Vergr\u00f6\u00dfern\"\n\t\t\tdata-wp-init=\"callbacks.initTriggerButton\"\n\t\t\tdata-wp-on--click=\"actions.showLightbox\"\n\t\t\tdata-wp-style--right=\"state.imageButtonRight\"\n\t\t\tdata-wp-style--top=\"state.imageButtonTop\"\n\t\t>\n\t\t\t<svg xmlns=\"http:\/\/www.w3.org\/2000\/svg\" width=\"12\" height=\"12\" fill=\"none\" viewBox=\"0 0 12 12\">\n\t\t\t\t<path fill=\"#fff\" d=\"M2 0a2 2 0 0 0-2 2v2h1.5V2a.5.5 0 0 1 .5-.5h2V0H2Zm2 10.5H2a.5.5 0 0 1-.5-.5V8H0v2a2 2 0 0 0 2 2h2v-1.5ZM8 12v-1.5h2a.5.5 0 0 0 .5-.5V8H12v2a2 2 0 0 1-2 2H8Zm2-12a2 2 0 0 1 2 2v2h-1.5V2a.5.5 0 0 0-.5-.5H8V0h2Z\" \/>\n\t\t\t<\/svg>\n\t\t<\/button><figcaption class=\"wp-element-caption\">M.Y. Nautilus Explorer &#8211; sweet home for 10 days.<\/figcaption><\/figure>\n<\/div>\n\n\n<p>Die Basis f\u00fcr die Tauchkreuzfahrt mit sieben Tauchtagen war die bew\u00e4hrte <a href=\"http:\/\/www.nautilusliveaboards.com\" target=\"_blank\" rel=\"noopener\">M.Y. Nautilus Explorer<\/a>, ein 40m langes, hochseetaugliches, komfortables und ausgezeichnet ausgestattetes Tauchkreuzfahrtschiff, mit je nach Tour wechselnder und bis dato immer toller Crew. Jede Position war wieder mit \u00e4u\u00dferst freundlichen, motivierten, engagierten und kompetenten Mitgliedern hervorragend besetzt.<br>Also wieder perfekte Voraussetzungen f\u00fcr ganz besondere Tauchg\u00e4nge! <span class=\"_5mfr _47e3\"><span class=\"_7oe\">?<\/span><\/span><\/p>\n\n\n\n<p>Da ein Wetterumschwung in den n\u00e4chsten Tagen zu erwarten war, wurde der Tourplan ein wenig abge\u00e4ndert und die Tauchg\u00e4nge in der Sea of Cortez ans Ende des Trips gelegt.<\/p>\n\n\n<div class=\"wp-block-image\">\n<figure data-wp-context=\"{&quot;imageId&quot;:&quot;69f4dd71e8a6e&quot;}\" data-wp-interactive=\"core\/image\" data-wp-key=\"69f4dd71e8a6e\" class=\"alignright size-medium wp-lightbox-container\"><img loading=\"lazy\" decoding=\"async\" width=\"300\" height=\"105\" data-wp-class--hide=\"state.isContentHidden\" data-wp-class--show=\"state.isContentVisible\" data-wp-init=\"callbacks.setButtonStyles\" data-wp-on--click=\"actions.showLightbox\" data-wp-on--load=\"callbacks.setButtonStyles\" data-wp-on-window--resize=\"callbacks.setButtonStyles\" src=\"https:\/\/slauschek.photography\/cms\/wp-content\/uploads\/2018\/08\/IMG_7640-OPT-1629-300x105.jpg\" alt=\"\" class=\"wp-image-8064\"\/><button\n\t\t\tclass=\"lightbox-trigger\"\n\t\t\ttype=\"button\"\n\t\t\taria-haspopup=\"dialog\"\n\t\t\taria-label=\"Vergr\u00f6\u00dfern\"\n\t\t\tdata-wp-init=\"callbacks.initTriggerButton\"\n\t\t\tdata-wp-on--click=\"actions.showLightbox\"\n\t\t\tdata-wp-style--right=\"state.imageButtonRight\"\n\t\t\tdata-wp-style--top=\"state.imageButtonTop\"\n\t\t>\n\t\t\t<svg xmlns=\"http:\/\/www.w3.org\/2000\/svg\" width=\"12\" height=\"12\" fill=\"none\" viewBox=\"0 0 12 12\">\n\t\t\t\t<path fill=\"#fff\" d=\"M2 0a2 2 0 0 0-2 2v2h1.5V2a.5.5 0 0 1 .5-.5h2V0H2Zm2 10.5H2a.5.5 0 0 1-.5-.5V8H0v2a2 2 0 0 0 2 2h2v-1.5ZM8 12v-1.5h2a.5.5 0 0 0 .5-.5V8H12v2a2 2 0 0 1-2 2H8Zm2-12a2 2 0 0 1 2 2v2h-1.5V2a.5.5 0 0 0-.5-.5H8V0h2Z\" \/>\n\t\t\t<\/svg>\n\t\t<\/button><figcaption class=\"wp-element-caption\">M.Y. Nautilus Explorer &#8211; alone at home&#8230;&nbsp;<span class=\"_5mfr _47e3\"><span class=\"_7oe\">?<\/span><\/span><\/figcaption><\/figure>\n<\/div>\n\n\n<p>Die 22 Stunden Anreise vom Startpunkt der Tauchkreuzfahrt an der s\u00fcdlichen Spitze der Baja California, dem St\u00e4dtchen Cabo San Lucas, waren trotz etwas st\u00e4rkerem Seegang als gewohnt, relativ schnell erledigt und die Insel San Benedicto erreicht.<\/p>\n\n\n\n<p>Dieser gro\u00dfz\u00fcgige Zeitraum wurde nat\u00fcrlich auch daf\u00fcr gen\u00fctzt, um das Equipment vorzubereiten. F\u00fcr mich eine ganz besondere Freude, denn f\u00fcr meine recht neue Kamera, die sensationelle Nikon D850, und das perfekt auf diese abgestimmte Unterwassergeh\u00e4use der \u00f6sterreichischen Edelschmiede SUBAL, das ND850 Limited Edition (in Nikon-Gelb anl\u00e4sslich des 100-Jahrjubil\u00e4ums des japanischen Unternehmens), war es der erste Einsatz im Rahmen einer Tauchreise.<\/p>\n\n\n<div class=\"wp-block-image\">\n<figure data-wp-context=\"{&quot;imageId&quot;:&quot;69f4dd71e8e91&quot;}\" data-wp-interactive=\"core\/image\" data-wp-key=\"69f4dd71e8e91\" class=\"alignright size-medium wp-lightbox-container\"><img loading=\"lazy\" decoding=\"async\" width=\"300\" height=\"200\" data-wp-class--hide=\"state.isContentHidden\" data-wp-class--show=\"state.isContentVisible\" data-wp-init=\"callbacks.setButtonStyles\" data-wp-on--click=\"actions.showLightbox\" data-wp-on--load=\"callbacks.setButtonStyles\" data-wp-on-window--resize=\"callbacks.setButtonStyles\" src=\"https:\/\/slauschek.photography\/cms\/wp-content\/uploads\/2018\/08\/AH180525_1098-300x200.jpg\" alt=\"\" class=\"wp-image-8065\"\/><button\n\t\t\tclass=\"lightbox-trigger\"\n\t\t\ttype=\"button\"\n\t\t\taria-haspopup=\"dialog\"\n\t\t\taria-label=\"Vergr\u00f6\u00dfern\"\n\t\t\tdata-wp-init=\"callbacks.initTriggerButton\"\n\t\t\tdata-wp-on--click=\"actions.showLightbox\"\n\t\t\tdata-wp-style--right=\"state.imageButtonRight\"\n\t\t\tdata-wp-style--top=\"state.imageButtonTop\"\n\t\t>\n\t\t\t<svg xmlns=\"http:\/\/www.w3.org\/2000\/svg\" width=\"12\" height=\"12\" fill=\"none\" viewBox=\"0 0 12 12\">\n\t\t\t\t<path fill=\"#fff\" d=\"M2 0a2 2 0 0 0-2 2v2h1.5V2a.5.5 0 0 1 .5-.5h2V0H2Zm2 10.5H2a.5.5 0 0 1-.5-.5V8H0v2a2 2 0 0 0 2 2h2v-1.5ZM8 12v-1.5h2a.5.5 0 0 0 .5-.5V8H12v2a2 2 0 0 1-2 2H8Zm2-12a2 2 0 0 1 2 2v2h-1.5V2a.5.5 0 0 0-.5-.5H8V0h2Z\" \/>\n\t\t\t<\/svg>\n\t\t<\/button><figcaption class=\"wp-element-caption\">The whole equipment configuration by Nikon, SUBAL Underwater Camera Housings, Subtronic GmbH strobes and light, REIKLE &amp; MARES &#8211; just add water | Mares Pure Instinct is the best I\u2018ve ever had in all my 28 years of diving and 20 years of underwater photography! ? It\u2018s a big pleasure for me to use the best products worldwide&#8230;in my opinion! ? While diving they are a part of myself&#8230;no external tools&#8230;so perfect&#8230; Photo: \u00a9 Andreas Hausensteiner<\/figcaption><\/figure>\n<\/div>\n\n\n<p>Ab dem Zeitpunkt der Ankunft ging es nur mehr um das, weswegen die Tourg\u00e4ste aus Europa und anderen Teilen der Welt angereist waren: Tauchen, tauchen, tauchen! Und dabei unter Wasser fotografieren sowie filmen, f\u00fcr die, die das wollten&#8230;und ja, ich zumindest wollte das unbedingt!<\/p>\n\n\n<div class=\"wp-block-image\">\n<figure data-wp-context=\"{&quot;imageId&quot;:&quot;69f4dd71e9279&quot;}\" data-wp-interactive=\"core\/image\" data-wp-key=\"69f4dd71e9279\" class=\"alignright size-medium wp-lightbox-container\"><img loading=\"lazy\" decoding=\"async\" width=\"300\" height=\"200\" data-wp-class--hide=\"state.isContentHidden\" data-wp-class--show=\"state.isContentVisible\" data-wp-init=\"callbacks.setButtonStyles\" data-wp-on--click=\"actions.showLightbox\" data-wp-on--load=\"callbacks.setButtonStyles\" data-wp-on-window--resize=\"callbacks.setButtonStyles\" src=\"https:\/\/slauschek.photography\/cms\/wp-content\/uploads\/2018\/08\/AH180526_1104-300x200.jpg\" alt=\"\" class=\"wp-image-8066\"\/><button\n\t\t\tclass=\"lightbox-trigger\"\n\t\t\ttype=\"button\"\n\t\t\taria-haspopup=\"dialog\"\n\t\t\taria-label=\"Vergr\u00f6\u00dfern\"\n\t\t\tdata-wp-init=\"callbacks.initTriggerButton\"\n\t\t\tdata-wp-on--click=\"actions.showLightbox\"\n\t\t\tdata-wp-style--right=\"state.imageButtonRight\"\n\t\t\tdata-wp-style--top=\"state.imageButtonTop\"\n\t\t>\n\t\t\t<svg xmlns=\"http:\/\/www.w3.org\/2000\/svg\" width=\"12\" height=\"12\" fill=\"none\" viewBox=\"0 0 12 12\">\n\t\t\t\t<path fill=\"#fff\" d=\"M2 0a2 2 0 0 0-2 2v2h1.5V2a.5.5 0 0 1 .5-.5h2V0H2Zm2 10.5H2a.5.5 0 0 1-.5-.5V8H0v2a2 2 0 0 0 2 2h2v-1.5ZM8 12v-1.5h2a.5.5 0 0 0 .5-.5V8H12v2a2 2 0 0 1-2 2H8Zm2-12a2 2 0 0 1 2 2v2h-1.5V2a.5.5 0 0 0-.5-.5H8V0h2Z\" \/>\n\t\t\t<\/svg>\n\t\t<\/button><figcaption class=\"wp-element-caption\">Harald Slauschek | Slauschek.Photography @work Photo: \u00a9 Andreas Hausensteiner<\/figcaption><\/figure>\n<\/div>\n\n\n<p>Wie kann man sich das Tauchen bei den Islas Revillagigedos vorstellen?<br>Auf jeden Fall meist sehr entspannt und flexibel!<\/p>\n\n\n\n<p>Am Beginn unserer Tauchkreuzfahrt wurden alle Taucher an Bord, je nach Erfahrung bzw. Gruppenwunsch, in drei Tauchgruppen aufgeteilt. Die \u201eSharks\u201c, \u201eMantas\u201c und \u201eDolphins. Und damit das Tauchen so fair wie m\u00f6glich erfolgte, war die Reihenfolge des zum Tauchplatz fahren und abtauchen, jeden Halbtag wechselnd. Das funktionierte sehr gut und daher waren damit alle Reiseteilnehmer sehr zufrieden.<\/p>\n\n\n\n<p>Auch war es keine Pflicht mit der jeweiligen Gruppe die Tauchg\u00e4nge zu absolvieren.<\/p>\n\n\n<div class=\"wp-block-image\">\n<figure data-wp-context=\"{&quot;imageId&quot;:&quot;69f4dd71e96ba&quot;}\" data-wp-interactive=\"core\/image\" data-wp-key=\"69f4dd71e96ba\" class=\"alignright size-medium wp-lightbox-container\"><img loading=\"lazy\" decoding=\"async\" width=\"300\" height=\"200\" data-wp-class--hide=\"state.isContentHidden\" data-wp-class--show=\"state.isContentVisible\" data-wp-init=\"callbacks.setButtonStyles\" data-wp-on--click=\"actions.showLightbox\" data-wp-on--load=\"callbacks.setButtonStyles\" data-wp-on-window--resize=\"callbacks.setButtonStyles\" src=\"https:\/\/slauschek.photography\/cms\/wp-content\/uploads\/2018\/08\/UW-01088-01-012-300x200.jpg\" alt=\"\" class=\"wp-image-8067\"\/><button\n\t\t\tclass=\"lightbox-trigger\"\n\t\t\ttype=\"button\"\n\t\t\taria-haspopup=\"dialog\"\n\t\t\taria-label=\"Vergr\u00f6\u00dfern\"\n\t\t\tdata-wp-init=\"callbacks.initTriggerButton\"\n\t\t\tdata-wp-on--click=\"actions.showLightbox\"\n\t\t\tdata-wp-style--right=\"state.imageButtonRight\"\n\t\t\tdata-wp-style--top=\"state.imageButtonTop\"\n\t\t>\n\t\t\t<svg xmlns=\"http:\/\/www.w3.org\/2000\/svg\" width=\"12\" height=\"12\" fill=\"none\" viewBox=\"0 0 12 12\">\n\t\t\t\t<path fill=\"#fff\" d=\"M2 0a2 2 0 0 0-2 2v2h1.5V2a.5.5 0 0 1 .5-.5h2V0H2Zm2 10.5H2a.5.5 0 0 1-.5-.5V8H0v2a2 2 0 0 0 2 2h2v-1.5ZM8 12v-1.5h2a.5.5 0 0 0 .5-.5V8H12v2a2 2 0 0 1-2 2H8Zm2-12a2 2 0 0 1 2 2v2h-1.5V2a.5.5 0 0 0-.5-.5H8V0h2Z\" \/>\n\t\t\t<\/svg>\n\t\t<\/button><figcaption class=\"wp-element-caption\">Small follows big&#8230; ?<\/figcaption><\/figure>\n<\/div>\n\n\n<p>Jedes Buddyteam konnte entscheiden ob es mit der Gruppe oder alleine den jeweiligen Tauchplatz betauchte. Das war f\u00fcr erfahrene und eigenst\u00e4ndige Taucher perfekt.<\/p>\n\n\n\n<p>Die Gruppen fuhren auch zeitversetzt mit einem der zwei Beiboote zum jeweiligen Tauchplatz, wodurch unn\u00f6tiger Stress unter Wasser vermieden wurde.<\/p>\n\n\n\n<p>Das jeweils beim Auftauchen in der N\u00e4he befindliche Beiboot nahm denn meist die Taucher auf und brachte diese zum Schiff zur\u00fcck. Per Funk glichen sich die Fahrer der Beiboote und die Crew auf der Nautilus Explorer st\u00e4ndig ab, sodass auch niemand verloren gehen konnte und alles unter Kontrolle war.<\/p>\n\n\n\n<h1 class=\"wp-block-heading\"><strong>Sicherheit steht an oberster Stelle<\/strong><\/h1>\n\n\n<div class=\"wp-block-image\">\n<figure data-wp-context=\"{&quot;imageId&quot;:&quot;69f4dd71e9ade&quot;}\" data-wp-interactive=\"core\/image\" data-wp-key=\"69f4dd71e9ade\" class=\"alignright size-medium wp-lightbox-container\"><img loading=\"lazy\" decoding=\"async\" width=\"300\" height=\"300\" data-wp-class--hide=\"state.isContentHidden\" data-wp-class--show=\"state.isContentVisible\" data-wp-init=\"callbacks.setButtonStyles\" data-wp-on--click=\"actions.showLightbox\" data-wp-on--load=\"callbacks.setButtonStyles\" data-wp-on-window--resize=\"callbacks.setButtonStyles\" src=\"https:\/\/slauschek.photography\/cms\/wp-content\/uploads\/2018\/08\/UW-01088-01-001-300x300.jpg\" alt=\"\" class=\"wp-image-8069\"\/><button\n\t\t\tclass=\"lightbox-trigger\"\n\t\t\ttype=\"button\"\n\t\t\taria-haspopup=\"dialog\"\n\t\t\taria-label=\"Vergr\u00f6\u00dfern\"\n\t\t\tdata-wp-init=\"callbacks.initTriggerButton\"\n\t\t\tdata-wp-on--click=\"actions.showLightbox\"\n\t\t\tdata-wp-style--right=\"state.imageButtonRight\"\n\t\t\tdata-wp-style--top=\"state.imageButtonTop\"\n\t\t>\n\t\t\t<svg xmlns=\"http:\/\/www.w3.org\/2000\/svg\" width=\"12\" height=\"12\" fill=\"none\" viewBox=\"0 0 12 12\">\n\t\t\t\t<path fill=\"#fff\" d=\"M2 0a2 2 0 0 0-2 2v2h1.5V2a.5.5 0 0 1 .5-.5h2V0H2Zm2 10.5H2a.5.5 0 0 1-.5-.5V8H0v2a2 2 0 0 0 2 2h2v-1.5ZM8 12v-1.5h2a.5.5 0 0 0 .5-.5V8H12v2a2 2 0 0 1-2 2H8Zm2-12a2 2 0 0 1 2 2v2h-1.5V2a.5.5 0 0 0-.5-.5H8V0h2Z\" \/>\n\t\t\t<\/svg>\n\t\t<\/button><figcaption class=\"wp-element-caption\">Andreas Hausensteiner fully in action &#8211; the specialist for almost impossible photo positions underwater&#8230; ?<\/figcaption><\/figure>\n<\/div>\n\n\n<p>Ein weiterer Sicherheitsaspekt ist auf jeden Fall noch erw\u00e4hnenswert:<br>Jeder Taucher trug ein Nautilus Lifeline Notfallger\u00e4t beim Tauchen. Und dieses wurde gratis zur Verf\u00fcghung gestellt. Mit dem Nautilus Lifeline (www.nautiluslifeline.com) konnte an der Oberfl\u00e4che im Bedarfsfall Funkkontakt mit dem Mutterschiff aufgenommen werden bzw. mit zwei Notfalltasten, ein regionaler sowie ein internationaler SOS-Notruf abgesendet werden. Auch wenn dies nie notwendig war, es beruhigt sehr und erh\u00f6hte die Sicherheit immens.<\/p>\n\n\n\n<p>Bei der Wahl der Tauchpl\u00e4tze und Inseln stand immer die Sicherheit und Zufriedenheit der G\u00e4ste im Vordergrund. Je nach Wetter, G\u00e4stew\u00fcnschen und M\u00f6glichkeiten wurde die Tour flexibel adaptiert. Nat\u00fcrlich gab es auch notwendige Kompromisse, diese waren aber immer mehr als nur akzeptabel. Zu bemerken ist auch, dass bei den Adaptierungen der Route, der wirtschaftliche Aspekt offensichtlich keine bedeutende Rolle spielte. Fahrten und \u00dcberfahrten wurden, im Sinne einer erfolgreichen Tauchkreuzfahrt f\u00fcr die G\u00e4ste, gemacht wenn sie notwendig waren. Ganz einfach!<\/p>\n\n\n\n<p>An einem normalen Tauchtag standen vier Tauchg\u00e4nge auf dem Programm die mitgemacht werden konnten&#8230;aber nat\u00fcrlich nicht mussten. Jeder Taucher konnte entscheiden, welche Tauchg\u00e4nge er machen oder auch nicht machen wollte.<\/p>\n\n\n\n<h1 class=\"wp-block-heading\"><strong>Gro\u00dffischtauchen der Sonderklasse <\/strong><\/h1>\n\n\n\n<p>Die Tauchg\u00e4nge bei den Inseln San Benedicto, Roca Partida und Socorro lie\u00dfen wie im Jahr 2015 keine W\u00fcnsche offen. Die Unterwasserwelt pr\u00e4sentierte sich von ihrer besten Seite.<\/p>\n\n\n<div class=\"wp-block-image\">\n<figure data-wp-context=\"{&quot;imageId&quot;:&quot;69f4dd71e9f75&quot;}\" data-wp-interactive=\"core\/image\" data-wp-key=\"69f4dd71e9f75\" class=\"alignright size-medium wp-lightbox-container\"><img loading=\"lazy\" decoding=\"async\" width=\"300\" height=\"200\" data-wp-class--hide=\"state.isContentHidden\" data-wp-class--show=\"state.isContentVisible\" data-wp-init=\"callbacks.setButtonStyles\" data-wp-on--click=\"actions.showLightbox\" data-wp-on--load=\"callbacks.setButtonStyles\" data-wp-on-window--resize=\"callbacks.setButtonStyles\" src=\"https:\/\/slauschek.photography\/cms\/wp-content\/uploads\/2021\/04\/UW-01088-01-003-OPT-1623-300x200.jpg\" alt=\"\" class=\"wp-image-6642\"\/><button\n\t\t\tclass=\"lightbox-trigger\"\n\t\t\ttype=\"button\"\n\t\t\taria-haspopup=\"dialog\"\n\t\t\taria-label=\"Vergr\u00f6\u00dfern\"\n\t\t\tdata-wp-init=\"callbacks.initTriggerButton\"\n\t\t\tdata-wp-on--click=\"actions.showLightbox\"\n\t\t\tdata-wp-style--right=\"state.imageButtonRight\"\n\t\t\tdata-wp-style--top=\"state.imageButtonTop\"\n\t\t>\n\t\t\t<svg xmlns=\"http:\/\/www.w3.org\/2000\/svg\" width=\"12\" height=\"12\" fill=\"none\" viewBox=\"0 0 12 12\">\n\t\t\t\t<path fill=\"#fff\" d=\"M2 0a2 2 0 0 0-2 2v2h1.5V2a.5.5 0 0 1 .5-.5h2V0H2Zm2 10.5H2a.5.5 0 0 1-.5-.5V8H0v2a2 2 0 0 0 2 2h2v-1.5ZM8 12v-1.5h2a.5.5 0 0 0 .5-.5V8H12v2a2 2 0 0 1-2 2H8Zm2-12a2 2 0 0 1 2 2v2h-1.5V2a.5.5 0 0 0-.5-.5H8V0h2Z\" \/>\n\t\t\t<\/svg>\n\t\t<\/button><figcaption class=\"wp-element-caption\">Manta birostris &#8211; so beautiful &amp; impressive!<\/figcaption><\/figure>\n<\/div>\n\n\n<p>Eine solche F\u00fclle an Mantarochenbegegnungen gibt es fast nirgendwo auf der Welt. Und dann standen auch noch jene mit den richtig gro\u00dfen Exemplaren mit ca. 4-5m Fl\u00fcgelspannweite an der Tagesordnung. Und diese kann beim <a href=\"https:\/\/de.wikipedia.org\/wiki\/Riesenmanta\" target=\"_blank\" rel=\"noopener\"><em>Manta birostris<\/em><\/a> bis zu fast 7m (!!) betragen!<br>Bei den Tauchg\u00e4ngen am zweitber\u00fchmtesten Tauchplatz der Islas Revillagigedos, dem \u201eBoiler\u201c, herrscht regelrecht Mantagarantie und diese war bei unserem Trip auch zu 100% gegeben. Es schwamm zumindest ein Gigant zwischen den Tauchern herum und geno\u00df die \u201eLuftblasendusche\u201c, immer wieder zwei und manchmal auch drei. In ihrer Anmut sind diese Tiere meiner Meinung nach unter Wasser unerreicht. Es ist ein purer Genuss das selbst erleben zu d\u00fcrfen!<\/p>\n\n\n\n<p>Wenn man sich korrekt verh\u00e4lt, dann kann jede Minute mit den Riesenmantas so richtig ausgekostet werden. Und von den Tieren her gesehen auch\u2026<\/p>\n\n\n\n<p>Und das ist gar nicht schwer! Einfach frei im Wasser schweben und warten. Die Mantas kommen hautnah heran, schwimmen z.T. frontal auf einen zu und drehen dann kurz vor einem m\u00f6glichen Kontakt in eine Richtung ab. Der Abstand zwischen mir und Manta war in vielen F\u00e4llen vielleicht nur 10cm&#8230;und ich habe keinen Zentimeter davon bereut!&nbsp;<span class=\"_5mfr _47e3\"><span class=\"_7oe\">?<\/span><\/span> Ber\u00fchren ist nat\u00fcrlich nicht angesagt\u2026au\u00dfer die Mantas machen das von sich aus\u2026das ist mir jedoch bei allen Tauchg\u00e4ngen hier nie passiert.<\/p>\n\n\n\n<h1 class=\"wp-block-heading\"><strong>Roca Partida: Der bekannteste Tauchplatz der Islas Revillagigedos<\/strong><\/h1>\n\n\n<div class=\"wp-block-image\">\n<figure data-wp-context=\"{&quot;imageId&quot;:&quot;69f4dd71ea383&quot;}\" data-wp-interactive=\"core\/image\" data-wp-key=\"69f4dd71ea383\" class=\"alignleft size-medium wp-lightbox-container\"><img loading=\"lazy\" decoding=\"async\" width=\"300\" height=\"169\" data-wp-class--hide=\"state.isContentHidden\" data-wp-class--show=\"state.isContentVisible\" data-wp-init=\"callbacks.setButtonStyles\" data-wp-on--click=\"actions.showLightbox\" data-wp-on--load=\"callbacks.setButtonStyles\" data-wp-on-window--resize=\"callbacks.setButtonStyles\" src=\"https:\/\/slauschek.photography\/cms\/wp-content\/uploads\/2018\/08\/SPO0428-OPT-1625-300x169.jpg\" alt=\"\" class=\"wp-image-8073\"\/><button\n\t\t\tclass=\"lightbox-trigger\"\n\t\t\ttype=\"button\"\n\t\t\taria-haspopup=\"dialog\"\n\t\t\taria-label=\"Vergr\u00f6\u00dfern\"\n\t\t\tdata-wp-init=\"callbacks.initTriggerButton\"\n\t\t\tdata-wp-on--click=\"actions.showLightbox\"\n\t\t\tdata-wp-style--right=\"state.imageButtonRight\"\n\t\t\tdata-wp-style--top=\"state.imageButtonTop\"\n\t\t>\n\t\t\t<svg xmlns=\"http:\/\/www.w3.org\/2000\/svg\" width=\"12\" height=\"12\" fill=\"none\" viewBox=\"0 0 12 12\">\n\t\t\t\t<path fill=\"#fff\" d=\"M2 0a2 2 0 0 0-2 2v2h1.5V2a.5.5 0 0 1 .5-.5h2V0H2Zm2 10.5H2a.5.5 0 0 1-.5-.5V8H0v2a2 2 0 0 0 2 2h2v-1.5ZM8 12v-1.5h2a.5.5 0 0 0 .5-.5V8H12v2a2 2 0 0 1-2 2H8Zm2-12a2 2 0 0 1 2 2v2h-1.5V2a.5.5 0 0 0-.5-.5H8V0h2Z\" \/>\n\t\t\t<\/svg>\n\t\t<\/button><figcaption class=\"wp-element-caption\">Roca Partida &#8211; also fascinating above water.<\/figcaption><\/figure>\n<\/div>\n\n\n<p>Roca Partida ist die kleinste Insel der Islas de Revillagigedos und vollkommen unbewohnt. Sie ist nur 91m lang und 45m breit und stellt die Spitze eines erloschenen Vulkans dar, dessen Steilw\u00e4nde anfangs in eine Tiefe von etwa 500m und dann weiter bis zum Meeresboden, in ungef\u00e4hr 3.500m Tiefe abfallen. Roca Partida bedeutet auf Englisch \u201eSplit Rock\u201c also \u201egespaltener\/geteilter Felsen\u201c. Und das ist durch die Form nat\u00fcrlich eindeutig nachvollziehbar.<\/p>\n\n\n<div class=\"wp-block-image\">\n<figure data-wp-context=\"{&quot;imageId&quot;:&quot;69f4dd71ea744&quot;}\" data-wp-interactive=\"core\/image\" data-wp-key=\"69f4dd71ea744\" class=\"alignright size-medium wp-lightbox-container\"><img loading=\"lazy\" decoding=\"async\" width=\"300\" height=\"169\" data-wp-class--hide=\"state.isContentHidden\" data-wp-class--show=\"state.isContentVisible\" data-wp-init=\"callbacks.setButtonStyles\" data-wp-on--click=\"actions.showLightbox\" data-wp-on--load=\"callbacks.setButtonStyles\" data-wp-on-window--resize=\"callbacks.setButtonStyles\" src=\"https:\/\/slauschek.photography\/cms\/wp-content\/uploads\/2018\/08\/SPO0546-OPT-1626-300x169.jpg\" alt=\"\" class=\"wp-image-8075\"\/><button\n\t\t\tclass=\"lightbox-trigger\"\n\t\t\ttype=\"button\"\n\t\t\taria-haspopup=\"dialog\"\n\t\t\taria-label=\"Vergr\u00f6\u00dfern\"\n\t\t\tdata-wp-init=\"callbacks.initTriggerButton\"\n\t\t\tdata-wp-on--click=\"actions.showLightbox\"\n\t\t\tdata-wp-style--right=\"state.imageButtonRight\"\n\t\t\tdata-wp-style--top=\"state.imageButtonTop\"\n\t\t>\n\t\t\t<svg xmlns=\"http:\/\/www.w3.org\/2000\/svg\" width=\"12\" height=\"12\" fill=\"none\" viewBox=\"0 0 12 12\">\n\t\t\t\t<path fill=\"#fff\" d=\"M2 0a2 2 0 0 0-2 2v2h1.5V2a.5.5 0 0 1 .5-.5h2V0H2Zm2 10.5H2a.5.5 0 0 1-.5-.5V8H0v2a2 2 0 0 0 2 2h2v-1.5ZM8 12v-1.5h2a.5.5 0 0 0 .5-.5V8H12v2a2 2 0 0 1-2 2H8Zm2-12a2 2 0 0 1 2 2v2h-1.5V2a.5.5 0 0 0-.5-.5H8V0h2Z\" \/>\n\t\t\t<\/svg>\n\t\t<\/button><figcaption class=\"wp-element-caption\">Roca Partida &#8211; in the middle of nowhere.<\/figcaption><\/figure>\n<\/div>\n\n<div class=\"wp-block-image\">\n<figure data-wp-context=\"{&quot;imageId&quot;:&quot;69f4dd71eaaba&quot;}\" data-wp-interactive=\"core\/image\" data-wp-key=\"69f4dd71eaaba\" class=\"alignright size-medium wp-lightbox-container\"><img loading=\"lazy\" decoding=\"async\" width=\"200\" height=\"300\" data-wp-class--hide=\"state.isContentHidden\" data-wp-class--show=\"state.isContentVisible\" data-wp-init=\"callbacks.setButtonStyles\" data-wp-on--click=\"actions.showLightbox\" data-wp-on--load=\"callbacks.setButtonStyles\" data-wp-on-window--resize=\"callbacks.setButtonStyles\" src=\"https:\/\/slauschek.photography\/cms\/wp-content\/uploads\/2018\/08\/UW-01075-01-001-200x300.jpg\" alt=\"\" class=\"wp-image-8076\"\/><button\n\t\t\tclass=\"lightbox-trigger\"\n\t\t\ttype=\"button\"\n\t\t\taria-haspopup=\"dialog\"\n\t\t\taria-label=\"Vergr\u00f6\u00dfern\"\n\t\t\tdata-wp-init=\"callbacks.initTriggerButton\"\n\t\t\tdata-wp-on--click=\"actions.showLightbox\"\n\t\t\tdata-wp-style--right=\"state.imageButtonRight\"\n\t\t\tdata-wp-style--top=\"state.imageButtonTop\"\n\t\t>\n\t\t\t<svg xmlns=\"http:\/\/www.w3.org\/2000\/svg\" width=\"12\" height=\"12\" fill=\"none\" viewBox=\"0 0 12 12\">\n\t\t\t\t<path fill=\"#fff\" d=\"M2 0a2 2 0 0 0-2 2v2h1.5V2a.5.5 0 0 1 .5-.5h2V0H2Zm2 10.5H2a.5.5 0 0 1-.5-.5V8H0v2a2 2 0 0 0 2 2h2v-1.5ZM8 12v-1.5h2a.5.5 0 0 0 .5-.5V8H12v2a2 2 0 0 1-2 2H8Zm2-12a2 2 0 0 1 2 2v2h-1.5V2a.5.5 0 0 0-.5-.5H8V0h2Z\" \/>\n\t\t\t<\/svg>\n\t\t<\/button><figcaption class=\"wp-element-caption\">School of Jacks.<\/figcaption><\/figure>\n<\/div>\n\n\n<p>Das Tauchen vor Roca Partida stellte bei unserer Tour wieder einen der ganz besonderen taucherischen H\u00f6hepunkte dar.<\/p>\n\n\n\n<p>Da die Insel mitten im Pazifik liegt, bis zu Hauptinsel Socorro sind es etwas mehr als 100km, kann der Aufenthalt je nach Wetter- und Meeresbedingungen sehr angenehm oder \u00e4u\u00dferst unwirtlich sein.<\/p>\n\n\n\n<p>Geankert wird in ca. 75m Tiefe auf einem kleinen Plateau der Insel.<br>Das Tauchen bei Roca Partida is deshalb so besonders, weil die Insel so exponiert und str\u00f6mungstechnisch sehr vorteilhaft liegt. Hier trifft sich die High-Society der gro\u00dfen Meeresbewohner bei ihrer Durchreise.<\/p>\n\n\n\n<p>Die Insel dient als Futterplatz, Ruhest\u00e4tte, Putzerstation usw. Und das n\u00fctzen Mantas,<br>Hammerhaie, Walhaie, Buckelwale &amp; Co. sehr gerne.Es gab f\u00fcr uns ausreichend zu tun und zu sehen!<\/p>\n\n\n<div class=\"wp-block-image\">\n<figure data-wp-context=\"{&quot;imageId&quot;:&quot;69f4dd71eaee4&quot;}\" data-wp-interactive=\"core\/image\" data-wp-key=\"69f4dd71eaee4\" class=\"alignright size-medium wp-lightbox-container\"><img loading=\"lazy\" decoding=\"async\" width=\"300\" height=\"200\" data-wp-class--hide=\"state.isContentHidden\" data-wp-class--show=\"state.isContentVisible\" data-wp-init=\"callbacks.setButtonStyles\" data-wp-on--click=\"actions.showLightbox\" data-wp-on--load=\"callbacks.setButtonStyles\" data-wp-on-window--resize=\"callbacks.setButtonStyles\" src=\"https:\/\/slauschek.photography\/cms\/wp-content\/uploads\/2018\/08\/UW-01078-01-001-300x200.jpg\" alt=\"\" class=\"wp-image-8078\"\/><button\n\t\t\tclass=\"lightbox-trigger\"\n\t\t\ttype=\"button\"\n\t\t\taria-haspopup=\"dialog\"\n\t\t\taria-label=\"Vergr\u00f6\u00dfern\"\n\t\t\tdata-wp-init=\"callbacks.initTriggerButton\"\n\t\t\tdata-wp-on--click=\"actions.showLightbox\"\n\t\t\tdata-wp-style--right=\"state.imageButtonRight\"\n\t\t\tdata-wp-style--top=\"state.imageButtonTop\"\n\t\t>\n\t\t\t<svg xmlns=\"http:\/\/www.w3.org\/2000\/svg\" width=\"12\" height=\"12\" fill=\"none\" viewBox=\"0 0 12 12\">\n\t\t\t\t<path fill=\"#fff\" d=\"M2 0a2 2 0 0 0-2 2v2h1.5V2a.5.5 0 0 1 .5-.5h2V0H2Zm2 10.5H2a.5.5 0 0 1-.5-.5V8H0v2a2 2 0 0 0 2 2h2v-1.5ZM8 12v-1.5h2a.5.5 0 0 0 .5-.5V8H12v2a2 2 0 0 1-2 2H8Zm2-12a2 2 0 0 1 2 2v2h-1.5V2a.5.5 0 0 0-.5-.5H8V0h2Z\" \/>\n\t\t\t<\/svg>\n\t\t<\/button><figcaption class=\"wp-element-caption\">This Galapagos Shark had probably a few &#8220;harder contacts&#8221; with some bigger rivals.<\/figcaption><\/figure>\n<\/div>\n\n<div class=\"wp-block-image\">\n<figure data-wp-context=\"{&quot;imageId&quot;:&quot;69f4dd71eb27d&quot;}\" data-wp-interactive=\"core\/image\" data-wp-key=\"69f4dd71eb27d\" class=\"alignright size-medium wp-lightbox-container\"><img loading=\"lazy\" decoding=\"async\" width=\"300\" height=\"200\" data-wp-class--hide=\"state.isContentHidden\" data-wp-class--show=\"state.isContentVisible\" data-wp-init=\"callbacks.setButtonStyles\" data-wp-on--click=\"actions.showLightbox\" data-wp-on--load=\"callbacks.setButtonStyles\" data-wp-on-window--resize=\"callbacks.setButtonStyles\" src=\"https:\/\/slauschek.photography\/cms\/wp-content\/uploads\/2018\/08\/UW-01079-01-004-300x200.jpg\" alt=\"\" class=\"wp-image-8080\"\/><button\n\t\t\tclass=\"lightbox-trigger\"\n\t\t\ttype=\"button\"\n\t\t\taria-haspopup=\"dialog\"\n\t\t\taria-label=\"Vergr\u00f6\u00dfern\"\n\t\t\tdata-wp-init=\"callbacks.initTriggerButton\"\n\t\t\tdata-wp-on--click=\"actions.showLightbox\"\n\t\t\tdata-wp-style--right=\"state.imageButtonRight\"\n\t\t\tdata-wp-style--top=\"state.imageButtonTop\"\n\t\t>\n\t\t\t<svg xmlns=\"http:\/\/www.w3.org\/2000\/svg\" width=\"12\" height=\"12\" fill=\"none\" viewBox=\"0 0 12 12\">\n\t\t\t\t<path fill=\"#fff\" d=\"M2 0a2 2 0 0 0-2 2v2h1.5V2a.5.5 0 0 1 .5-.5h2V0H2Zm2 10.5H2a.5.5 0 0 1-.5-.5V8H0v2a2 2 0 0 0 2 2h2v-1.5ZM8 12v-1.5h2a.5.5 0 0 0 .5-.5V8H12v2a2 2 0 0 1-2 2H8Zm2-12a2 2 0 0 1 2 2v2h-1.5V2a.5.5 0 0 0-.5-.5H8V0h2Z\" \/>\n\t\t\t<\/svg>\n\t\t<\/button><figcaption class=\"wp-element-caption\">Whitetip Reefshark looking into the deep at a Roca Partida drop off.<\/figcaption><\/figure>\n<\/div>\n\n\n<p>Galapagoshaie, Seidenhaie, Wei\u00dfspitzenriffhaie im 20er Pack auf kleinen Felsvorsrpr\u00fcngen, Barrakudaschulen, riesige Makrelen- &amp; Thunfischschw\u00e4rme, jagende Wahoos sowie die faszinierenden Mantas machten jeden Tauchgang zu einem Erlebnis!<\/p>\n\n\n\n<p>Dazu kamen manchmal auch ganz interessante wogende Str\u00f6mungen in der N\u00e4he der Steilw\u00e4nde sowie die ganz besondere Stimmung beim Schweben im Blauwasser, mit ausgezeichneter Sicht die wieder zwischen 20m und 30m lag.<\/p>\n\n\n\n<p>Und die Wassertemperatur hatte angenehme 21-23\u00b0C.<\/p>\n\n\n\n<h1 class=\"wp-block-heading\"><strong>Besondere Programmpunkte an Bord der Nautilus Explorer<\/strong><\/h1>\n\n\n<div class=\"wp-block-image\">\n<figure data-wp-context=\"{&quot;imageId&quot;:&quot;69f4dd71eb694&quot;}\" data-wp-interactive=\"core\/image\" data-wp-key=\"69f4dd71eb694\" class=\"alignright size-medium wp-lightbox-container\"><img loading=\"lazy\" decoding=\"async\" width=\"300\" height=\"200\" data-wp-class--hide=\"state.isContentHidden\" data-wp-class--show=\"state.isContentVisible\" data-wp-init=\"callbacks.setButtonStyles\" data-wp-on--click=\"actions.showLightbox\" data-wp-on--load=\"callbacks.setButtonStyles\" data-wp-on-window--resize=\"callbacks.setButtonStyles\" src=\"https:\/\/slauschek.photography\/cms\/wp-content\/uploads\/2018\/08\/UW-01080-01-003-300x200.jpg\" alt=\"\" class=\"wp-image-8082\"\/><button\n\t\t\tclass=\"lightbox-trigger\"\n\t\t\ttype=\"button\"\n\t\t\taria-haspopup=\"dialog\"\n\t\t\taria-label=\"Vergr\u00f6\u00dfern\"\n\t\t\tdata-wp-init=\"callbacks.initTriggerButton\"\n\t\t\tdata-wp-on--click=\"actions.showLightbox\"\n\t\t\tdata-wp-style--right=\"state.imageButtonRight\"\n\t\t\tdata-wp-style--top=\"state.imageButtonTop\"\n\t\t>\n\t\t\t<svg xmlns=\"http:\/\/www.w3.org\/2000\/svg\" width=\"12\" height=\"12\" fill=\"none\" viewBox=\"0 0 12 12\">\n\t\t\t\t<path fill=\"#fff\" d=\"M2 0a2 2 0 0 0-2 2v2h1.5V2a.5.5 0 0 1 .5-.5h2V0H2Zm2 10.5H2a.5.5 0 0 1-.5-.5V8H0v2a2 2 0 0 0 2 2h2v-1.5ZM8 12v-1.5h2a.5.5 0 0 0 .5-.5V8H12v2a2 2 0 0 1-2 2H8Zm2-12a2 2 0 0 1 2 2v2h-1.5V2a.5.5 0 0 0-.5-.5H8V0h2Z\" \/>\n\t\t\t<\/svg>\n\t\t<\/button><figcaption class=\"wp-element-caption\">Hunting Wahoos are so incredible to watch!<\/figcaption><\/figure>\n<\/div>\n\n\n<p>An fast allen Abenden und manchmal auch bei den \u00dcberfahrten untertags, wurden \u00e4u\u00dferst interessante Vortr\u00e4ge zu Lebewesen der lokalen Unterwasserwelt (Mantas, Seel\u00f6wen, Clarion Angelfish, &#8230;) und deren Besonderheiten gehalten. Eine toller Programmpunkt der von allen G\u00e4sten begeistert aufgenommen wurde.<\/p>\n\n\n\n<p>An einem Abend hielt auch ich einen Vortrag. Zu meiner Art und Weise wie ich die Unterwasserfotografie aus\u00fcbe inkl. Hintergrundinfos, Tipps &amp; Tricks.<\/p>\n\n\n<div class=\"wp-block-image\">\n<figure data-wp-context=\"{&quot;imageId&quot;:&quot;69f4dd71eba65&quot;}\" data-wp-interactive=\"core\/image\" data-wp-key=\"69f4dd71eba65\" class=\"alignright size-medium wp-lightbox-container\"><img loading=\"lazy\" decoding=\"async\" width=\"300\" height=\"200\" data-wp-class--hide=\"state.isContentHidden\" data-wp-class--show=\"state.isContentVisible\" data-wp-init=\"callbacks.setButtonStyles\" data-wp-on--click=\"actions.showLightbox\" data-wp-on--load=\"callbacks.setButtonStyles\" data-wp-on-window--resize=\"callbacks.setButtonStyles\" src=\"https:\/\/slauschek.photography\/cms\/wp-content\/uploads\/2018\/08\/UW-01079-01-009-300x200.jpg\" alt=\"\" class=\"wp-image-8084\"\/><button\n\t\t\tclass=\"lightbox-trigger\"\n\t\t\ttype=\"button\"\n\t\t\taria-haspopup=\"dialog\"\n\t\t\taria-label=\"Vergr\u00f6\u00dfern\"\n\t\t\tdata-wp-init=\"callbacks.initTriggerButton\"\n\t\t\tdata-wp-on--click=\"actions.showLightbox\"\n\t\t\tdata-wp-style--right=\"state.imageButtonRight\"\n\t\t\tdata-wp-style--top=\"state.imageButtonTop\"\n\t\t>\n\t\t\t<svg xmlns=\"http:\/\/www.w3.org\/2000\/svg\" width=\"12\" height=\"12\" fill=\"none\" viewBox=\"0 0 12 12\">\n\t\t\t\t<path fill=\"#fff\" d=\"M2 0a2 2 0 0 0-2 2v2h1.5V2a.5.5 0 0 1 .5-.5h2V0H2Zm2 10.5H2a.5.5 0 0 1-.5-.5V8H0v2a2 2 0 0 0 2 2h2v-1.5ZM8 12v-1.5h2a.5.5 0 0 0 .5-.5V8H12v2a2 2 0 0 1-2 2H8Zm2-12a2 2 0 0 1 2 2v2h-1.5V2a.5.5 0 0 0-.5-.5H8V0h2Z\" \/>\n\t\t\t<\/svg>\n\t\t<\/button><figcaption class=\"wp-element-caption\">Hunting Jacks are also very interesting but a little bit less than Wahoos&#8230; ?<\/figcaption><\/figure>\n<\/div>\n\n\n<p>Ich hielt den knapp einst\u00fcndigenVortrag recht spontan und, auf Grund der internationalen G\u00e4ste, in Englisch. Es machte mir sehr viel Spa\u00df und meine Begeisterung f\u00e4rbte gl\u00fccklicher Weise auch auf mein Publikum ab&#8230;das Feedback danach war sehr motivierend&#8230;auch in Bezug auf die Wahl der Sprache. ?<\/p>\n\n\n\n<h1 class=\"wp-block-heading\"><strong>Traditionelles \u201eHailight\u201c:<br><\/strong><strong>Nachtschnorcheln mit Seidenhaien vor der Insel Socorro<\/strong><\/h1>\n\n\n<div class=\"wp-block-image\">\n<figure data-wp-context=\"{&quot;imageId&quot;:&quot;69f4dd71ebe24&quot;}\" data-wp-interactive=\"core\/image\" data-wp-key=\"69f4dd71ebe24\" class=\"alignright size-medium wp-lightbox-container\"><img loading=\"lazy\" decoding=\"async\" width=\"300\" height=\"200\" data-wp-class--hide=\"state.isContentHidden\" data-wp-class--show=\"state.isContentVisible\" data-wp-init=\"callbacks.setButtonStyles\" data-wp-on--click=\"actions.showLightbox\" data-wp-on--load=\"callbacks.setButtonStyles\" data-wp-on-window--resize=\"callbacks.setButtonStyles\" src=\"https:\/\/slauschek.photography\/cms\/wp-content\/uploads\/2021\/04\/UW-01083-01-016-300x200.jpg\" alt=\"\" class=\"wp-image-6640\"\/><button\n\t\t\tclass=\"lightbox-trigger\"\n\t\t\ttype=\"button\"\n\t\t\taria-haspopup=\"dialog\"\n\t\t\taria-label=\"Vergr\u00f6\u00dfern\"\n\t\t\tdata-wp-init=\"callbacks.initTriggerButton\"\n\t\t\tdata-wp-on--click=\"actions.showLightbox\"\n\t\t\tdata-wp-style--right=\"state.imageButtonRight\"\n\t\t\tdata-wp-style--top=\"state.imageButtonTop\"\n\t\t>\n\t\t\t<svg xmlns=\"http:\/\/www.w3.org\/2000\/svg\" width=\"12\" height=\"12\" fill=\"none\" viewBox=\"0 0 12 12\">\n\t\t\t\t<path fill=\"#fff\" d=\"M2 0a2 2 0 0 0-2 2v2h1.5V2a.5.5 0 0 1 .5-.5h2V0H2Zm2 10.5H2a.5.5 0 0 1-.5-.5V8H0v2a2 2 0 0 0 2 2h2v-1.5ZM8 12v-1.5h2a.5.5 0 0 0 .5-.5V8H12v2a2 2 0 0 1-2 2H8Zm2-12a2 2 0 0 1 2 2v2h-1.5V2a.5.5 0 0 0-.5-.5H8V0h2Z\" \/>\n\t\t\t<\/svg>\n\t\t<\/button><figcaption class=\"wp-element-caption\">Silky Shark swimming underneath&#8230;very interesting and a little bit embarassing&#8230; ?<\/figcaption><\/figure>\n<\/div>\n\n\n<p>Schnorcheln mit rund 15 Seidenhaien? Bei Nacht? Das war f\u00fcr einige Reiseteilnehmer vor der Reise kaum vorstellbar. Nach einem kurzen Briefing und dem einen oder anderen Feedback, entschlossen sich jedoch die meisten diesen ganz spezielle Erlebnis selbst auszuprobieren. Und sie waren begeistert! Nat\u00fcrlich war ein wenig Adrenalin mit einem kleinen Schuss \u201eAngst\u201c dabei, das Letztere relativierte sich jedoch recht schnell.<\/p>\n\n\n\n<p>Action pur und in keinster Weise gef\u00e4hrlich!<\/p>\n\n\n\n<p>Nat\u00fcrlich waren alle sehr achtsam, doch in dem Trubel war es kaum m\u00f6glich selbst den \u00dcberblick zu bewahren. Da auch die Diveguides im Wasser waren und mit viel \u00dcbersicht sowie Erfahrung unsere Aktionsradien hinter dem Schiff kontrollierten, kam es nie zu einer auch nur ann\u00e4hernd \u201eheiklen\u201c Situation. Die Seidenhaie waren zwar interessiert, jedoch auch selbst sehr vorsichtig. Da manche Haie Narben und Wunden hatten, war sehr gut erkennbar, dass es auch bei Haien sehr unterschiedliche Charaktere gibt.<\/p>\n\n\n<div class=\"wp-block-image\">\n<figure data-wp-context=\"{&quot;imageId&quot;:&quot;69f4dd71ec261&quot;}\" data-wp-interactive=\"core\/image\" data-wp-key=\"69f4dd71ec261\" class=\"alignright size-medium wp-lightbox-container\"><img loading=\"lazy\" decoding=\"async\" width=\"300\" height=\"200\" data-wp-class--hide=\"state.isContentHidden\" data-wp-class--show=\"state.isContentVisible\" data-wp-init=\"callbacks.setButtonStyles\" data-wp-on--click=\"actions.showLightbox\" data-wp-on--load=\"callbacks.setButtonStyles\" data-wp-on-window--resize=\"callbacks.setButtonStyles\" src=\"https:\/\/slauschek.photography\/cms\/wp-content\/uploads\/2018\/08\/UW-01083-01-015-300x200.jpg\" alt=\"\" class=\"wp-image-8087\"\/><button\n\t\t\tclass=\"lightbox-trigger\"\n\t\t\ttype=\"button\"\n\t\t\taria-haspopup=\"dialog\"\n\t\t\taria-label=\"Vergr\u00f6\u00dfern\"\n\t\t\tdata-wp-init=\"callbacks.initTriggerButton\"\n\t\t\tdata-wp-on--click=\"actions.showLightbox\"\n\t\t\tdata-wp-style--right=\"state.imageButtonRight\"\n\t\t\tdata-wp-style--top=\"state.imageButtonTop\"\n\t\t>\n\t\t\t<svg xmlns=\"http:\/\/www.w3.org\/2000\/svg\" width=\"12\" height=\"12\" fill=\"none\" viewBox=\"0 0 12 12\">\n\t\t\t\t<path fill=\"#fff\" d=\"M2 0a2 2 0 0 0-2 2v2h1.5V2a.5.5 0 0 1 .5-.5h2V0H2Zm2 10.5H2a.5.5 0 0 1-.5-.5V8H0v2a2 2 0 0 0 2 2h2v-1.5ZM8 12v-1.5h2a.5.5 0 0 0 .5-.5V8H12v2a2 2 0 0 1-2 2H8Zm2-12a2 2 0 0 1 2 2v2h-1.5V2a.5.5 0 0 0-.5-.5H8V0h2Z\" \/>\n\t\t\t<\/svg>\n\t\t<\/button><\/figure>\n<\/div>\n\n\n<p>Nach ca. 1,5 Stunden wurden die \u201eHaifestspiele\u201c f\u00fcr beendet erkl\u00e4rt und die enthusiastischen Apr\u00e9s-Gespr\u00e4che an Bord der Nautilus Explorer er\u00f6ffnet. Da musste ja so Einiges mitgeteilt werden&#8230; ?<\/p>\n\n\n\n<h1 class=\"wp-block-heading\"><strong>Das pers\u00f6nliche Highlight im Taucherleben eines Reiseteilnehmers<\/strong><\/h1>\n\n\n<div class=\"wp-block-image\">\n<figure data-wp-context=\"{&quot;imageId&quot;:&quot;69f4dd71ec68e&quot;}\" data-wp-interactive=\"core\/image\" data-wp-key=\"69f4dd71ec68e\" class=\"alignright size-medium wp-lightbox-container\"><img loading=\"lazy\" decoding=\"async\" width=\"300\" height=\"200\" data-wp-class--hide=\"state.isContentHidden\" data-wp-class--show=\"state.isContentVisible\" data-wp-init=\"callbacks.setButtonStyles\" data-wp-on--click=\"actions.showLightbox\" data-wp-on--load=\"callbacks.setButtonStyles\" data-wp-on-window--resize=\"callbacks.setButtonStyles\" src=\"https:\/\/slauschek.photography\/cms\/wp-content\/uploads\/2018\/08\/UW-01087-01-002-300x200.jpg\" alt=\"\" class=\"wp-image-8088\"\/><button\n\t\t\tclass=\"lightbox-trigger\"\n\t\t\ttype=\"button\"\n\t\t\taria-haspopup=\"dialog\"\n\t\t\taria-label=\"Vergr\u00f6\u00dfern\"\n\t\t\tdata-wp-init=\"callbacks.initTriggerButton\"\n\t\t\tdata-wp-on--click=\"actions.showLightbox\"\n\t\t\tdata-wp-style--right=\"state.imageButtonRight\"\n\t\t\tdata-wp-style--top=\"state.imageButtonTop\"\n\t\t>\n\t\t\t<svg xmlns=\"http:\/\/www.w3.org\/2000\/svg\" width=\"12\" height=\"12\" fill=\"none\" viewBox=\"0 0 12 12\">\n\t\t\t\t<path fill=\"#fff\" d=\"M2 0a2 2 0 0 0-2 2v2h1.5V2a.5.5 0 0 1 .5-.5h2V0H2Zm2 10.5H2a.5.5 0 0 1-.5-.5V8H0v2a2 2 0 0 0 2 2h2v-1.5ZM8 12v-1.5h2a.5.5 0 0 0 .5-.5V8H12v2a2 2 0 0 1-2 2H8Zm2-12a2 2 0 0 1 2 2v2h-1.5V2a.5.5 0 0 0-.5-.5H8V0h2Z\" \/>\n\t\t\t<\/svg>\n\t\t<\/button><figcaption class=\"wp-element-caption\">Lucky to be the first diver in the tunnel&#8230;nice photo opportunity.<\/figcaption><\/figure>\n<\/div>\n\n\n<p>Vor der Insel San Benedicto gibt es einen Tauchplatz der eigentlich recht wenig bekannt, jedoch bei den passenden Tauchbedingungen \u00e4u\u00dferst interessant ist: \u201eCuevitas\u201c.<\/p>\n\n\n\n<p>Ein kleiner Tunnel durch einen Felsen, wundersch\u00f6ne Felsformationen im Sandboden, eher geringe Tiefe und Unterwasserlebewesen die man bei einer Reise zu den Islas Revillagigedos nicht vordergr\u00fcndig sucht, zeichnen diesen Tauchplatz aus.<\/p>\n\n\n<div class=\"wp-block-image\">\n<figure data-wp-context=\"{&quot;imageId&quot;:&quot;69f4dd71eca6c&quot;}\" data-wp-interactive=\"core\/image\" data-wp-key=\"69f4dd71eca6c\" class=\"alignleft size-medium wp-lightbox-container\"><img loading=\"lazy\" decoding=\"async\" width=\"300\" height=\"200\" data-wp-class--hide=\"state.isContentHidden\" data-wp-class--show=\"state.isContentVisible\" data-wp-init=\"callbacks.setButtonStyles\" data-wp-on--click=\"actions.showLightbox\" data-wp-on--load=\"callbacks.setButtonStyles\" data-wp-on-window--resize=\"callbacks.setButtonStyles\" src=\"https:\/\/slauschek.photography\/cms\/wp-content\/uploads\/2018\/08\/UW-01087-01-004-300x200.jpg\" alt=\"\" class=\"wp-image-8089\"\/><button\n\t\t\tclass=\"lightbox-trigger\"\n\t\t\ttype=\"button\"\n\t\t\taria-haspopup=\"dialog\"\n\t\t\taria-label=\"Vergr\u00f6\u00dfern\"\n\t\t\tdata-wp-init=\"callbacks.initTriggerButton\"\n\t\t\tdata-wp-on--click=\"actions.showLightbox\"\n\t\t\tdata-wp-style--right=\"state.imageButtonRight\"\n\t\t\tdata-wp-style--top=\"state.imageButtonTop\"\n\t\t>\n\t\t\t<svg xmlns=\"http:\/\/www.w3.org\/2000\/svg\" width=\"12\" height=\"12\" fill=\"none\" viewBox=\"0 0 12 12\">\n\t\t\t\t<path fill=\"#fff\" d=\"M2 0a2 2 0 0 0-2 2v2h1.5V2a.5.5 0 0 1 .5-.5h2V0H2Zm2 10.5H2a.5.5 0 0 1-.5-.5V8H0v2a2 2 0 0 0 2 2h2v-1.5ZM8 12v-1.5h2a.5.5 0 0 0 .5-.5V8H12v2a2 2 0 0 1-2 2H8Zm2-12a2 2 0 0 1 2 2v2h-1.5V2a.5.5 0 0 0-.5-.5H8V0h2Z\" \/>\n\t\t\t<\/svg>\n\t\t<\/button><figcaption class=\"wp-element-caption\">So impressive rocks on the sandy bottom at &#8220;Cuevitas&#8221;.<\/figcaption><\/figure>\n<\/div>\n\n\n<p>Und gerade bei diesem kam es zum \u201eTauchgang des Lebens\u201c meines Kabinenpartners, dem sympathischen Wolfgang aus Ober\u00f6sterreich.<\/p>\n\n\n\n<p>Ein wundersch\u00f6ner Manta blieb unserer Tauchgruppe f\u00fcr fast eine halbe Stunde im ca. 10-15m Wassertiefe \u00fcber dem Sandboden sehr freundlich gewogen.<\/p>\n\n\n<div class=\"wp-block-image\">\n<figure data-wp-context=\"{&quot;imageId&quot;:&quot;69f4dd71ece67&quot;}\" data-wp-interactive=\"core\/image\" data-wp-key=\"69f4dd71ece67\" class=\"alignright size-medium wp-lightbox-container\"><img loading=\"lazy\" decoding=\"async\" width=\"300\" height=\"200\" data-wp-class--hide=\"state.isContentHidden\" data-wp-class--show=\"state.isContentVisible\" data-wp-init=\"callbacks.setButtonStyles\" data-wp-on--click=\"actions.showLightbox\" data-wp-on--load=\"callbacks.setButtonStyles\" data-wp-on-window--resize=\"callbacks.setButtonStyles\" src=\"https:\/\/slauschek.photography\/cms\/wp-content\/uploads\/2021\/04\/UW-01088-01-011-300x200.jpg\" alt=\"\" class=\"wp-image-6645\"\/><button\n\t\t\tclass=\"lightbox-trigger\"\n\t\t\ttype=\"button\"\n\t\t\taria-haspopup=\"dialog\"\n\t\t\taria-label=\"Vergr\u00f6\u00dfern\"\n\t\t\tdata-wp-init=\"callbacks.initTriggerButton\"\n\t\t\tdata-wp-on--click=\"actions.showLightbox\"\n\t\t\tdata-wp-style--right=\"state.imageButtonRight\"\n\t\t\tdata-wp-style--top=\"state.imageButtonTop\"\n\t\t>\n\t\t\t<svg xmlns=\"http:\/\/www.w3.org\/2000\/svg\" width=\"12\" height=\"12\" fill=\"none\" viewBox=\"0 0 12 12\">\n\t\t\t\t<path fill=\"#fff\" d=\"M2 0a2 2 0 0 0-2 2v2h1.5V2a.5.5 0 0 1 .5-.5h2V0H2Zm2 10.5H2a.5.5 0 0 1-.5-.5V8H0v2a2 2 0 0 0 2 2h2v-1.5ZM8 12v-1.5h2a.5.5 0 0 0 .5-.5V8H12v2a2 2 0 0 1-2 2H8Zm2-12a2 2 0 0 1 2 2v2h-1.5V2a.5.5 0 0 0-.5-.5H8V0h2Z\" \/>\n\t\t\t<\/svg>\n\t\t<\/button><figcaption class=\"wp-element-caption\">Hypnotic Manta! ?<\/figcaption><\/figure>\n<\/div>\n\n\n<p>Er drehte seine Runden, besuchte jeden einzelnen Taucher unserer Gruppe und hatte einige Zeit lang Wolfgang in seinem Schlepptau. Wolfgang folgte dem Manta vollkommen tiefenentspannt, vielleicht sogar in einer Art \u201eAlphazustand\u201c und war zu diesem Zeitpunkt, sichtbar der gl\u00fccklichste Taucher auf der Welt. Sein \u201eSMILE\u201c den er in seinem Gesicht v\u00f6llig authentisch zur Schau stellte war auch beim Dinner noch nicht verschwunden. Und ich glaube, dass in der Nacht nach dem Tauchgang sein strahlendes Gesicht sogar unsere dunkle Kabine ein wenig erhellte&#8230; ?<\/p>\n\n\n<div class=\"wp-block-image\">\n<figure data-wp-context=\"{&quot;imageId&quot;:&quot;69f4dd71ed2a5&quot;}\" data-wp-interactive=\"core\/image\" data-wp-key=\"69f4dd71ed2a5\" class=\"alignright size-medium wp-lightbox-container\"><img loading=\"lazy\" decoding=\"async\" width=\"300\" height=\"200\" data-wp-class--hide=\"state.isContentHidden\" data-wp-class--show=\"state.isContentVisible\" data-wp-init=\"callbacks.setButtonStyles\" data-wp-on--click=\"actions.showLightbox\" data-wp-on--load=\"callbacks.setButtonStyles\" data-wp-on-window--resize=\"callbacks.setButtonStyles\" src=\"https:\/\/slauschek.photography\/cms\/wp-content\/uploads\/2021\/04\/UW-01088-01-008-300x200.jpg\" alt=\"\" class=\"wp-image-6643\"\/><button\n\t\t\tclass=\"lightbox-trigger\"\n\t\t\ttype=\"button\"\n\t\t\taria-haspopup=\"dialog\"\n\t\t\taria-label=\"Vergr\u00f6\u00dfern\"\n\t\t\tdata-wp-init=\"callbacks.initTriggerButton\"\n\t\t\tdata-wp-on--click=\"actions.showLightbox\"\n\t\t\tdata-wp-style--right=\"state.imageButtonRight\"\n\t\t\tdata-wp-style--top=\"state.imageButtonTop\"\n\t\t>\n\t\t\t<svg xmlns=\"http:\/\/www.w3.org\/2000\/svg\" width=\"12\" height=\"12\" fill=\"none\" viewBox=\"0 0 12 12\">\n\t\t\t\t<path fill=\"#fff\" d=\"M2 0a2 2 0 0 0-2 2v2h1.5V2a.5.5 0 0 1 .5-.5h2V0H2Zm2 10.5H2a.5.5 0 0 1-.5-.5V8H0v2a2 2 0 0 0 2 2h2v-1.5ZM8 12v-1.5h2a.5.5 0 0 0 .5-.5V8H12v2a2 2 0 0 1-2 2H8Zm2-12a2 2 0 0 1 2 2v2h-1.5V2a.5.5 0 0 0-.5-.5H8V0h2Z\" \/>\n\t\t\t<\/svg>\n\t\t<\/button><figcaption class=\"wp-element-caption\">Wolfgangs dream came true!<\/figcaption><\/figure>\n<\/div>\n\n\n<p>Da ich Wolfgang im Gegenlicht senkrecht von unten, wundersch\u00f6n hinter \u201eseinem\u201c Manta fotografieren konnte und er dieses Foto liebt, bin ich sicher, dass ein gro\u00dfformatiges Bild in seinem Haus oder B\u00fcro, immer wieder ein L\u00e4cheln in Wolfgangs Gesicht zaubern wird. ?<\/p>\n\n\n\n<h1 class=\"wp-block-heading\"><strong>Finale der Tour: Die Seel\u00f6wen in der Sea of Cortez<\/strong><\/h1>\n\n\n<div class=\"wp-block-image\">\n<figure data-wp-context=\"{&quot;imageId&quot;:&quot;69f4dd71ed718&quot;}\" data-wp-interactive=\"core\/image\" data-wp-key=\"69f4dd71ed718\" class=\"alignright size-medium wp-lightbox-container\"><img loading=\"lazy\" decoding=\"async\" width=\"300\" height=\"200\" data-wp-class--hide=\"state.isContentHidden\" data-wp-class--show=\"state.isContentVisible\" data-wp-init=\"callbacks.setButtonStyles\" data-wp-on--click=\"actions.showLightbox\" data-wp-on--load=\"callbacks.setButtonStyles\" data-wp-on-window--resize=\"callbacks.setButtonStyles\" src=\"https:\/\/slauschek.photography\/cms\/wp-content\/uploads\/2018\/08\/UW-01091-01-041-300x200.jpg\" alt=\"\" class=\"wp-image-8091\"\/><button\n\t\t\tclass=\"lightbox-trigger\"\n\t\t\ttype=\"button\"\n\t\t\taria-haspopup=\"dialog\"\n\t\t\taria-label=\"Vergr\u00f6\u00dfern\"\n\t\t\tdata-wp-init=\"callbacks.initTriggerButton\"\n\t\t\tdata-wp-on--click=\"actions.showLightbox\"\n\t\t\tdata-wp-style--right=\"state.imageButtonRight\"\n\t\t\tdata-wp-style--top=\"state.imageButtonTop\"\n\t\t>\n\t\t\t<svg xmlns=\"http:\/\/www.w3.org\/2000\/svg\" width=\"12\" height=\"12\" fill=\"none\" viewBox=\"0 0 12 12\">\n\t\t\t\t<path fill=\"#fff\" d=\"M2 0a2 2 0 0 0-2 2v2h1.5V2a.5.5 0 0 1 .5-.5h2V0H2Zm2 10.5H2a.5.5 0 0 1-.5-.5V8H0v2a2 2 0 0 0 2 2h2v-1.5ZM8 12v-1.5h2a.5.5 0 0 0 .5-.5V8H12v2a2 2 0 0 1-2 2H8Zm2-12a2 2 0 0 1 2 2v2h-1.5V2a.5.5 0 0 0-.5-.5H8V0h2Z\" \/>\n\t\t\t<\/svg>\n\t\t<\/button><figcaption class=\"wp-element-caption\">Not much playing but fast moving Sealions in the Sea of Cortez.<\/figcaption><\/figure>\n<\/div>\n\n<div class=\"wp-block-image\">\n<figure data-wp-context=\"{&quot;imageId&quot;:&quot;69f4dd71edaf2&quot;}\" data-wp-interactive=\"core\/image\" data-wp-key=\"69f4dd71edaf2\" class=\"alignright size-medium wp-lightbox-container\"><img loading=\"lazy\" decoding=\"async\" width=\"300\" height=\"200\" data-wp-class--hide=\"state.isContentHidden\" data-wp-class--show=\"state.isContentVisible\" data-wp-init=\"callbacks.setButtonStyles\" data-wp-on--click=\"actions.showLightbox\" data-wp-on--load=\"callbacks.setButtonStyles\" data-wp-on-window--resize=\"callbacks.setButtonStyles\" src=\"https:\/\/slauschek.photography\/cms\/wp-content\/uploads\/2018\/08\/AH180528_1196-300x200.jpg\" alt=\"\" class=\"wp-image-8093\"\/><button\n\t\t\tclass=\"lightbox-trigger\"\n\t\t\ttype=\"button\"\n\t\t\taria-haspopup=\"dialog\"\n\t\t\taria-label=\"Vergr\u00f6\u00dfern\"\n\t\t\tdata-wp-init=\"callbacks.initTriggerButton\"\n\t\t\tdata-wp-on--click=\"actions.showLightbox\"\n\t\t\tdata-wp-style--right=\"state.imageButtonRight\"\n\t\t\tdata-wp-style--top=\"state.imageButtonTop\"\n\t\t>\n\t\t\t<svg xmlns=\"http:\/\/www.w3.org\/2000\/svg\" width=\"12\" height=\"12\" fill=\"none\" viewBox=\"0 0 12 12\">\n\t\t\t\t<path fill=\"#fff\" d=\"M2 0a2 2 0 0 0-2 2v2h1.5V2a.5.5 0 0 1 .5-.5h2V0H2Zm2 10.5H2a.5.5 0 0 1-.5-.5V8H0v2a2 2 0 0 0 2 2h2v-1.5ZM8 12v-1.5h2a.5.5 0 0 0 .5-.5V8H12v2a2 2 0 0 1-2 2H8Zm2-12a2 2 0 0 1 2 2v2h-1.5V2a.5.5 0 0 0-.5-.5H8V0h2Z\" \/>\n\t\t\t<\/svg>\n\t\t<\/button><figcaption class=\"wp-element-caption\">Harald Slauschek | Slauschek.Photography @work Photo: \u00a9 Andreas Hausensteiner<\/figcaption><\/figure>\n<\/div>\n\n\n<p>Nachdem es das Wetter bzw. der Seegang bei der R\u00fcckfahrt von den Islas Revillagigedos in Richtung Baja California &amp; Sea of Cortez nicht so gut mit uns meinte, brauchten wir bedeutend l\u00e4nger als geplant. Dadurch reduzierte sich die Tauchtageanzahl in der Sea of Cortez leider auf einen einzigen statt der geplanten zwei.<\/p>\n\n\n\n<p>Es waren jedoch trotzdem sehr gute Tauchg\u00e4nge bei den ber\u00fchmten Seel\u00f6wen in dieser Region.<\/p>\n\n\n\n<p>Und somit endete unsere Tour so wie sie begonnen hatte, mit \u00e4u\u00dferst zufriedenen Reiseteilnehmern. Und das war das Wichtigste f\u00fcr den Reiseveranstalter Waterworld sowie f\u00fcr mich als begleitenden Waterworld FotoPRO.<\/p>\n\n\n\n<h1 class=\"wp-block-heading\"><strong>Fazit<\/strong><\/h1>\n\n\n<div class=\"wp-block-image\">\n<figure data-wp-context=\"{&quot;imageId&quot;:&quot;69f4dd71ee036&quot;}\" data-wp-interactive=\"core\/image\" data-wp-key=\"69f4dd71ee036\" class=\"alignright size-medium wp-lightbox-container\"><img loading=\"lazy\" decoding=\"async\" width=\"300\" height=\"169\" data-wp-class--hide=\"state.isContentHidden\" data-wp-class--show=\"state.isContentVisible\" data-wp-init=\"callbacks.setButtonStyles\" data-wp-on--click=\"actions.showLightbox\" data-wp-on--load=\"callbacks.setButtonStyles\" data-wp-on-window--resize=\"callbacks.setButtonStyles\" src=\"https:\/\/slauschek.photography\/cms\/wp-content\/uploads\/2018\/08\/SPO0831-OPT-1627-300x169.jpg\" alt=\"\" class=\"wp-image-8094\"\/><button\n\t\t\tclass=\"lightbox-trigger\"\n\t\t\ttype=\"button\"\n\t\t\taria-haspopup=\"dialog\"\n\t\t\taria-label=\"Vergr\u00f6\u00dfern\"\n\t\t\tdata-wp-init=\"callbacks.initTriggerButton\"\n\t\t\tdata-wp-on--click=\"actions.showLightbox\"\n\t\t\tdata-wp-style--right=\"state.imageButtonRight\"\n\t\t\tdata-wp-style--top=\"state.imageButtonTop\"\n\t\t>\n\t\t\t<svg xmlns=\"http:\/\/www.w3.org\/2000\/svg\" width=\"12\" height=\"12\" fill=\"none\" viewBox=\"0 0 12 12\">\n\t\t\t\t<path fill=\"#fff\" d=\"M2 0a2 2 0 0 0-2 2v2h1.5V2a.5.5 0 0 1 .5-.5h2V0H2Zm2 10.5H2a.5.5 0 0 1-.5-.5V8H0v2a2 2 0 0 0 2 2h2v-1.5ZM8 12v-1.5h2a.5.5 0 0 0 .5-.5V8H12v2a2 2 0 0 1-2 2H8Zm2-12a2 2 0 0 1 2 2v2h-1.5V2a.5.5 0 0 0-.5-.5H8V0h2Z\" \/>\n\t\t\t<\/svg>\n\t\t<\/button><figcaption class=\"wp-element-caption\">Very nice guests and an the excellent staff of the M.Y. Nautilus Explorer&#8230;thx a lot for being part of this trip! ?<\/figcaption><\/figure>\n<\/div>\n\n\n<p>Die Islas Revillagigedos sind garantiert mehr als nur einen Besuch wert! Im Selbstversuch getestet und als zutreffend befunden! <span class=\"_5mfr _47e3\"><span class=\"_7oe\">?<\/span><\/span><\/p>\n\n\n\n<p>Und ich \u00fcberlege derzeit noch, ob ich einen dritten Trip zu diesem einzigartigen Archipel auf meine Agenda setzen sollte. Von der Qualit\u00e4t der Tauchpl\u00e4tze und der Nautilus Explorer inkl. Crew w\u00e4re das eigentlich nur eine rein theoretische Frage&#8230;aber die Zeit und die eigenen Projekte inkl. der daf\u00fcr notwendigen Zeitplanungen stellen das noch in Frage&#8230;aber schauen wir einmal&#8230;&nbsp;<span class=\"_5mfr _47e3\"><span class=\"_7oe\">?<\/span><\/span><\/p>\n\n\n\n<p>Also gilt wieder der Abschlu\u00dfsatz meiner letzten Reise zu den Islas Revillagigedos im Jahr 2015: <em>\u201eAdi\u00f3s Mexico! Vielleicht sehen wir uns ja wieder!\u201c ?<br><\/em><\/p>\n\n\n\n<h1 class=\"wp-block-heading\"><strong>Diverse Informationen<\/strong><\/h1>\n\n\n\n<p><strong>Underwater photo equipment<\/strong>: <a href=\"http:\/\/www.subal.com\" target=\"_blank\" rel=\"noopener\">SUBAL Underwater Camera Housings<\/a> | <a href=\"http:\/\/www.subtronic.de\" target=\"_blank\" rel=\"noopener\">Subtronic GmbH strobes and light<\/a> | <a href=\"http:\/\/www.reikle.de\" target=\"_blank\" rel=\"noopener\">REIKLE strobe arms<\/a><br><strong>Photo equipment:<\/strong> <a href=\"http:\/\/www.nikon.at\" target=\"_blank\" rel=\"noopener\">Nikon<\/a><br><strong>Diving\/snorkeling equipment<\/strong>: <a href=\"https:\/\/www.mares.com\/de-AT\/home\/\" target=\"_blank\" rel=\"noopener\">MARES &#8211; just add water<\/a>&nbsp; | <a href=\"https:\/\/www.facebook.com\/MARESpureinstinct\/\" target=\"_blank\" rel=\"noopener\">Mares Pure Instinct<\/a><strong><br>Trip organized by<\/strong>: <a href=\"https:\/\/www.waterworld.at\" target=\"_blank\" rel=\"noopener\">Waterworld Werner Thiele KG<\/a><br><strong>Liveaboard<\/strong>: <a href=\"http:\/\/www.nautilusliveaboards.com\" target=\"_blank\" rel=\"noopener\">M.Y. Nautilus Explorer<\/a><\/p>\n\n\n\n<p><em>Text &amp; Fotos:<\/em><br>\u00a9 Harald Slauschek | <a href=\"https:\/\/slauschek.photography\">Slauschek.Photography<\/a><\/p>\n","protected":false},"excerpt":{"rendered":"<p>Was spricht f\u00fcr die Qualit\u00e4t eines Tauchgebietes? F\u00fcr mich auf jeden Fall, dass ich dort unbedingt wieder hin m\u00f6chte&#8230; ?<br \/>\nIn meiner Funktion als FotoPRO f\u00fcr das auf Tauchreisen in die besten Tauchregionen unseres Planeten spezialisierte Unternehmen Waterworld &#8211; feel the elements, begleitete ich im Februar 2015 eine Gruppe von Tauchern zu den Islas Revillagigedos die ca. 260 Seemeilen s\u00fcdwestlich der Halbinsel Baja California (=Niederkalifornien; Mexiko) inmitten des Pazifik liegen. Dieser Archipel wird meist mit seiner Hauptinsel Socorro gleichgesetzt und namentlich daher oft so bezeichnet. Er besteht konkret aus den Inseln Socorro, Clarion, Roca Partida und San Benedicto.<\/p>\n","protected":false},"author":2,"featured_media":6643,"comment_status":"open","ping_status":"closed","sticky":false,"template":"","format":"gallery","meta":{"jetpack_post_was_ever_published":false,"_jetpack_newsletter_access":"","_jetpack_dont_email_post_to_subs":false,"_jetpack_newsletter_tier_id":0,"_jetpack_memberships_contains_paywalled_content":false,"_jetpack_memberships_contains_paid_content":false,"footnotes":""},"categories":[161,194,129,171],"tags":[120,128,162,145,146,163,147,149,114,130],"class_list":["post-1266","post","type-post","status-publish","format-gallery","has-post-thumbnail","hentry","category-islas-revillagigedos","category-mexiko","category-reisen","category-socorro","tag-fotos","tag-harald-slauschek","tag-islas-revillagigedos","tag-mexiko","tag-reisen","tag-slauschek-photography","tag-socorro","tag-tauchen","tag-unterwasserfotos","tag-waterworld","post_format-post-format-gallery"],"yoast_head":"<!-- This site is optimized with the Yoast SEO plugin v27.4 - https:\/\/yoast.com\/product\/yoast-seo-wordpress\/ -->\n<title>Islas Revillagigedos &amp; Sea of Cortez 2018 - Slauschek.Photography<\/title>\n<meta name=\"robots\" content=\"index, follow, max-snippet:-1, max-image-preview:large, max-video-preview:-1\" \/>\n<link rel=\"canonical\" href=\"https:\/\/slauschek.photography\/cms\/islas-revillagigedos-sea-of-cortez-2018-1266\/\" \/>\n<meta property=\"og:locale\" content=\"de_DE\" \/>\n<meta property=\"og:type\" content=\"article\" \/>\n<meta property=\"og:title\" content=\"Islas Revillagigedos &amp; Sea of Cortez 2018 - Slauschek.Photography\" \/>\n<meta property=\"og:description\" content=\"Was spricht f\u00fcr die Qualit\u00e4t eines Tauchgebietes? F\u00fcr mich auf jeden Fall, dass ich dort unbedingt wieder hin m\u00f6chte... ? In meiner Funktion als FotoPRO f\u00fcr das auf Tauchreisen in die besten Tauchregionen unseres Planeten spezialisierte Unternehmen Waterworld - feel the elements, begleitete ich im Februar 2015 eine Gruppe von Tauchern zu den Islas Revillagigedos die ca. 260 Seemeilen s\u00fcdwestlich der Halbinsel Baja California (=Niederkalifornien; Mexiko) inmitten des Pazifik liegen. Dieser Archipel wird meist mit seiner Hauptinsel Socorro gleichgesetzt und namentlich daher oft so bezeichnet. Er besteht konkret aus den Inseln Socorro, Clarion, Roca Partida und San Benedicto.\" \/>\n<meta property=\"og:url\" content=\"https:\/\/slauschek.photography\/cms\/islas-revillagigedos-sea-of-cortez-2018-1266\/\" \/>\n<meta property=\"og:site_name\" content=\"Slauschek.Photography\" \/>\n<meta property=\"article:published_time\" content=\"2018-08-13T12:47:15+00:00\" \/>\n<meta property=\"article:modified_time\" content=\"2024-05-29T11:32:32+00:00\" \/>\n<meta property=\"og:image\" content=\"https:\/\/slauschek.photography\/cms\/wp-content\/uploads\/2021\/04\/UW-01088-01-008.jpg\" \/>\n\t<meta property=\"og:image:width\" content=\"1500\" \/>\n\t<meta property=\"og:image:height\" content=\"1000\" \/>\n\t<meta property=\"og:image:type\" content=\"image\/jpeg\" \/>\n<meta name=\"author\" content=\"Harald Slauschek\" \/>\n<meta name=\"twitter:card\" content=\"summary_large_image\" \/>\n<meta name=\"twitter:label1\" content=\"Verfasst von\" \/>\n\t<meta name=\"twitter:data1\" content=\"Harald Slauschek\" \/>\n\t<meta name=\"twitter:label2\" content=\"Gesch\u00e4tzte Lesezeit\" \/>\n\t<meta name=\"twitter:data2\" content=\"19\u00a0Minuten\" \/>\n<script type=\"application\/ld+json\" class=\"yoast-schema-graph\">{\"@context\":\"https:\\\/\\\/schema.org\",\"@graph\":[{\"@type\":\"Article\",\"@id\":\"https:\\\/\\\/slauschek.photography\\\/cms\\\/islas-revillagigedos-sea-of-cortez-2018-1266\\\/#article\",\"isPartOf\":{\"@id\":\"https:\\\/\\\/slauschek.photography\\\/cms\\\/islas-revillagigedos-sea-of-cortez-2018-1266\\\/\"},\"author\":{\"name\":\"Harald Slauschek\",\"@id\":\"https:\\\/\\\/slauschek.photography\\\/cms\\\/#\\\/schema\\\/person\\\/ef602f3dfc5a0bd727ea4ce6b73b3701\"},\"headline\":\"Islas Revillagigedos &#038; Sea of Cortez 2018\",\"datePublished\":\"2018-08-13T12:47:15+00:00\",\"dateModified\":\"2024-05-29T11:32:32+00:00\",\"mainEntityOfPage\":{\"@id\":\"https:\\\/\\\/slauschek.photography\\\/cms\\\/islas-revillagigedos-sea-of-cortez-2018-1266\\\/\"},\"wordCount\":2481,\"commentCount\":0,\"image\":{\"@id\":\"https:\\\/\\\/slauschek.photography\\\/cms\\\/islas-revillagigedos-sea-of-cortez-2018-1266\\\/#primaryimage\"},\"thumbnailUrl\":\"https:\\\/\\\/slauschek.photography\\\/cms\\\/wp-content\\\/uploads\\\/2021\\\/04\\\/UW-01088-01-008.jpg\",\"keywords\":[\"Fotos\",\"Harald Slauschek\",\"Islas Revillagigedos\",\"Mexiko\",\"Reisen\",\"Slauschek.Photography\",\"Socorro\",\"Tauchen\",\"Unterwasserfotos\",\"Waterworld\"],\"articleSection\":[\"Islas Revillagigedos\",\"Mexiko\",\"Reisen\",\"Socorro\"],\"inLanguage\":\"de\",\"potentialAction\":[{\"@type\":\"CommentAction\",\"name\":\"Comment\",\"target\":[\"https:\\\/\\\/slauschek.photography\\\/cms\\\/islas-revillagigedos-sea-of-cortez-2018-1266\\\/#respond\"]}]},{\"@type\":\"WebPage\",\"@id\":\"https:\\\/\\\/slauschek.photography\\\/cms\\\/islas-revillagigedos-sea-of-cortez-2018-1266\\\/\",\"url\":\"https:\\\/\\\/slauschek.photography\\\/cms\\\/islas-revillagigedos-sea-of-cortez-2018-1266\\\/\",\"name\":\"Islas Revillagigedos & Sea of Cortez 2018 - Slauschek.Photography\",\"isPartOf\":{\"@id\":\"https:\\\/\\\/slauschek.photography\\\/cms\\\/#website\"},\"primaryImageOfPage\":{\"@id\":\"https:\\\/\\\/slauschek.photography\\\/cms\\\/islas-revillagigedos-sea-of-cortez-2018-1266\\\/#primaryimage\"},\"image\":{\"@id\":\"https:\\\/\\\/slauschek.photography\\\/cms\\\/islas-revillagigedos-sea-of-cortez-2018-1266\\\/#primaryimage\"},\"thumbnailUrl\":\"https:\\\/\\\/slauschek.photography\\\/cms\\\/wp-content\\\/uploads\\\/2021\\\/04\\\/UW-01088-01-008.jpg\",\"datePublished\":\"2018-08-13T12:47:15+00:00\",\"dateModified\":\"2024-05-29T11:32:32+00:00\",\"author\":{\"@id\":\"https:\\\/\\\/slauschek.photography\\\/cms\\\/#\\\/schema\\\/person\\\/ef602f3dfc5a0bd727ea4ce6b73b3701\"},\"breadcrumb\":{\"@id\":\"https:\\\/\\\/slauschek.photography\\\/cms\\\/islas-revillagigedos-sea-of-cortez-2018-1266\\\/#breadcrumb\"},\"inLanguage\":\"de\",\"potentialAction\":[{\"@type\":\"ReadAction\",\"target\":[\"https:\\\/\\\/slauschek.photography\\\/cms\\\/islas-revillagigedos-sea-of-cortez-2018-1266\\\/\"]}]},{\"@type\":\"ImageObject\",\"inLanguage\":\"de\",\"@id\":\"https:\\\/\\\/slauschek.photography\\\/cms\\\/islas-revillagigedos-sea-of-cortez-2018-1266\\\/#primaryimage\",\"url\":\"https:\\\/\\\/slauschek.photography\\\/cms\\\/wp-content\\\/uploads\\\/2021\\\/04\\\/UW-01088-01-008.jpg\",\"contentUrl\":\"https:\\\/\\\/slauschek.photography\\\/cms\\\/wp-content\\\/uploads\\\/2021\\\/04\\\/UW-01088-01-008.jpg\",\"width\":1500,\"height\":1000},{\"@type\":\"BreadcrumbList\",\"@id\":\"https:\\\/\\\/slauschek.photography\\\/cms\\\/islas-revillagigedos-sea-of-cortez-2018-1266\\\/#breadcrumb\",\"itemListElement\":[{\"@type\":\"ListItem\",\"position\":1,\"name\":\"Startseite\",\"item\":\"https:\\\/\\\/slauschek.photography\\\/cms\\\/\"},{\"@type\":\"ListItem\",\"position\":2,\"name\":\"Islas Revillagigedos &#038; Sea of Cortez 2018\"}]},{\"@type\":\"WebSite\",\"@id\":\"https:\\\/\\\/slauschek.photography\\\/cms\\\/#website\",\"url\":\"https:\\\/\\\/slauschek.photography\\\/cms\\\/\",\"name\":\"Slauschek.Photography\",\"description\":\"Passion meets profession!\",\"potentialAction\":[{\"@type\":\"SearchAction\",\"target\":{\"@type\":\"EntryPoint\",\"urlTemplate\":\"https:\\\/\\\/slauschek.photography\\\/cms\\\/?s={search_term_string}\"},\"query-input\":{\"@type\":\"PropertyValueSpecification\",\"valueRequired\":true,\"valueName\":\"search_term_string\"}}],\"inLanguage\":\"de\"},{\"@type\":\"Person\",\"@id\":\"https:\\\/\\\/slauschek.photography\\\/cms\\\/#\\\/schema\\\/person\\\/ef602f3dfc5a0bd727ea4ce6b73b3701\",\"name\":\"Harald Slauschek\",\"image\":{\"@type\":\"ImageObject\",\"inLanguage\":\"de\",\"@id\":\"https:\\\/\\\/secure.gravatar.com\\\/avatar\\\/926ae54bb219acef952c24e6fe85583cf86e05d2f17df8d10a57a502b06920ef?s=96&d=mm&r=g\",\"url\":\"https:\\\/\\\/secure.gravatar.com\\\/avatar\\\/926ae54bb219acef952c24e6fe85583cf86e05d2f17df8d10a57a502b06920ef?s=96&d=mm&r=g\",\"contentUrl\":\"https:\\\/\\\/secure.gravatar.com\\\/avatar\\\/926ae54bb219acef952c24e6fe85583cf86e05d2f17df8d10a57a502b06920ef?s=96&d=mm&r=g\",\"caption\":\"Harald Slauschek\"},\"url\":\"https:\\\/\\\/slauschek.photography\\\/cms\\\/author\\\/hshark\\\/\"}]}<\/script>\n<!-- \/ Yoast SEO plugin. -->","yoast_head_json":{"title":"Islas Revillagigedos & Sea of Cortez 2018 - Slauschek.Photography","robots":{"index":"index","follow":"follow","max-snippet":"max-snippet:-1","max-image-preview":"max-image-preview:large","max-video-preview":"max-video-preview:-1"},"canonical":"https:\/\/slauschek.photography\/cms\/islas-revillagigedos-sea-of-cortez-2018-1266\/","og_locale":"de_DE","og_type":"article","og_title":"Islas Revillagigedos & Sea of Cortez 2018 - Slauschek.Photography","og_description":"Was spricht f\u00fcr die Qualit\u00e4t eines Tauchgebietes? F\u00fcr mich auf jeden Fall, dass ich dort unbedingt wieder hin m\u00f6chte... ? In meiner Funktion als FotoPRO f\u00fcr das auf Tauchreisen in die besten Tauchregionen unseres Planeten spezialisierte Unternehmen Waterworld - feel the elements, begleitete ich im Februar 2015 eine Gruppe von Tauchern zu den Islas Revillagigedos die ca. 260 Seemeilen s\u00fcdwestlich der Halbinsel Baja California (=Niederkalifornien; Mexiko) inmitten des Pazifik liegen. Dieser Archipel wird meist mit seiner Hauptinsel Socorro gleichgesetzt und namentlich daher oft so bezeichnet. Er besteht konkret aus den Inseln Socorro, Clarion, Roca Partida und San Benedicto.","og_url":"https:\/\/slauschek.photography\/cms\/islas-revillagigedos-sea-of-cortez-2018-1266\/","og_site_name":"Slauschek.Photography","article_published_time":"2018-08-13T12:47:15+00:00","article_modified_time":"2024-05-29T11:32:32+00:00","og_image":[{"width":1500,"height":1000,"url":"https:\/\/slauschek.photography\/cms\/wp-content\/uploads\/2021\/04\/UW-01088-01-008.jpg","type":"image\/jpeg"}],"author":"Harald Slauschek","twitter_card":"summary_large_image","twitter_misc":{"Verfasst von":"Harald Slauschek","Gesch\u00e4tzte Lesezeit":"19\u00a0Minuten"},"schema":{"@context":"https:\/\/schema.org","@graph":[{"@type":"Article","@id":"https:\/\/slauschek.photography\/cms\/islas-revillagigedos-sea-of-cortez-2018-1266\/#article","isPartOf":{"@id":"https:\/\/slauschek.photography\/cms\/islas-revillagigedos-sea-of-cortez-2018-1266\/"},"author":{"name":"Harald Slauschek","@id":"https:\/\/slauschek.photography\/cms\/#\/schema\/person\/ef602f3dfc5a0bd727ea4ce6b73b3701"},"headline":"Islas Revillagigedos &#038; Sea of Cortez 2018","datePublished":"2018-08-13T12:47:15+00:00","dateModified":"2024-05-29T11:32:32+00:00","mainEntityOfPage":{"@id":"https:\/\/slauschek.photography\/cms\/islas-revillagigedos-sea-of-cortez-2018-1266\/"},"wordCount":2481,"commentCount":0,"image":{"@id":"https:\/\/slauschek.photography\/cms\/islas-revillagigedos-sea-of-cortez-2018-1266\/#primaryimage"},"thumbnailUrl":"https:\/\/slauschek.photography\/cms\/wp-content\/uploads\/2021\/04\/UW-01088-01-008.jpg","keywords":["Fotos","Harald Slauschek","Islas Revillagigedos","Mexiko","Reisen","Slauschek.Photography","Socorro","Tauchen","Unterwasserfotos","Waterworld"],"articleSection":["Islas Revillagigedos","Mexiko","Reisen","Socorro"],"inLanguage":"de","potentialAction":[{"@type":"CommentAction","name":"Comment","target":["https:\/\/slauschek.photography\/cms\/islas-revillagigedos-sea-of-cortez-2018-1266\/#respond"]}]},{"@type":"WebPage","@id":"https:\/\/slauschek.photography\/cms\/islas-revillagigedos-sea-of-cortez-2018-1266\/","url":"https:\/\/slauschek.photography\/cms\/islas-revillagigedos-sea-of-cortez-2018-1266\/","name":"Islas Revillagigedos & Sea of Cortez 2018 - Slauschek.Photography","isPartOf":{"@id":"https:\/\/slauschek.photography\/cms\/#website"},"primaryImageOfPage":{"@id":"https:\/\/slauschek.photography\/cms\/islas-revillagigedos-sea-of-cortez-2018-1266\/#primaryimage"},"image":{"@id":"https:\/\/slauschek.photography\/cms\/islas-revillagigedos-sea-of-cortez-2018-1266\/#primaryimage"},"thumbnailUrl":"https:\/\/slauschek.photography\/cms\/wp-content\/uploads\/2021\/04\/UW-01088-01-008.jpg","datePublished":"2018-08-13T12:47:15+00:00","dateModified":"2024-05-29T11:32:32+00:00","author":{"@id":"https:\/\/slauschek.photography\/cms\/#\/schema\/person\/ef602f3dfc5a0bd727ea4ce6b73b3701"},"breadcrumb":{"@id":"https:\/\/slauschek.photography\/cms\/islas-revillagigedos-sea-of-cortez-2018-1266\/#breadcrumb"},"inLanguage":"de","potentialAction":[{"@type":"ReadAction","target":["https:\/\/slauschek.photography\/cms\/islas-revillagigedos-sea-of-cortez-2018-1266\/"]}]},{"@type":"ImageObject","inLanguage":"de","@id":"https:\/\/slauschek.photography\/cms\/islas-revillagigedos-sea-of-cortez-2018-1266\/#primaryimage","url":"https:\/\/slauschek.photography\/cms\/wp-content\/uploads\/2021\/04\/UW-01088-01-008.jpg","contentUrl":"https:\/\/slauschek.photography\/cms\/wp-content\/uploads\/2021\/04\/UW-01088-01-008.jpg","width":1500,"height":1000},{"@type":"BreadcrumbList","@id":"https:\/\/slauschek.photography\/cms\/islas-revillagigedos-sea-of-cortez-2018-1266\/#breadcrumb","itemListElement":[{"@type":"ListItem","position":1,"name":"Startseite","item":"https:\/\/slauschek.photography\/cms\/"},{"@type":"ListItem","position":2,"name":"Islas Revillagigedos &#038; Sea of Cortez 2018"}]},{"@type":"WebSite","@id":"https:\/\/slauschek.photography\/cms\/#website","url":"https:\/\/slauschek.photography\/cms\/","name":"Slauschek.Photography","description":"Passion meets profession!","potentialAction":[{"@type":"SearchAction","target":{"@type":"EntryPoint","urlTemplate":"https:\/\/slauschek.photography\/cms\/?s={search_term_string}"},"query-input":{"@type":"PropertyValueSpecification","valueRequired":true,"valueName":"search_term_string"}}],"inLanguage":"de"},{"@type":"Person","@id":"https:\/\/slauschek.photography\/cms\/#\/schema\/person\/ef602f3dfc5a0bd727ea4ce6b73b3701","name":"Harald Slauschek","image":{"@type":"ImageObject","inLanguage":"de","@id":"https:\/\/secure.gravatar.com\/avatar\/926ae54bb219acef952c24e6fe85583cf86e05d2f17df8d10a57a502b06920ef?s=96&d=mm&r=g","url":"https:\/\/secure.gravatar.com\/avatar\/926ae54bb219acef952c24e6fe85583cf86e05d2f17df8d10a57a502b06920ef?s=96&d=mm&r=g","contentUrl":"https:\/\/secure.gravatar.com\/avatar\/926ae54bb219acef952c24e6fe85583cf86e05d2f17df8d10a57a502b06920ef?s=96&d=mm&r=g","caption":"Harald Slauschek"},"url":"https:\/\/slauschek.photography\/cms\/author\/hshark\/"}]}},"jetpack_featured_media_url":"https:\/\/slauschek.photography\/cms\/wp-content\/uploads\/2021\/04\/UW-01088-01-008.jpg","jetpack_sharing_enabled":true,"_links":{"self":[{"href":"https:\/\/slauschek.photography\/cms\/wp-json\/wp\/v2\/posts\/1266","targetHints":{"allow":["GET"]}}],"collection":[{"href":"https:\/\/slauschek.photography\/cms\/wp-json\/wp\/v2\/posts"}],"about":[{"href":"https:\/\/slauschek.photography\/cms\/wp-json\/wp\/v2\/types\/post"}],"author":[{"embeddable":true,"href":"https:\/\/slauschek.photography\/cms\/wp-json\/wp\/v2\/users\/2"}],"replies":[{"embeddable":true,"href":"https:\/\/slauschek.photography\/cms\/wp-json\/wp\/v2\/comments?post=1266"}],"version-history":[{"count":18,"href":"https:\/\/slauschek.photography\/cms\/wp-json\/wp\/v2\/posts\/1266\/revisions"}],"predecessor-version":[{"id":9610,"href":"https:\/\/slauschek.photography\/cms\/wp-json\/wp\/v2\/posts\/1266\/revisions\/9610"}],"wp:featuredmedia":[{"embeddable":true,"href":"https:\/\/slauschek.photography\/cms\/wp-json\/wp\/v2\/media\/6643"}],"wp:attachment":[{"href":"https:\/\/slauschek.photography\/cms\/wp-json\/wp\/v2\/media?parent=1266"}],"wp:term":[{"taxonomy":"category","embeddable":true,"href":"https:\/\/slauschek.photography\/cms\/wp-json\/wp\/v2\/categories?post=1266"},{"taxonomy":"post_tag","embeddable":true,"href":"https:\/\/slauschek.photography\/cms\/wp-json\/wp\/v2\/tags?post=1266"}],"curies":[{"name":"wp","href":"https:\/\/api.w.org\/{rel}","templated":true}]}}