{"id":1572,"date":"2019-01-23T13:30:25","date_gmt":"2019-01-23T12:30:25","guid":{"rendered":"http:\/\/www.h2o-photography.com\/wp\/?p=1572"},"modified":"2024-05-29T13:28:24","modified_gmt":"2024-05-29T11:28:24","slug":"100-happy-birthday-prof-dr-hans-hass","status":"publish","type":"post","link":"https:\/\/slauschek.photography\/cms\/100-happy-birthday-prof-dr-hans-hass-1572\/","title":{"rendered":"100! Happy Birthday Prof. Dr. Hans Hass"},"content":{"rendered":"<div class=\"wp-block-image\">\n<figure data-wp-context=\"{&quot;imageId&quot;:&quot;69f469fb310d4&quot;}\" data-wp-interactive=\"core\/image\" data-wp-key=\"69f469fb310d4\" class=\"alignright size-medium wp-lightbox-container\"><img loading=\"lazy\" decoding=\"async\" width=\"300\" height=\"300\" data-wp-class--hide=\"state.isContentHidden\" data-wp-class--show=\"state.isContentVisible\" data-wp-init=\"callbacks.setButtonStyles\" data-wp-on--click=\"actions.showLightbox\" data-wp-on--load=\"callbacks.setButtonStyles\" data-wp-on-window--resize=\"callbacks.setButtonStyles\" src=\"https:\/\/slauschek.photography\/cms\/wp-content\/uploads\/2019\/01\/Hans-Hass-20071228-052-2-300x300.jpg\" alt=\"\" class=\"wp-image-7586\"\/><button\n\t\t\tclass=\"lightbox-trigger\"\n\t\t\ttype=\"button\"\n\t\t\taria-haspopup=\"dialog\"\n\t\t\taria-label=\"Vergr\u00f6\u00dfern\"\n\t\t\tdata-wp-init=\"callbacks.initTriggerButton\"\n\t\t\tdata-wp-on--click=\"actions.showLightbox\"\n\t\t\tdata-wp-style--right=\"state.imageButtonRight\"\n\t\t\tdata-wp-style--top=\"state.imageButtonTop\"\n\t\t>\n\t\t\t<svg xmlns=\"http:\/\/www.w3.org\/2000\/svg\" width=\"12\" height=\"12\" fill=\"none\" viewBox=\"0 0 12 12\">\n\t\t\t\t<path fill=\"#fff\" d=\"M2 0a2 2 0 0 0-2 2v2h1.5V2a.5.5 0 0 1 .5-.5h2V0H2Zm2 10.5H2a.5.5 0 0 1-.5-.5V8H0v2a2 2 0 0 0 2 2h2v-1.5ZM8 12v-1.5h2a.5.5 0 0 0 .5-.5V8H12v2a2 2 0 0 1-2 2H8Zm2-12a2 2 0 0 1 2 2v2h-1.5V2a.5.5 0 0 0-.5-.5H8V0h2Z\" \/>\n\t\t\t<\/svg>\n\t\t<\/button><figcaption class=\"wp-element-caption\">Interview von Harald Slauschek mit Prof. Dr. Hans Hass am 28.12.2007 in Wien<\/figcaption><\/figure>\n<\/div>\n\n\n<p>Der gro\u00dfe \u00f6sterreichische Meeresforscher, Tauch- und Unterwasserfoto- sowie -filmpionier, <strong>Prof. Dr. Hans Hass, w\u00fcrde heute, den 23.01.2019, seinen 100. Geburtstag feiern!<\/strong> <br>Er war neben seinem \u201eRivalen\u201c, dem Franzosen, Jaques Yves Cousteau, der wichtigste <strong>Pionier unter Wasser<\/strong> und der <strong>Wegbereiter<\/strong> f\u00fcr die <strong>internationale Tauchindustrie<\/strong> sowie eine <strong>ganz spezielle Art die Meerestiere zu erforschen<\/strong>: Als Fisch unter Fischen, um seine eigenen Wort zu verwenden.<\/p>\n\n\n\n<!--more-->\n\n\n<div class=\"wp-block-image\">\n<figure data-wp-context=\"{&quot;imageId&quot;:&quot;69f469fb31608&quot;}\" data-wp-interactive=\"core\/image\" data-wp-key=\"69f469fb31608\" class=\"alignleft size-medium wp-lightbox-container\"><img loading=\"lazy\" decoding=\"async\" width=\"300\" height=\"201\" data-wp-class--hide=\"state.isContentHidden\" data-wp-class--show=\"state.isContentVisible\" data-wp-init=\"callbacks.setButtonStyles\" data-wp-on--click=\"actions.showLightbox\" data-wp-on--load=\"callbacks.setButtonStyles\" data-wp-on-window--resize=\"callbacks.setButtonStyles\" src=\"https:\/\/slauschek.photography\/cms\/wp-content\/uploads\/2019\/01\/Hans-Hass-20071228-005-300x201.jpg\" alt=\"\" class=\"wp-image-7582\"\/><button\n\t\t\tclass=\"lightbox-trigger\"\n\t\t\ttype=\"button\"\n\t\t\taria-haspopup=\"dialog\"\n\t\t\taria-label=\"Vergr\u00f6\u00dfern\"\n\t\t\tdata-wp-init=\"callbacks.initTriggerButton\"\n\t\t\tdata-wp-on--click=\"actions.showLightbox\"\n\t\t\tdata-wp-style--right=\"state.imageButtonRight\"\n\t\t\tdata-wp-style--top=\"state.imageButtonTop\"\n\t\t>\n\t\t\t<svg xmlns=\"http:\/\/www.w3.org\/2000\/svg\" width=\"12\" height=\"12\" fill=\"none\" viewBox=\"0 0 12 12\">\n\t\t\t\t<path fill=\"#fff\" d=\"M2 0a2 2 0 0 0-2 2v2h1.5V2a.5.5 0 0 1 .5-.5h2V0H2Zm2 10.5H2a.5.5 0 0 1-.5-.5V8H0v2a2 2 0 0 0 2 2h2v-1.5ZM8 12v-1.5h2a.5.5 0 0 0 .5-.5V8H12v2a2 2 0 0 1-2 2H8Zm2-12a2 2 0 0 1 2 2v2h-1.5V2a.5.5 0 0 0-.5-.5H8V0h2Z\" \/>\n\t\t\t<\/svg>\n\t\t<\/button><figcaption class=\"wp-element-caption\">Interview von Harald Slauschek mit Prof. Dr. Hans Hass am 28.12.2007 in Wien<\/figcaption><\/figure>\n<\/div>\n\n\n<p class=\"has-text-align-left\">Ich hatte im Laufe der Jahre die Ehre und das Vergn\u00fcgen, Prof. Dr. Hans Hass mehrmals pers\u00f6nlich zu treffen. ? <br><strong>Und am 28.12.2007 durfte ich ihn fast 1 1\/2 Stunden exklusiv interviewen.<\/strong> Das Interview war sehr spannend sowie interessant\u2026und sehr anstrengend f\u00fcr ihn als fast 89-j\u00e4hrigen Mann der so viel erlebt &amp; geschafft hat. Seine letzten, ermatteten Worte im Interview werde ich nie vergessen, <strong>O-Ton: &#8220;\u2026das l\u00e4ngste das ich also seit 20 Jahren gegeben habe!&#8221;<\/strong>\u2026 ?<\/p>\n\n\n<div class=\"wp-block-image\">\n<figure data-wp-context=\"{&quot;imageId&quot;:&quot;69f469fb31a95&quot;}\" data-wp-interactive=\"core\/image\" data-wp-key=\"69f469fb31a95\" class=\"alignright size-medium wp-lightbox-container\"><img loading=\"lazy\" decoding=\"async\" width=\"201\" height=\"300\" data-wp-class--hide=\"state.isContentHidden\" data-wp-class--show=\"state.isContentVisible\" data-wp-init=\"callbacks.setButtonStyles\" data-wp-on--click=\"actions.showLightbox\" data-wp-on--load=\"callbacks.setButtonStyles\" data-wp-on-window--resize=\"callbacks.setButtonStyles\" src=\"https:\/\/slauschek.photography\/cms\/wp-content\/uploads\/2019\/01\/Hans-Hass-20071228-055-201x300.jpg\" alt=\"\" class=\"wp-image-7588\"\/><button\n\t\t\tclass=\"lightbox-trigger\"\n\t\t\ttype=\"button\"\n\t\t\taria-haspopup=\"dialog\"\n\t\t\taria-label=\"Vergr\u00f6\u00dfern\"\n\t\t\tdata-wp-init=\"callbacks.initTriggerButton\"\n\t\t\tdata-wp-on--click=\"actions.showLightbox\"\n\t\t\tdata-wp-style--right=\"state.imageButtonRight\"\n\t\t\tdata-wp-style--top=\"state.imageButtonTop\"\n\t\t>\n\t\t\t<svg xmlns=\"http:\/\/www.w3.org\/2000\/svg\" width=\"12\" height=\"12\" fill=\"none\" viewBox=\"0 0 12 12\">\n\t\t\t\t<path fill=\"#fff\" d=\"M2 0a2 2 0 0 0-2 2v2h1.5V2a.5.5 0 0 1 .5-.5h2V0H2Zm2 10.5H2a.5.5 0 0 1-.5-.5V8H0v2a2 2 0 0 0 2 2h2v-1.5ZM8 12v-1.5h2a.5.5 0 0 0 .5-.5V8H12v2a2 2 0 0 1-2 2H8Zm2-12a2 2 0 0 1 2 2v2h-1.5V2a.5.5 0 0 0-.5-.5H8V0h2Z\" \/>\n\t\t\t<\/svg>\n\t\t<\/button><figcaption class=\"wp-element-caption\">Interview von Harald Slauschek mit Prof. Dr. Hans Hass am 28.12.2007 in Wien<\/figcaption><\/figure>\n<\/div>\n\n\n<p>Zu seinem 100. Geburtstag sollten seine gro\u00dfartigen Leistungen entsprechend gew\u00fcrdigt werden, damit er bei bestehenden sowie kommenden Generationen in verdienter Erinnerung bleibt. National und international! ?<\/p>\n\n\n\n<p>Prof. Dr. Hans Hass starb am 16.06.2013 im Alter von 94 Jahren in Wien.<\/p>\n\n\n\n<p>\u00a9 Fotos: <a rel=\"noreferrer noopener\" aria-label=\"Dieter Baumann (opens in a new tab)\" href=\"http:\/\/www.apneaplanet.com\" target=\"_blank\">Dieter Baumann<\/a> for <a rel=\"noreferrer noopener\" aria-label=\"Slauschek.Photography (opens in a new tab)\" href=\"http:\/\/www.slauschek.photography\" target=\"_blank\">Slauschek.Photography<\/a> &#8211; Harald Slauschek<\/p>\n\n\n\n<p>.<\/p>\n\n\n<div class=\"wp-block-image\">\n<figure data-wp-context=\"{&quot;imageId&quot;:&quot;69f469fb31f7c&quot;}\" data-wp-interactive=\"core\/image\" data-wp-key=\"69f469fb31f7c\" class=\"alignright size-medium wp-lightbox-container\"><img loading=\"lazy\" decoding=\"async\" width=\"300\" height=\"201\" data-wp-class--hide=\"state.isContentHidden\" data-wp-class--show=\"state.isContentVisible\" data-wp-init=\"callbacks.setButtonStyles\" data-wp-on--click=\"actions.showLightbox\" data-wp-on--load=\"callbacks.setButtonStyles\" data-wp-on-window--resize=\"callbacks.setButtonStyles\" src=\"https:\/\/slauschek.photography\/cms\/wp-content\/uploads\/2019\/01\/Hans-Hass-20071228-060-300x201.jpg\" alt=\"\" class=\"wp-image-7589\"\/><button\n\t\t\tclass=\"lightbox-trigger\"\n\t\t\ttype=\"button\"\n\t\t\taria-haspopup=\"dialog\"\n\t\t\taria-label=\"Vergr\u00f6\u00dfern\"\n\t\t\tdata-wp-init=\"callbacks.initTriggerButton\"\n\t\t\tdata-wp-on--click=\"actions.showLightbox\"\n\t\t\tdata-wp-style--right=\"state.imageButtonRight\"\n\t\t\tdata-wp-style--top=\"state.imageButtonTop\"\n\t\t>\n\t\t\t<svg xmlns=\"http:\/\/www.w3.org\/2000\/svg\" width=\"12\" height=\"12\" fill=\"none\" viewBox=\"0 0 12 12\">\n\t\t\t\t<path fill=\"#fff\" d=\"M2 0a2 2 0 0 0-2 2v2h1.5V2a.5.5 0 0 1 .5-.5h2V0H2Zm2 10.5H2a.5.5 0 0 1-.5-.5V8H0v2a2 2 0 0 0 2 2h2v-1.5ZM8 12v-1.5h2a.5.5 0 0 0 .5-.5V8H12v2a2 2 0 0 1-2 2H8Zm2-12a2 2 0 0 1 2 2v2h-1.5V2a.5.5 0 0 0-.5-.5H8V0h2Z\" \/>\n\t\t\t<\/svg>\n\t\t<\/button><figcaption class=\"wp-element-caption\">Interview von Harald Slauschek mit Prof. Dr. Hans Hass am 28.12.2007 in Wien<\/figcaption><\/figure>\n<\/div>\n\n<div class=\"wp-block-image\">\n<figure data-wp-context=\"{&quot;imageId&quot;:&quot;69f469fb3239f&quot;}\" data-wp-interactive=\"core\/image\" data-wp-key=\"69f469fb3239f\" class=\"alignright size-medium wp-lightbox-container\"><img loading=\"lazy\" decoding=\"async\" width=\"300\" height=\"201\" data-wp-class--hide=\"state.isContentHidden\" data-wp-class--show=\"state.isContentVisible\" data-wp-init=\"callbacks.setButtonStyles\" data-wp-on--click=\"actions.showLightbox\" data-wp-on--load=\"callbacks.setButtonStyles\" data-wp-on-window--resize=\"callbacks.setButtonStyles\" src=\"https:\/\/slauschek.photography\/cms\/wp-content\/uploads\/2019\/01\/Hans-Hass-20071228-047-300x201.jpg\" alt=\"\" class=\"wp-image-7584\"\/><button\n\t\t\tclass=\"lightbox-trigger\"\n\t\t\ttype=\"button\"\n\t\t\taria-haspopup=\"dialog\"\n\t\t\taria-label=\"Vergr\u00f6\u00dfern\"\n\t\t\tdata-wp-init=\"callbacks.initTriggerButton\"\n\t\t\tdata-wp-on--click=\"actions.showLightbox\"\n\t\t\tdata-wp-style--right=\"state.imageButtonRight\"\n\t\t\tdata-wp-style--top=\"state.imageButtonTop\"\n\t\t>\n\t\t\t<svg xmlns=\"http:\/\/www.w3.org\/2000\/svg\" width=\"12\" height=\"12\" fill=\"none\" viewBox=\"0 0 12 12\">\n\t\t\t\t<path fill=\"#fff\" d=\"M2 0a2 2 0 0 0-2 2v2h1.5V2a.5.5 0 0 1 .5-.5h2V0H2Zm2 10.5H2a.5.5 0 0 1-.5-.5V8H0v2a2 2 0 0 0 2 2h2v-1.5ZM8 12v-1.5h2a.5.5 0 0 0 .5-.5V8H12v2a2 2 0 0 1-2 2H8Zm2-12a2 2 0 0 1 2 2v2h-1.5V2a.5.5 0 0 0-.5-.5H8V0h2Z\" \/>\n\t\t\t<\/svg>\n\t\t<\/button><figcaption class=\"wp-element-caption\">Interview von Harald Slauschek mit Prof. Dr. Hans Hass am 28.12.2007 in Wien<\/figcaption><\/figure>\n<\/div>\n\n\n<p>.<\/p>\n\n\n\n<p>.<\/p>\n\n\n\n<p>.<\/p>\n\n\n\n<p>.<\/p>\n\n\n<div class=\"wp-block-image\">\n<figure data-wp-context=\"{&quot;imageId&quot;:&quot;69f469fb32874&quot;}\" data-wp-interactive=\"core\/image\" data-wp-key=\"69f469fb32874\" class=\"alignright size-medium wp-lightbox-container\"><img loading=\"lazy\" decoding=\"async\" width=\"300\" height=\"300\" data-wp-class--hide=\"state.isContentHidden\" data-wp-class--show=\"state.isContentVisible\" data-wp-init=\"callbacks.setButtonStyles\" data-wp-on--click=\"actions.showLightbox\" data-wp-on--load=\"callbacks.setButtonStyles\" data-wp-on-window--resize=\"callbacks.setButtonStyles\" src=\"https:\/\/slauschek.photography\/cms\/wp-content\/uploads\/2019\/01\/Hans-Hass-20071228-048-300x300.jpg\" alt=\"\" class=\"wp-image-7585\"\/><button\n\t\t\tclass=\"lightbox-trigger\"\n\t\t\ttype=\"button\"\n\t\t\taria-haspopup=\"dialog\"\n\t\t\taria-label=\"Vergr\u00f6\u00dfern\"\n\t\t\tdata-wp-init=\"callbacks.initTriggerButton\"\n\t\t\tdata-wp-on--click=\"actions.showLightbox\"\n\t\t\tdata-wp-style--right=\"state.imageButtonRight\"\n\t\t\tdata-wp-style--top=\"state.imageButtonTop\"\n\t\t>\n\t\t\t<svg xmlns=\"http:\/\/www.w3.org\/2000\/svg\" width=\"12\" height=\"12\" fill=\"none\" viewBox=\"0 0 12 12\">\n\t\t\t\t<path fill=\"#fff\" d=\"M2 0a2 2 0 0 0-2 2v2h1.5V2a.5.5 0 0 1 .5-.5h2V0H2Zm2 10.5H2a.5.5 0 0 1-.5-.5V8H0v2a2 2 0 0 0 2 2h2v-1.5ZM8 12v-1.5h2a.5.5 0 0 0 .5-.5V8H12v2a2 2 0 0 1-2 2H8Zm2-12a2 2 0 0 1 2 2v2h-1.5V2a.5.5 0 0 0-.5-.5H8V0h2Z\" \/>\n\t\t\t<\/svg>\n\t\t<\/button><figcaption class=\"wp-element-caption\">Interview von Harald Slauschek mit Prof. Dr. Hans Hass am 28.12.2007 in Wien<\/figcaption><\/figure>\n<\/div>\n\n<div class=\"wp-block-image\">\n<figure data-wp-context=\"{&quot;imageId&quot;:&quot;69f469fb32c9d&quot;}\" data-wp-interactive=\"core\/image\" data-wp-key=\"69f469fb32c9d\" class=\"alignright size-medium wp-lightbox-container\"><img loading=\"lazy\" decoding=\"async\" width=\"300\" height=\"201\" data-wp-class--hide=\"state.isContentHidden\" data-wp-class--show=\"state.isContentVisible\" data-wp-init=\"callbacks.setButtonStyles\" data-wp-on--click=\"actions.showLightbox\" data-wp-on--load=\"callbacks.setButtonStyles\" data-wp-on-window--resize=\"callbacks.setButtonStyles\" src=\"https:\/\/slauschek.photography\/cms\/wp-content\/uploads\/2019\/01\/Hans-Hass-20071228-065-300x201.jpg\" alt=\"\" class=\"wp-image-7590\"\/><button\n\t\t\tclass=\"lightbox-trigger\"\n\t\t\ttype=\"button\"\n\t\t\taria-haspopup=\"dialog\"\n\t\t\taria-label=\"Vergr\u00f6\u00dfern\"\n\t\t\tdata-wp-init=\"callbacks.initTriggerButton\"\n\t\t\tdata-wp-on--click=\"actions.showLightbox\"\n\t\t\tdata-wp-style--right=\"state.imageButtonRight\"\n\t\t\tdata-wp-style--top=\"state.imageButtonTop\"\n\t\t>\n\t\t\t<svg xmlns=\"http:\/\/www.w3.org\/2000\/svg\" width=\"12\" height=\"12\" fill=\"none\" viewBox=\"0 0 12 12\">\n\t\t\t\t<path fill=\"#fff\" d=\"M2 0a2 2 0 0 0-2 2v2h1.5V2a.5.5 0 0 1 .5-.5h2V0H2Zm2 10.5H2a.5.5 0 0 1-.5-.5V8H0v2a2 2 0 0 0 2 2h2v-1.5ZM8 12v-1.5h2a.5.5 0 0 0 .5-.5V8H12v2a2 2 0 0 1-2 2H8Zm2-12a2 2 0 0 1 2 2v2h-1.5V2a.5.5 0 0 0-.5-.5H8V0h2Z\" \/>\n\t\t\t<\/svg>\n\t\t<\/button><figcaption class=\"wp-element-caption\">Interview von Harald Slauschek mit Prof. Dr. Hans Hass am 28.12.2007 in Wien<\/figcaption><\/figure>\n<\/div>\n\n<div class=\"wp-block-image\">\n<figure data-wp-context=\"{&quot;imageId&quot;:&quot;69f469fb330c3&quot;}\" data-wp-interactive=\"core\/image\" data-wp-key=\"69f469fb330c3\" class=\"alignright size-medium wp-lightbox-container\"><img loading=\"lazy\" decoding=\"async\" width=\"300\" height=\"201\" data-wp-class--hide=\"state.isContentHidden\" data-wp-class--show=\"state.isContentVisible\" data-wp-init=\"callbacks.setButtonStyles\" data-wp-on--click=\"actions.showLightbox\" data-wp-on--load=\"callbacks.setButtonStyles\" data-wp-on-window--resize=\"callbacks.setButtonStyles\" src=\"https:\/\/slauschek.photography\/cms\/wp-content\/uploads\/2019\/01\/Hans-Hass-20071228-025-300x201.jpg\" alt=\"\" class=\"wp-image-7583\"\/><button\n\t\t\tclass=\"lightbox-trigger\"\n\t\t\ttype=\"button\"\n\t\t\taria-haspopup=\"dialog\"\n\t\t\taria-label=\"Vergr\u00f6\u00dfern\"\n\t\t\tdata-wp-init=\"callbacks.initTriggerButton\"\n\t\t\tdata-wp-on--click=\"actions.showLightbox\"\n\t\t\tdata-wp-style--right=\"state.imageButtonRight\"\n\t\t\tdata-wp-style--top=\"state.imageButtonTop\"\n\t\t>\n\t\t\t<svg xmlns=\"http:\/\/www.w3.org\/2000\/svg\" width=\"12\" height=\"12\" fill=\"none\" viewBox=\"0 0 12 12\">\n\t\t\t\t<path fill=\"#fff\" d=\"M2 0a2 2 0 0 0-2 2v2h1.5V2a.5.5 0 0 1 .5-.5h2V0H2Zm2 10.5H2a.5.5 0 0 1-.5-.5V8H0v2a2 2 0 0 0 2 2h2v-1.5ZM8 12v-1.5h2a.5.5 0 0 0 .5-.5V8H12v2a2 2 0 0 1-2 2H8Zm2-12a2 2 0 0 1 2 2v2h-1.5V2a.5.5 0 0 0-.5-.5H8V0h2Z\" \/>\n\t\t\t<\/svg>\n\t\t<\/button><figcaption class=\"wp-element-caption\">Interview von Harald Slauschek mit Prof. Dr. Hans Hass am 28.12.2007 in Wien<\/figcaption><\/figure>\n<\/div>","protected":false},"excerpt":{"rendered":"<p>Der gro\u00dfe \u00f6sterreichische Meeresforscher, Tauch- und Unterwasserfoto- sowie -filmpionier, Prof. Dr. Hans Hass, w\u00fcrde heute, den 23.01.2019, seinen 100. Geburtstag feiern!<br \/>\nEr war neben seinem \u201eRivalen\u201c, dem Franzosen, Jaques Yves Cousteau, der wichtigste Pionier unter Wasser und der Wegbereiter f\u00fcr die internationale Tauchindustrie sowie eine ganz spezielle Art die Meerestiere zu erforschen: Als Fisch unter Fischen, um seine eigenen Wort zu verwenden.<\/p>\n","protected":false},"author":2,"featured_media":7587,"comment_status":"open","ping_status":"closed","sticky":false,"template":"","format":"standard","meta":{"jetpack_post_was_ever_published":false,"_jetpack_newsletter_access":"","_jetpack_dont_email_post_to_subs":false,"_jetpack_newsletter_tier_id":0,"_jetpack_memberships_contains_paywalled_content":false,"_jetpack_memberships_contains_paid_content":false,"footnotes":""},"categories":[107],"tags":[102,103,104,105,128,106,163],"class_list":["post-1572","post","type-post","status-publish","format-standard","has-post-thumbnail","hentry","category-interviews","tag-anniversary","tag-birthday","tag-geburstag","tag-hans-hass","tag-harald-slauschek","tag-interview","tag-slauschek-photography"],"yoast_head":"<!-- This site is optimized with the Yoast SEO plugin v27.4 - https:\/\/yoast.com\/product\/yoast-seo-wordpress\/ -->\n<title>100! Happy Birthday Prof. Dr. Hans Hass - Slauschek.Photography<\/title>\n<meta name=\"robots\" content=\"index, follow, max-snippet:-1, max-image-preview:large, max-video-preview:-1\" \/>\n<link rel=\"canonical\" href=\"https:\/\/slauschek.photography\/cms\/100-happy-birthday-prof-dr-hans-hass-1572\/\" \/>\n<meta property=\"og:locale\" content=\"de_DE\" \/>\n<meta property=\"og:type\" content=\"article\" \/>\n<meta property=\"og:title\" content=\"100! Happy Birthday Prof. Dr. Hans Hass - Slauschek.Photography\" \/>\n<meta property=\"og:description\" content=\"Der gro\u00dfe \u00f6sterreichische Meeresforscher, Tauch- und Unterwasserfoto- sowie -filmpionier, Prof. Dr. Hans Hass, w\u00fcrde heute, den 23.01.2019, seinen 100. Geburtstag feiern! Er war neben seinem \u201eRivalen\u201c, dem Franzosen, Jaques Yves Cousteau, der wichtigste Pionier unter Wasser und der Wegbereiter f\u00fcr die internationale Tauchindustrie sowie eine ganz spezielle Art die Meerestiere zu erforschen: Als Fisch unter Fischen, um seine eigenen Wort zu verwenden.\" \/>\n<meta property=\"og:url\" content=\"https:\/\/slauschek.photography\/cms\/100-happy-birthday-prof-dr-hans-hass-1572\/\" \/>\n<meta property=\"og:site_name\" content=\"Slauschek.Photography\" \/>\n<meta property=\"article:published_time\" content=\"2019-01-23T12:30:25+00:00\" \/>\n<meta property=\"article:modified_time\" content=\"2024-05-29T11:28:24+00:00\" \/>\n<meta property=\"og:image\" content=\"https:\/\/slauschek.photography\/cms\/wp-content\/uploads\/2019\/01\/Hans-Hass-20071228-052.jpg\" \/>\n\t<meta property=\"og:image:width\" content=\"1500\" \/>\n\t<meta property=\"og:image:height\" content=\"1004\" \/>\n\t<meta property=\"og:image:type\" content=\"image\/jpeg\" \/>\n<meta name=\"author\" content=\"Harald Slauschek\" \/>\n<meta name=\"twitter:card\" content=\"summary_large_image\" \/>\n<meta name=\"twitter:label1\" content=\"Verfasst von\" \/>\n\t<meta name=\"twitter:data1\" content=\"Harald Slauschek\" \/>\n\t<meta name=\"twitter:label2\" content=\"Gesch\u00e4tzte Lesezeit\" \/>\n\t<meta name=\"twitter:data2\" content=\"4\u00a0Minuten\" \/>\n<script type=\"application\/ld+json\" class=\"yoast-schema-graph\">{\"@context\":\"https:\\\/\\\/schema.org\",\"@graph\":[{\"@type\":\"Article\",\"@id\":\"https:\\\/\\\/slauschek.photography\\\/cms\\\/100-happy-birthday-prof-dr-hans-hass-1572\\\/#article\",\"isPartOf\":{\"@id\":\"https:\\\/\\\/slauschek.photography\\\/cms\\\/100-happy-birthday-prof-dr-hans-hass-1572\\\/\"},\"author\":{\"name\":\"Harald Slauschek\",\"@id\":\"https:\\\/\\\/slauschek.photography\\\/cms\\\/#\\\/schema\\\/person\\\/ef602f3dfc5a0bd727ea4ce6b73b3701\"},\"headline\":\"100! Happy Birthday Prof. Dr. Hans Hass\",\"datePublished\":\"2019-01-23T12:30:25+00:00\",\"dateModified\":\"2024-05-29T11:28:24+00:00\",\"mainEntityOfPage\":{\"@id\":\"https:\\\/\\\/slauschek.photography\\\/cms\\\/100-happy-birthday-prof-dr-hans-hass-1572\\\/\"},\"wordCount\":288,\"commentCount\":0,\"image\":{\"@id\":\"https:\\\/\\\/slauschek.photography\\\/cms\\\/100-happy-birthday-prof-dr-hans-hass-1572\\\/#primaryimage\"},\"thumbnailUrl\":\"https:\\\/\\\/slauschek.photography\\\/cms\\\/wp-content\\\/uploads\\\/2019\\\/01\\\/Hans-Hass-20071228-052.jpg\",\"keywords\":[\"Anniversary\",\"Birthday\",\"Geburstag\",\"Hans Hass\",\"Harald Slauschek\",\"Interview\",\"Slauschek.Photography\"],\"articleSection\":[\"Interviews\"],\"inLanguage\":\"de\",\"potentialAction\":[{\"@type\":\"CommentAction\",\"name\":\"Comment\",\"target\":[\"https:\\\/\\\/slauschek.photography\\\/cms\\\/100-happy-birthday-prof-dr-hans-hass-1572\\\/#respond\"]}]},{\"@type\":\"WebPage\",\"@id\":\"https:\\\/\\\/slauschek.photography\\\/cms\\\/100-happy-birthday-prof-dr-hans-hass-1572\\\/\",\"url\":\"https:\\\/\\\/slauschek.photography\\\/cms\\\/100-happy-birthday-prof-dr-hans-hass-1572\\\/\",\"name\":\"100! Happy Birthday Prof. Dr. Hans Hass - Slauschek.Photography\",\"isPartOf\":{\"@id\":\"https:\\\/\\\/slauschek.photography\\\/cms\\\/#website\"},\"primaryImageOfPage\":{\"@id\":\"https:\\\/\\\/slauschek.photography\\\/cms\\\/100-happy-birthday-prof-dr-hans-hass-1572\\\/#primaryimage\"},\"image\":{\"@id\":\"https:\\\/\\\/slauschek.photography\\\/cms\\\/100-happy-birthday-prof-dr-hans-hass-1572\\\/#primaryimage\"},\"thumbnailUrl\":\"https:\\\/\\\/slauschek.photography\\\/cms\\\/wp-content\\\/uploads\\\/2019\\\/01\\\/Hans-Hass-20071228-052.jpg\",\"datePublished\":\"2019-01-23T12:30:25+00:00\",\"dateModified\":\"2024-05-29T11:28:24+00:00\",\"author\":{\"@id\":\"https:\\\/\\\/slauschek.photography\\\/cms\\\/#\\\/schema\\\/person\\\/ef602f3dfc5a0bd727ea4ce6b73b3701\"},\"breadcrumb\":{\"@id\":\"https:\\\/\\\/slauschek.photography\\\/cms\\\/100-happy-birthday-prof-dr-hans-hass-1572\\\/#breadcrumb\"},\"inLanguage\":\"de\",\"potentialAction\":[{\"@type\":\"ReadAction\",\"target\":[\"https:\\\/\\\/slauschek.photography\\\/cms\\\/100-happy-birthday-prof-dr-hans-hass-1572\\\/\"]}]},{\"@type\":\"ImageObject\",\"inLanguage\":\"de\",\"@id\":\"https:\\\/\\\/slauschek.photography\\\/cms\\\/100-happy-birthday-prof-dr-hans-hass-1572\\\/#primaryimage\",\"url\":\"https:\\\/\\\/slauschek.photography\\\/cms\\\/wp-content\\\/uploads\\\/2019\\\/01\\\/Hans-Hass-20071228-052.jpg\",\"contentUrl\":\"https:\\\/\\\/slauschek.photography\\\/cms\\\/wp-content\\\/uploads\\\/2019\\\/01\\\/Hans-Hass-20071228-052.jpg\",\"width\":1500,\"height\":1004,\"caption\":\"Interview von Harald Slauschek mit Prof. Dr. Hans Hass am 28.12.2007 in Wien\"},{\"@type\":\"BreadcrumbList\",\"@id\":\"https:\\\/\\\/slauschek.photography\\\/cms\\\/100-happy-birthday-prof-dr-hans-hass-1572\\\/#breadcrumb\",\"itemListElement\":[{\"@type\":\"ListItem\",\"position\":1,\"name\":\"Startseite\",\"item\":\"https:\\\/\\\/slauschek.photography\\\/cms\\\/\"},{\"@type\":\"ListItem\",\"position\":2,\"name\":\"100! Happy Birthday Prof. Dr. Hans Hass\"}]},{\"@type\":\"WebSite\",\"@id\":\"https:\\\/\\\/slauschek.photography\\\/cms\\\/#website\",\"url\":\"https:\\\/\\\/slauschek.photography\\\/cms\\\/\",\"name\":\"Slauschek.Photography\",\"description\":\"Passion meets profession!\",\"potentialAction\":[{\"@type\":\"SearchAction\",\"target\":{\"@type\":\"EntryPoint\",\"urlTemplate\":\"https:\\\/\\\/slauschek.photography\\\/cms\\\/?s={search_term_string}\"},\"query-input\":{\"@type\":\"PropertyValueSpecification\",\"valueRequired\":true,\"valueName\":\"search_term_string\"}}],\"inLanguage\":\"de\"},{\"@type\":\"Person\",\"@id\":\"https:\\\/\\\/slauschek.photography\\\/cms\\\/#\\\/schema\\\/person\\\/ef602f3dfc5a0bd727ea4ce6b73b3701\",\"name\":\"Harald Slauschek\",\"image\":{\"@type\":\"ImageObject\",\"inLanguage\":\"de\",\"@id\":\"https:\\\/\\\/secure.gravatar.com\\\/avatar\\\/926ae54bb219acef952c24e6fe85583cf86e05d2f17df8d10a57a502b06920ef?s=96&d=mm&r=g\",\"url\":\"https:\\\/\\\/secure.gravatar.com\\\/avatar\\\/926ae54bb219acef952c24e6fe85583cf86e05d2f17df8d10a57a502b06920ef?s=96&d=mm&r=g\",\"contentUrl\":\"https:\\\/\\\/secure.gravatar.com\\\/avatar\\\/926ae54bb219acef952c24e6fe85583cf86e05d2f17df8d10a57a502b06920ef?s=96&d=mm&r=g\",\"caption\":\"Harald Slauschek\"},\"url\":\"https:\\\/\\\/slauschek.photography\\\/cms\\\/author\\\/hshark\\\/\"}]}<\/script>\n<!-- \/ Yoast SEO plugin. -->","yoast_head_json":{"title":"100! Happy Birthday Prof. Dr. Hans Hass - Slauschek.Photography","robots":{"index":"index","follow":"follow","max-snippet":"max-snippet:-1","max-image-preview":"max-image-preview:large","max-video-preview":"max-video-preview:-1"},"canonical":"https:\/\/slauschek.photography\/cms\/100-happy-birthday-prof-dr-hans-hass-1572\/","og_locale":"de_DE","og_type":"article","og_title":"100! Happy Birthday Prof. Dr. Hans Hass - Slauschek.Photography","og_description":"Der gro\u00dfe \u00f6sterreichische Meeresforscher, Tauch- und Unterwasserfoto- sowie -filmpionier, Prof. Dr. Hans Hass, w\u00fcrde heute, den 23.01.2019, seinen 100. Geburtstag feiern! Er war neben seinem \u201eRivalen\u201c, dem Franzosen, Jaques Yves Cousteau, der wichtigste Pionier unter Wasser und der Wegbereiter f\u00fcr die internationale Tauchindustrie sowie eine ganz spezielle Art die Meerestiere zu erforschen: Als Fisch unter Fischen, um seine eigenen Wort zu verwenden.","og_url":"https:\/\/slauschek.photography\/cms\/100-happy-birthday-prof-dr-hans-hass-1572\/","og_site_name":"Slauschek.Photography","article_published_time":"2019-01-23T12:30:25+00:00","article_modified_time":"2024-05-29T11:28:24+00:00","og_image":[{"width":1500,"height":1004,"url":"https:\/\/slauschek.photography\/cms\/wp-content\/uploads\/2019\/01\/Hans-Hass-20071228-052.jpg","type":"image\/jpeg"}],"author":"Harald Slauschek","twitter_card":"summary_large_image","twitter_misc":{"Verfasst von":"Harald Slauschek","Gesch\u00e4tzte Lesezeit":"4\u00a0Minuten"},"schema":{"@context":"https:\/\/schema.org","@graph":[{"@type":"Article","@id":"https:\/\/slauschek.photography\/cms\/100-happy-birthday-prof-dr-hans-hass-1572\/#article","isPartOf":{"@id":"https:\/\/slauschek.photography\/cms\/100-happy-birthday-prof-dr-hans-hass-1572\/"},"author":{"name":"Harald Slauschek","@id":"https:\/\/slauschek.photography\/cms\/#\/schema\/person\/ef602f3dfc5a0bd727ea4ce6b73b3701"},"headline":"100! Happy Birthday Prof. Dr. Hans Hass","datePublished":"2019-01-23T12:30:25+00:00","dateModified":"2024-05-29T11:28:24+00:00","mainEntityOfPage":{"@id":"https:\/\/slauschek.photography\/cms\/100-happy-birthday-prof-dr-hans-hass-1572\/"},"wordCount":288,"commentCount":0,"image":{"@id":"https:\/\/slauschek.photography\/cms\/100-happy-birthday-prof-dr-hans-hass-1572\/#primaryimage"},"thumbnailUrl":"https:\/\/slauschek.photography\/cms\/wp-content\/uploads\/2019\/01\/Hans-Hass-20071228-052.jpg","keywords":["Anniversary","Birthday","Geburstag","Hans Hass","Harald Slauschek","Interview","Slauschek.Photography"],"articleSection":["Interviews"],"inLanguage":"de","potentialAction":[{"@type":"CommentAction","name":"Comment","target":["https:\/\/slauschek.photography\/cms\/100-happy-birthday-prof-dr-hans-hass-1572\/#respond"]}]},{"@type":"WebPage","@id":"https:\/\/slauschek.photography\/cms\/100-happy-birthday-prof-dr-hans-hass-1572\/","url":"https:\/\/slauschek.photography\/cms\/100-happy-birthday-prof-dr-hans-hass-1572\/","name":"100! Happy Birthday Prof. Dr. Hans Hass - Slauschek.Photography","isPartOf":{"@id":"https:\/\/slauschek.photography\/cms\/#website"},"primaryImageOfPage":{"@id":"https:\/\/slauschek.photography\/cms\/100-happy-birthday-prof-dr-hans-hass-1572\/#primaryimage"},"image":{"@id":"https:\/\/slauschek.photography\/cms\/100-happy-birthday-prof-dr-hans-hass-1572\/#primaryimage"},"thumbnailUrl":"https:\/\/slauschek.photography\/cms\/wp-content\/uploads\/2019\/01\/Hans-Hass-20071228-052.jpg","datePublished":"2019-01-23T12:30:25+00:00","dateModified":"2024-05-29T11:28:24+00:00","author":{"@id":"https:\/\/slauschek.photography\/cms\/#\/schema\/person\/ef602f3dfc5a0bd727ea4ce6b73b3701"},"breadcrumb":{"@id":"https:\/\/slauschek.photography\/cms\/100-happy-birthday-prof-dr-hans-hass-1572\/#breadcrumb"},"inLanguage":"de","potentialAction":[{"@type":"ReadAction","target":["https:\/\/slauschek.photography\/cms\/100-happy-birthday-prof-dr-hans-hass-1572\/"]}]},{"@type":"ImageObject","inLanguage":"de","@id":"https:\/\/slauschek.photography\/cms\/100-happy-birthday-prof-dr-hans-hass-1572\/#primaryimage","url":"https:\/\/slauschek.photography\/cms\/wp-content\/uploads\/2019\/01\/Hans-Hass-20071228-052.jpg","contentUrl":"https:\/\/slauschek.photography\/cms\/wp-content\/uploads\/2019\/01\/Hans-Hass-20071228-052.jpg","width":1500,"height":1004,"caption":"Interview von Harald Slauschek mit Prof. Dr. Hans Hass am 28.12.2007 in Wien"},{"@type":"BreadcrumbList","@id":"https:\/\/slauschek.photography\/cms\/100-happy-birthday-prof-dr-hans-hass-1572\/#breadcrumb","itemListElement":[{"@type":"ListItem","position":1,"name":"Startseite","item":"https:\/\/slauschek.photography\/cms\/"},{"@type":"ListItem","position":2,"name":"100! Happy Birthday Prof. Dr. Hans Hass"}]},{"@type":"WebSite","@id":"https:\/\/slauschek.photography\/cms\/#website","url":"https:\/\/slauschek.photography\/cms\/","name":"Slauschek.Photography","description":"Passion meets profession!","potentialAction":[{"@type":"SearchAction","target":{"@type":"EntryPoint","urlTemplate":"https:\/\/slauschek.photography\/cms\/?s={search_term_string}"},"query-input":{"@type":"PropertyValueSpecification","valueRequired":true,"valueName":"search_term_string"}}],"inLanguage":"de"},{"@type":"Person","@id":"https:\/\/slauschek.photography\/cms\/#\/schema\/person\/ef602f3dfc5a0bd727ea4ce6b73b3701","name":"Harald Slauschek","image":{"@type":"ImageObject","inLanguage":"de","@id":"https:\/\/secure.gravatar.com\/avatar\/926ae54bb219acef952c24e6fe85583cf86e05d2f17df8d10a57a502b06920ef?s=96&d=mm&r=g","url":"https:\/\/secure.gravatar.com\/avatar\/926ae54bb219acef952c24e6fe85583cf86e05d2f17df8d10a57a502b06920ef?s=96&d=mm&r=g","contentUrl":"https:\/\/secure.gravatar.com\/avatar\/926ae54bb219acef952c24e6fe85583cf86e05d2f17df8d10a57a502b06920ef?s=96&d=mm&r=g","caption":"Harald Slauschek"},"url":"https:\/\/slauschek.photography\/cms\/author\/hshark\/"}]}},"jetpack_featured_media_url":"https:\/\/slauschek.photography\/cms\/wp-content\/uploads\/2019\/01\/Hans-Hass-20071228-052.jpg","jetpack_sharing_enabled":true,"_links":{"self":[{"href":"https:\/\/slauschek.photography\/cms\/wp-json\/wp\/v2\/posts\/1572","targetHints":{"allow":["GET"]}}],"collection":[{"href":"https:\/\/slauschek.photography\/cms\/wp-json\/wp\/v2\/posts"}],"about":[{"href":"https:\/\/slauschek.photography\/cms\/wp-json\/wp\/v2\/types\/post"}],"author":[{"embeddable":true,"href":"https:\/\/slauschek.photography\/cms\/wp-json\/wp\/v2\/users\/2"}],"replies":[{"embeddable":true,"href":"https:\/\/slauschek.photography\/cms\/wp-json\/wp\/v2\/comments?post=1572"}],"version-history":[{"count":8,"href":"https:\/\/slauschek.photography\/cms\/wp-json\/wp\/v2\/posts\/1572\/revisions"}],"predecessor-version":[{"id":9607,"href":"https:\/\/slauschek.photography\/cms\/wp-json\/wp\/v2\/posts\/1572\/revisions\/9607"}],"wp:featuredmedia":[{"embeddable":true,"href":"https:\/\/slauschek.photography\/cms\/wp-json\/wp\/v2\/media\/7587"}],"wp:attachment":[{"href":"https:\/\/slauschek.photography\/cms\/wp-json\/wp\/v2\/media?parent=1572"}],"wp:term":[{"taxonomy":"category","embeddable":true,"href":"https:\/\/slauschek.photography\/cms\/wp-json\/wp\/v2\/categories?post=1572"},{"taxonomy":"post_tag","embeddable":true,"href":"https:\/\/slauschek.photography\/cms\/wp-json\/wp\/v2\/tags?post=1572"}],"curies":[{"name":"wp","href":"https:\/\/api.w.org\/{rel}","templated":true}]}}