{"id":568,"date":"2015-02-15T01:51:28","date_gmt":"2015-02-15T00:51:28","guid":{"rendered":"http:\/\/www.h2o-photography.com\/wp\/?p=568"},"modified":"2024-05-29T13:39:11","modified_gmt":"2024-05-29T11:39:11","slug":"socorro-2015-teil-7-adios-mexico","status":"publish","type":"post","link":"https:\/\/slauschek.photography\/cms\/socorro-2015-teil-7-adios-mexico-568\/","title":{"rendered":"Socorro 2015 &#8211; Teil 7 &#8211;  &#8220;Adi\u00f3s Mexico!&#8221;"},"content":{"rendered":"<div class=\"wp-block-image\">\n<figure data-wp-context=\"{&quot;imageId&quot;:&quot;69f0db0ce5ee2&quot;}\" data-wp-interactive=\"core\/image\" data-wp-key=\"69f0db0ce5ee2\" class=\"alignright size-medium wp-lightbox-container\"><img loading=\"lazy\" decoding=\"async\" width=\"300\" height=\"169\" data-wp-class--hide=\"state.isContentHidden\" data-wp-class--show=\"state.isContentVisible\" data-wp-init=\"callbacks.setButtonStyles\" data-wp-on--click=\"actions.showLightbox\" data-wp-on--load=\"callbacks.setButtonStyles\" data-wp-on-window--resize=\"callbacks.setButtonStyles\" src=\"https:\/\/slauschek.photography\/cms\/wp-content\/uploads\/2015\/02\/H2O6161-300x169.jpg\" alt=\"\" class=\"wp-image-8136\"\/><button\n\t\t\tclass=\"lightbox-trigger\"\n\t\t\ttype=\"button\"\n\t\t\taria-haspopup=\"dialog\"\n\t\t\taria-label=\"Vergr\u00f6\u00dfern\"\n\t\t\tdata-wp-init=\"callbacks.initTriggerButton\"\n\t\t\tdata-wp-on--click=\"actions.showLightbox\"\n\t\t\tdata-wp-style--right=\"state.imageButtonRight\"\n\t\t\tdata-wp-style--top=\"state.imageButtonTop\"\n\t\t>\n\t\t\t<svg xmlns=\"http:\/\/www.w3.org\/2000\/svg\" width=\"12\" height=\"12\" fill=\"none\" viewBox=\"0 0 12 12\">\n\t\t\t\t<path fill=\"#fff\" d=\"M2 0a2 2 0 0 0-2 2v2h1.5V2a.5.5 0 0 1 .5-.5h2V0H2Zm2 10.5H2a.5.5 0 0 1-.5-.5V8H0v2a2 2 0 0 0 2 2h2v-1.5ZM8 12v-1.5h2a.5.5 0 0 0 .5-.5V8H12v2a2 2 0 0 1-2 2H8Zm2-12a2 2 0 0 1 2 2v2h-1.5V2a.5.5 0 0 0-.5-.5H8V0h2Z\" \/>\n\t\t\t<\/svg>\n\t\t<\/button><\/figure>\n<\/div>\n\n\n<p>Die Socorro Abenteuertour 2015 von <a href=\"http:\/\/www.waterworld.at\" target=\"_blank\" rel=\"noopener\">Waterworld<\/a> auf der Nautilus Explorer neigt sich dem Ende entgegen.<br>Es war eine fantastische Reise die wir mitten im Pazifik an gro\u00dfteils unbewohnten und \u00e4u\u00dferst abgelegenen Pl\u00e4tzen erleben durften. Fast alle W\u00fcnsche bez\u00fcglich der m\u00f6glichen Begegnungen unter Wasser sind erf\u00fcllt worden und die Reiseteilnehmer ohne Ausnahme begeistert.<\/p>\n\n\n<div class=\"wp-block-image\">\n<figure data-wp-context=\"{&quot;imageId&quot;:&quot;69f0db0ce6372&quot;}\" data-wp-interactive=\"core\/image\" data-wp-key=\"69f0db0ce6372\" class=\"alignleft size-medium wp-lightbox-container\"><img loading=\"lazy\" decoding=\"async\" width=\"300\" height=\"200\" data-wp-class--hide=\"state.isContentHidden\" data-wp-class--show=\"state.isContentVisible\" data-wp-init=\"callbacks.setButtonStyles\" data-wp-on--click=\"actions.showLightbox\" data-wp-on--load=\"callbacks.setButtonStyles\" data-wp-on-window--resize=\"callbacks.setButtonStyles\" src=\"https:\/\/slauschek.photography\/cms\/wp-content\/uploads\/2015\/02\/H2O6165-300x200.jpg\" alt=\"\" class=\"wp-image-8138\"\/><button\n\t\t\tclass=\"lightbox-trigger\"\n\t\t\ttype=\"button\"\n\t\t\taria-haspopup=\"dialog\"\n\t\t\taria-label=\"Vergr\u00f6\u00dfern\"\n\t\t\tdata-wp-init=\"callbacks.initTriggerButton\"\n\t\t\tdata-wp-on--click=\"actions.showLightbox\"\n\t\t\tdata-wp-style--right=\"state.imageButtonRight\"\n\t\t\tdata-wp-style--top=\"state.imageButtonTop\"\n\t\t>\n\t\t\t<svg xmlns=\"http:\/\/www.w3.org\/2000\/svg\" width=\"12\" height=\"12\" fill=\"none\" viewBox=\"0 0 12 12\">\n\t\t\t\t<path fill=\"#fff\" d=\"M2 0a2 2 0 0 0-2 2v2h1.5V2a.5.5 0 0 1 .5-.5h2V0H2Zm2 10.5H2a.5.5 0 0 1-.5-.5V8H0v2a2 2 0 0 0 2 2h2v-1.5ZM8 12v-1.5h2a.5.5 0 0 0 .5-.5V8H12v2a2 2 0 0 1-2 2H8Zm2-12a2 2 0 0 1 2 2v2h-1.5V2a.5.5 0 0 0-.5-.5H8V0h2Z\" \/>\n\t\t\t<\/svg>\n\t\t<\/button><\/figure>\n<\/div>\n\n\n<p>Diese Begeisterung liegt nicht nur an der ganz besonderen Unterwasserwelt hier, sondern auch an der Crew der <a href=\"http:\/\/www.nautilusexplorer.com\" target=\"_blank\" rel=\"noopener\">Nautilus Explorer<\/a>!<br>Ein so harmonisches, positives und engagiertes Team habe ich bis dato noch auf keiner Tauchkreuzfahrt erlebt. Daher ein riesengro\u00dfes Dankesch\u00f6n an Shaun den daf\u00fcr verantwortlichen Kapit\u00e4n, die Diveguides Liz &amp; Janice, Mate Baron, die Hostesses Laurentina &amp; Katy, die Chefs de Cuisine Jane &amp; Tim sowie die Engineers Juan &amp; Hernan! Eine einzelne Person vom Team besonders hervorzuheben w\u00e4re unfair den anderen gegen\u00fcber\u2026alle waren sensationell!<\/p>\n\n\n<div class=\"wp-block-image\">\n<figure data-wp-context=\"{&quot;imageId&quot;:&quot;69f0db0ce677f&quot;}\" data-wp-interactive=\"core\/image\" data-wp-key=\"69f0db0ce677f\" class=\"alignright size-medium wp-lightbox-container\"><img loading=\"lazy\" decoding=\"async\" width=\"188\" height=\"300\" data-wp-class--hide=\"state.isContentHidden\" data-wp-class--show=\"state.isContentVisible\" data-wp-init=\"callbacks.setButtonStyles\" data-wp-on--click=\"actions.showLightbox\" data-wp-on--load=\"callbacks.setButtonStyles\" data-wp-on-window--resize=\"callbacks.setButtonStyles\" src=\"https:\/\/slauschek.photography\/cms\/wp-content\/uploads\/2015\/02\/DSC04714-188x300.jpg\" alt=\"\" class=\"wp-image-8140\"\/><button\n\t\t\tclass=\"lightbox-trigger\"\n\t\t\ttype=\"button\"\n\t\t\taria-haspopup=\"dialog\"\n\t\t\taria-label=\"Vergr\u00f6\u00dfern\"\n\t\t\tdata-wp-init=\"callbacks.initTriggerButton\"\n\t\t\tdata-wp-on--click=\"actions.showLightbox\"\n\t\t\tdata-wp-style--right=\"state.imageButtonRight\"\n\t\t\tdata-wp-style--top=\"state.imageButtonTop\"\n\t\t>\n\t\t\t<svg xmlns=\"http:\/\/www.w3.org\/2000\/svg\" width=\"12\" height=\"12\" fill=\"none\" viewBox=\"0 0 12 12\">\n\t\t\t\t<path fill=\"#fff\" d=\"M2 0a2 2 0 0 0-2 2v2h1.5V2a.5.5 0 0 1 .5-.5h2V0H2Zm2 10.5H2a.5.5 0 0 1-.5-.5V8H0v2a2 2 0 0 0 2 2h2v-1.5ZM8 12v-1.5h2a.5.5 0 0 0 .5-.5V8H12v2a2 2 0 0 1-2 2H8Zm2-12a2 2 0 0 1 2 2v2h-1.5V2a.5.5 0 0 0-.5-.5H8V0h2Z\" \/>\n\t\t\t<\/svg>\n\t\t<\/button><\/figure>\n<\/div>\n\n\n<p>Ich pers\u00f6nlich m\u00f6chte mich auch noch bei den sehr netten und vollkommen unkomplizierten G\u00e4sten bedanken!<br>F\u00fcr mich als Waterworld Foto-Pro war es dadurch relativ einfach meine wichtigste Aufgabe hier wahrzunehmen: Das Fotografieren unter Wasser!<br>Und das ist mir glaube ich ganz gut gelungen. Das extrem positive Feedback aller G\u00e4ste nach der Pr\u00e4sentation der Nautilus Explorer Trip-DVD sowie nach der \u00dcbergabe des obligatorischen Waterworld USB-Sticks mit einer Auswahl meiner besten Fotos von der Tour, war diesbez\u00fcglich eine wunderbare und motivierende Best\u00e4tigung f\u00fcr mich!<\/p>\n\n\n\n<p>Unsere R\u00fcckreise nach der Ankunft im Hafen von Cabo San Lucas, die \u00dcberfahrt war wieder gro\u00dfteils sehr angenehm, f\u00fchrt einen kleinen Teil der G\u00e4ste und mich, von Cabo San Lucas via Mexiko City und Paris, zur\u00fcck nach Wien.<\/p>\n\n\n\n<p>\u201eAdi\u00f3s Mexico!\u201c Vielleicht sehen wir uns ja wieder! \ud83d\ude42<\/p>\n\n\n\n<p><strong>Informationen zu den Gruppenfotos<\/strong>:<br>13.02.2015 &#8211; <a href=\"http:\/\/www.nikon.at\" target=\"_blank\" rel=\"noopener\">Nikon<\/a> D4S &#8211; Objektiv: Nikkor 16-35mm\/f:4<br><span id=\"fbPhotoSnowliftCaption\" class=\"fbPhotosPhotoCaption\" tabindex=\"0\" data-ft=\"{&quot;tn&quot;:&quot;K&quot;}\"><span class=\"hasCaption\">Reiseveranstalter: <a href=\"http:\/\/www.waterworld.at\" target=\"_blank\" rel=\"noopener\">Waterworld &#8211; Werner Thiele KG<\/a><\/span><\/span><\/p>\n\n\n\n<p><em>Text &amp; Fotos:<\/em><br>\u00a9 Harald Slauschek | <a href=\"https:\/\/slauschek.photography\">Slauschek.Photography<\/a><\/p>\n","protected":false},"excerpt":{"rendered":"<p>Die Socorro Abenteuertour 2015 von Waterworld auf der Nautilus Explorer neigt sich dem Ende entgegen.<br \/>\nEs war eine fantastische Reise die wir mitten im Pazifik an gro\u00dfteils unbewohnten und \u00e4u\u00dferst abgelegenen Pl\u00e4tzen erleben durften. Fast alle W\u00fcnsche bez\u00fcglich der m\u00f6glichen Begegnungen unter Wasser sind erf\u00fcllt worden und die Reiseteilnehmer ohne Ausnahme begeistert.<\/p>\n","protected":false},"author":2,"featured_media":8136,"comment_status":"open","ping_status":"closed","sticky":false,"template":"","format":"gallery","meta":{"jetpack_post_was_ever_published":false,"_jetpack_newsletter_access":"","_jetpack_dont_email_post_to_subs":false,"_jetpack_newsletter_tier_id":0,"_jetpack_memberships_contains_paywalled_content":false,"_jetpack_memberships_contains_paid_content":false,"footnotes":""},"categories":[161,194,129,171],"tags":[120,127,128,162,145,146,163,147,149,114,130],"class_list":["post-568","post","type-post","status-publish","format-gallery","has-post-thumbnail","hentry","category-islas-revillagigedos","category-mexiko","category-reisen","category-socorro","tag-fotos","tag-h2o-photography","tag-harald-slauschek","tag-islas-revillagigedos","tag-mexiko","tag-reisen","tag-slauschek-photography","tag-socorro","tag-tauchen","tag-unterwasserfotos","tag-waterworld","post_format-post-format-gallery"],"yoast_head":"<!-- This site is optimized with the Yoast SEO plugin v27.4 - https:\/\/yoast.com\/product\/yoast-seo-wordpress\/ -->\n<title>Socorro 2015 - Teil 7 - &quot;Adi\u00f3s Mexico!&quot; - Slauschek.Photography<\/title>\n<meta name=\"robots\" content=\"index, follow, max-snippet:-1, max-image-preview:large, max-video-preview:-1\" \/>\n<link rel=\"canonical\" href=\"https:\/\/slauschek.photography\/cms\/socorro-2015-teil-7-adios-mexico-568\/\" \/>\n<meta property=\"og:locale\" content=\"de_DE\" \/>\n<meta property=\"og:type\" content=\"article\" \/>\n<meta property=\"og:title\" content=\"Socorro 2015 - Teil 7 - &quot;Adi\u00f3s Mexico!&quot; - Slauschek.Photography\" \/>\n<meta property=\"og:description\" content=\"Die Socorro Abenteuertour 2015 von Waterworld auf der Nautilus Explorer neigt sich dem Ende entgegen. Es war eine fantastische Reise die wir mitten im Pazifik an gro\u00dfteils unbewohnten und \u00e4u\u00dferst abgelegenen Pl\u00e4tzen erleben durften. Fast alle W\u00fcnsche bez\u00fcglich der m\u00f6glichen Begegnungen unter Wasser sind erf\u00fcllt worden und die Reiseteilnehmer ohne Ausnahme begeistert.\" \/>\n<meta property=\"og:url\" content=\"https:\/\/slauschek.photography\/cms\/socorro-2015-teil-7-adios-mexico-568\/\" \/>\n<meta property=\"og:site_name\" content=\"Slauschek.Photography\" \/>\n<meta property=\"article:published_time\" content=\"2015-02-15T00:51:28+00:00\" \/>\n<meta property=\"article:modified_time\" content=\"2024-05-29T11:39:11+00:00\" \/>\n<meta property=\"og:image\" content=\"https:\/\/slauschek.photography\/cms\/wp-content\/uploads\/2015\/02\/H2O6161.jpg\" \/>\n\t<meta property=\"og:image:width\" content=\"1500\" \/>\n\t<meta property=\"og:image:height\" content=\"844\" \/>\n\t<meta property=\"og:image:type\" content=\"image\/jpeg\" \/>\n<meta name=\"author\" content=\"Harald Slauschek\" \/>\n<meta name=\"twitter:card\" content=\"summary_large_image\" \/>\n<meta name=\"twitter:label1\" content=\"Verfasst von\" \/>\n\t<meta name=\"twitter:data1\" content=\"Harald Slauschek\" \/>\n\t<meta name=\"twitter:label2\" content=\"Gesch\u00e4tzte Lesezeit\" \/>\n\t<meta name=\"twitter:data2\" content=\"3\u00a0Minuten\" \/>\n<script type=\"application\/ld+json\" class=\"yoast-schema-graph\">{\"@context\":\"https:\\\/\\\/schema.org\",\"@graph\":[{\"@type\":\"Article\",\"@id\":\"https:\\\/\\\/slauschek.photography\\\/cms\\\/socorro-2015-teil-7-adios-mexico-568\\\/#article\",\"isPartOf\":{\"@id\":\"https:\\\/\\\/slauschek.photography\\\/cms\\\/socorro-2015-teil-7-adios-mexico-568\\\/\"},\"author\":{\"name\":\"Harald Slauschek\",\"@id\":\"https:\\\/\\\/slauschek.photography\\\/cms\\\/#\\\/schema\\\/person\\\/ef602f3dfc5a0bd727ea4ce6b73b3701\"},\"headline\":\"Socorro 2015 &#8211; Teil 7 &#8211; &#8220;Adi\u00f3s Mexico!&#8221;\",\"datePublished\":\"2015-02-15T00:51:28+00:00\",\"dateModified\":\"2024-05-29T11:39:11+00:00\",\"mainEntityOfPage\":{\"@id\":\"https:\\\/\\\/slauschek.photography\\\/cms\\\/socorro-2015-teil-7-adios-mexico-568\\\/\"},\"wordCount\":327,\"commentCount\":5,\"image\":{\"@id\":\"https:\\\/\\\/slauschek.photography\\\/cms\\\/socorro-2015-teil-7-adios-mexico-568\\\/#primaryimage\"},\"thumbnailUrl\":\"https:\\\/\\\/slauschek.photography\\\/cms\\\/wp-content\\\/uploads\\\/2015\\\/02\\\/H2O6161.jpg\",\"keywords\":[\"Fotos\",\"H2O-Photography\",\"Harald Slauschek\",\"Islas Revillagigedos\",\"Mexiko\",\"Reisen\",\"Slauschek.Photography\",\"Socorro\",\"Tauchen\",\"Unterwasserfotos\",\"Waterworld\"],\"articleSection\":[\"Islas Revillagigedos\",\"Mexiko\",\"Reisen\",\"Socorro\"],\"inLanguage\":\"de\",\"potentialAction\":[{\"@type\":\"CommentAction\",\"name\":\"Comment\",\"target\":[\"https:\\\/\\\/slauschek.photography\\\/cms\\\/socorro-2015-teil-7-adios-mexico-568\\\/#respond\"]}]},{\"@type\":\"WebPage\",\"@id\":\"https:\\\/\\\/slauschek.photography\\\/cms\\\/socorro-2015-teil-7-adios-mexico-568\\\/\",\"url\":\"https:\\\/\\\/slauschek.photography\\\/cms\\\/socorro-2015-teil-7-adios-mexico-568\\\/\",\"name\":\"Socorro 2015 - Teil 7 - \\\"Adi\u00f3s Mexico!\\\" - Slauschek.Photography\",\"isPartOf\":{\"@id\":\"https:\\\/\\\/slauschek.photography\\\/cms\\\/#website\"},\"primaryImageOfPage\":{\"@id\":\"https:\\\/\\\/slauschek.photography\\\/cms\\\/socorro-2015-teil-7-adios-mexico-568\\\/#primaryimage\"},\"image\":{\"@id\":\"https:\\\/\\\/slauschek.photography\\\/cms\\\/socorro-2015-teil-7-adios-mexico-568\\\/#primaryimage\"},\"thumbnailUrl\":\"https:\\\/\\\/slauschek.photography\\\/cms\\\/wp-content\\\/uploads\\\/2015\\\/02\\\/H2O6161.jpg\",\"datePublished\":\"2015-02-15T00:51:28+00:00\",\"dateModified\":\"2024-05-29T11:39:11+00:00\",\"author\":{\"@id\":\"https:\\\/\\\/slauschek.photography\\\/cms\\\/#\\\/schema\\\/person\\\/ef602f3dfc5a0bd727ea4ce6b73b3701\"},\"breadcrumb\":{\"@id\":\"https:\\\/\\\/slauschek.photography\\\/cms\\\/socorro-2015-teil-7-adios-mexico-568\\\/#breadcrumb\"},\"inLanguage\":\"de\",\"potentialAction\":[{\"@type\":\"ReadAction\",\"target\":[\"https:\\\/\\\/slauschek.photography\\\/cms\\\/socorro-2015-teil-7-adios-mexico-568\\\/\"]}]},{\"@type\":\"ImageObject\",\"inLanguage\":\"de\",\"@id\":\"https:\\\/\\\/slauschek.photography\\\/cms\\\/socorro-2015-teil-7-adios-mexico-568\\\/#primaryimage\",\"url\":\"https:\\\/\\\/slauschek.photography\\\/cms\\\/wp-content\\\/uploads\\\/2015\\\/02\\\/H2O6161.jpg\",\"contentUrl\":\"https:\\\/\\\/slauschek.photography\\\/cms\\\/wp-content\\\/uploads\\\/2015\\\/02\\\/H2O6161.jpg\",\"width\":1500,\"height\":844},{\"@type\":\"BreadcrumbList\",\"@id\":\"https:\\\/\\\/slauschek.photography\\\/cms\\\/socorro-2015-teil-7-adios-mexico-568\\\/#breadcrumb\",\"itemListElement\":[{\"@type\":\"ListItem\",\"position\":1,\"name\":\"Startseite\",\"item\":\"https:\\\/\\\/slauschek.photography\\\/cms\\\/\"},{\"@type\":\"ListItem\",\"position\":2,\"name\":\"Socorro 2015 &#8211; Teil 7 &#8211; &#8222;Adi\u00f3s Mexico!&#8220;\"}]},{\"@type\":\"WebSite\",\"@id\":\"https:\\\/\\\/slauschek.photography\\\/cms\\\/#website\",\"url\":\"https:\\\/\\\/slauschek.photography\\\/cms\\\/\",\"name\":\"Slauschek.Photography\",\"description\":\"Passion meets profession!\",\"potentialAction\":[{\"@type\":\"SearchAction\",\"target\":{\"@type\":\"EntryPoint\",\"urlTemplate\":\"https:\\\/\\\/slauschek.photography\\\/cms\\\/?s={search_term_string}\"},\"query-input\":{\"@type\":\"PropertyValueSpecification\",\"valueRequired\":true,\"valueName\":\"search_term_string\"}}],\"inLanguage\":\"de\"},{\"@type\":\"Person\",\"@id\":\"https:\\\/\\\/slauschek.photography\\\/cms\\\/#\\\/schema\\\/person\\\/ef602f3dfc5a0bd727ea4ce6b73b3701\",\"name\":\"Harald Slauschek\",\"image\":{\"@type\":\"ImageObject\",\"inLanguage\":\"de\",\"@id\":\"https:\\\/\\\/secure.gravatar.com\\\/avatar\\\/926ae54bb219acef952c24e6fe85583cf86e05d2f17df8d10a57a502b06920ef?s=96&d=mm&r=g\",\"url\":\"https:\\\/\\\/secure.gravatar.com\\\/avatar\\\/926ae54bb219acef952c24e6fe85583cf86e05d2f17df8d10a57a502b06920ef?s=96&d=mm&r=g\",\"contentUrl\":\"https:\\\/\\\/secure.gravatar.com\\\/avatar\\\/926ae54bb219acef952c24e6fe85583cf86e05d2f17df8d10a57a502b06920ef?s=96&d=mm&r=g\",\"caption\":\"Harald Slauschek\"},\"url\":\"https:\\\/\\\/slauschek.photography\\\/cms\\\/author\\\/hshark\\\/\"}]}<\/script>\n<!-- \/ Yoast SEO plugin. -->","yoast_head_json":{"title":"Socorro 2015 - Teil 7 - \"Adi\u00f3s Mexico!\" - Slauschek.Photography","robots":{"index":"index","follow":"follow","max-snippet":"max-snippet:-1","max-image-preview":"max-image-preview:large","max-video-preview":"max-video-preview:-1"},"canonical":"https:\/\/slauschek.photography\/cms\/socorro-2015-teil-7-adios-mexico-568\/","og_locale":"de_DE","og_type":"article","og_title":"Socorro 2015 - Teil 7 - \"Adi\u00f3s Mexico!\" - Slauschek.Photography","og_description":"Die Socorro Abenteuertour 2015 von Waterworld auf der Nautilus Explorer neigt sich dem Ende entgegen. Es war eine fantastische Reise die wir mitten im Pazifik an gro\u00dfteils unbewohnten und \u00e4u\u00dferst abgelegenen Pl\u00e4tzen erleben durften. Fast alle W\u00fcnsche bez\u00fcglich der m\u00f6glichen Begegnungen unter Wasser sind erf\u00fcllt worden und die Reiseteilnehmer ohne Ausnahme begeistert.","og_url":"https:\/\/slauschek.photography\/cms\/socorro-2015-teil-7-adios-mexico-568\/","og_site_name":"Slauschek.Photography","article_published_time":"2015-02-15T00:51:28+00:00","article_modified_time":"2024-05-29T11:39:11+00:00","og_image":[{"width":1500,"height":844,"url":"https:\/\/slauschek.photography\/cms\/wp-content\/uploads\/2015\/02\/H2O6161.jpg","type":"image\/jpeg"}],"author":"Harald Slauschek","twitter_card":"summary_large_image","twitter_misc":{"Verfasst von":"Harald Slauschek","Gesch\u00e4tzte Lesezeit":"3\u00a0Minuten"},"schema":{"@context":"https:\/\/schema.org","@graph":[{"@type":"Article","@id":"https:\/\/slauschek.photography\/cms\/socorro-2015-teil-7-adios-mexico-568\/#article","isPartOf":{"@id":"https:\/\/slauschek.photography\/cms\/socorro-2015-teil-7-adios-mexico-568\/"},"author":{"name":"Harald Slauschek","@id":"https:\/\/slauschek.photography\/cms\/#\/schema\/person\/ef602f3dfc5a0bd727ea4ce6b73b3701"},"headline":"Socorro 2015 &#8211; Teil 7 &#8211; &#8220;Adi\u00f3s Mexico!&#8221;","datePublished":"2015-02-15T00:51:28+00:00","dateModified":"2024-05-29T11:39:11+00:00","mainEntityOfPage":{"@id":"https:\/\/slauschek.photography\/cms\/socorro-2015-teil-7-adios-mexico-568\/"},"wordCount":327,"commentCount":5,"image":{"@id":"https:\/\/slauschek.photography\/cms\/socorro-2015-teil-7-adios-mexico-568\/#primaryimage"},"thumbnailUrl":"https:\/\/slauschek.photography\/cms\/wp-content\/uploads\/2015\/02\/H2O6161.jpg","keywords":["Fotos","H2O-Photography","Harald Slauschek","Islas Revillagigedos","Mexiko","Reisen","Slauschek.Photography","Socorro","Tauchen","Unterwasserfotos","Waterworld"],"articleSection":["Islas Revillagigedos","Mexiko","Reisen","Socorro"],"inLanguage":"de","potentialAction":[{"@type":"CommentAction","name":"Comment","target":["https:\/\/slauschek.photography\/cms\/socorro-2015-teil-7-adios-mexico-568\/#respond"]}]},{"@type":"WebPage","@id":"https:\/\/slauschek.photography\/cms\/socorro-2015-teil-7-adios-mexico-568\/","url":"https:\/\/slauschek.photography\/cms\/socorro-2015-teil-7-adios-mexico-568\/","name":"Socorro 2015 - Teil 7 - \"Adi\u00f3s Mexico!\" - Slauschek.Photography","isPartOf":{"@id":"https:\/\/slauschek.photography\/cms\/#website"},"primaryImageOfPage":{"@id":"https:\/\/slauschek.photography\/cms\/socorro-2015-teil-7-adios-mexico-568\/#primaryimage"},"image":{"@id":"https:\/\/slauschek.photography\/cms\/socorro-2015-teil-7-adios-mexico-568\/#primaryimage"},"thumbnailUrl":"https:\/\/slauschek.photography\/cms\/wp-content\/uploads\/2015\/02\/H2O6161.jpg","datePublished":"2015-02-15T00:51:28+00:00","dateModified":"2024-05-29T11:39:11+00:00","author":{"@id":"https:\/\/slauschek.photography\/cms\/#\/schema\/person\/ef602f3dfc5a0bd727ea4ce6b73b3701"},"breadcrumb":{"@id":"https:\/\/slauschek.photography\/cms\/socorro-2015-teil-7-adios-mexico-568\/#breadcrumb"},"inLanguage":"de","potentialAction":[{"@type":"ReadAction","target":["https:\/\/slauschek.photography\/cms\/socorro-2015-teil-7-adios-mexico-568\/"]}]},{"@type":"ImageObject","inLanguage":"de","@id":"https:\/\/slauschek.photography\/cms\/socorro-2015-teil-7-adios-mexico-568\/#primaryimage","url":"https:\/\/slauschek.photography\/cms\/wp-content\/uploads\/2015\/02\/H2O6161.jpg","contentUrl":"https:\/\/slauschek.photography\/cms\/wp-content\/uploads\/2015\/02\/H2O6161.jpg","width":1500,"height":844},{"@type":"BreadcrumbList","@id":"https:\/\/slauschek.photography\/cms\/socorro-2015-teil-7-adios-mexico-568\/#breadcrumb","itemListElement":[{"@type":"ListItem","position":1,"name":"Startseite","item":"https:\/\/slauschek.photography\/cms\/"},{"@type":"ListItem","position":2,"name":"Socorro 2015 &#8211; Teil 7 &#8211; &#8222;Adi\u00f3s Mexico!&#8220;"}]},{"@type":"WebSite","@id":"https:\/\/slauschek.photography\/cms\/#website","url":"https:\/\/slauschek.photography\/cms\/","name":"Slauschek.Photography","description":"Passion meets profession!","potentialAction":[{"@type":"SearchAction","target":{"@type":"EntryPoint","urlTemplate":"https:\/\/slauschek.photography\/cms\/?s={search_term_string}"},"query-input":{"@type":"PropertyValueSpecification","valueRequired":true,"valueName":"search_term_string"}}],"inLanguage":"de"},{"@type":"Person","@id":"https:\/\/slauschek.photography\/cms\/#\/schema\/person\/ef602f3dfc5a0bd727ea4ce6b73b3701","name":"Harald Slauschek","image":{"@type":"ImageObject","inLanguage":"de","@id":"https:\/\/secure.gravatar.com\/avatar\/926ae54bb219acef952c24e6fe85583cf86e05d2f17df8d10a57a502b06920ef?s=96&d=mm&r=g","url":"https:\/\/secure.gravatar.com\/avatar\/926ae54bb219acef952c24e6fe85583cf86e05d2f17df8d10a57a502b06920ef?s=96&d=mm&r=g","contentUrl":"https:\/\/secure.gravatar.com\/avatar\/926ae54bb219acef952c24e6fe85583cf86e05d2f17df8d10a57a502b06920ef?s=96&d=mm&r=g","caption":"Harald Slauschek"},"url":"https:\/\/slauschek.photography\/cms\/author\/hshark\/"}]}},"jetpack_featured_media_url":"https:\/\/slauschek.photography\/cms\/wp-content\/uploads\/2015\/02\/H2O6161.jpg","jetpack_sharing_enabled":true,"_links":{"self":[{"href":"https:\/\/slauschek.photography\/cms\/wp-json\/wp\/v2\/posts\/568","targetHints":{"allow":["GET"]}}],"collection":[{"href":"https:\/\/slauschek.photography\/cms\/wp-json\/wp\/v2\/posts"}],"about":[{"href":"https:\/\/slauschek.photography\/cms\/wp-json\/wp\/v2\/types\/post"}],"author":[{"embeddable":true,"href":"https:\/\/slauschek.photography\/cms\/wp-json\/wp\/v2\/users\/2"}],"replies":[{"embeddable":true,"href":"https:\/\/slauschek.photography\/cms\/wp-json\/wp\/v2\/comments?post=568"}],"version-history":[{"count":7,"href":"https:\/\/slauschek.photography\/cms\/wp-json\/wp\/v2\/posts\/568\/revisions"}],"predecessor-version":[{"id":9621,"href":"https:\/\/slauschek.photography\/cms\/wp-json\/wp\/v2\/posts\/568\/revisions\/9621"}],"wp:featuredmedia":[{"embeddable":true,"href":"https:\/\/slauschek.photography\/cms\/wp-json\/wp\/v2\/media\/8136"}],"wp:attachment":[{"href":"https:\/\/slauschek.photography\/cms\/wp-json\/wp\/v2\/media?parent=568"}],"wp:term":[{"taxonomy":"category","embeddable":true,"href":"https:\/\/slauschek.photography\/cms\/wp-json\/wp\/v2\/categories?post=568"},{"taxonomy":"post_tag","embeddable":true,"href":"https:\/\/slauschek.photography\/cms\/wp-json\/wp\/v2\/tags?post=568"}],"curies":[{"name":"wp","href":"https:\/\/api.w.org\/{rel}","templated":true}]}}