{"id":761,"date":"2015-07-17T22:35:59","date_gmt":"2015-07-17T20:35:59","guid":{"rendered":"http:\/\/www.h2o-photography.com\/wp\/?p=761"},"modified":"2024-05-29T13:37:29","modified_gmt":"2024-05-29T11:37:29","slug":"malediven-scouting-trip-teil-2-1-tauchtag","status":"publish","type":"post","link":"https:\/\/slauschek.photography\/cms\/malediven-scouting-trip-teil-2-1-tauchtag-761\/","title":{"rendered":"Malediven Scouting-Trip &#8211; Teil 2 &#8211; 1. Tauchtag"},"content":{"rendered":"\n<p>Walhaie &amp; Mantas! Mit diesen Gedanken wachte ich auf&#8230;irgendwie zweifelte ich jedoch daran. Durch meine langj\u00e4hrige Erfahrung mit Versprechungen von Tauchbasen, war ich im Laufe der Zeit sehr vorsichtig geworden&#8230;<\/p>\n\n\n\n<p>Nach dem Fr\u00fchst\u00fcck checkten wir bei den <strong><a href=\"http:\/\/www.h2o-photography.com\/wp\/malediven-scouting-trip-teil-1\/\" target=\"_blank\" rel=\"noopener\">Euro-Divers<\/a><\/strong> Vilamendhoo ein und erledigten den notwendigen Papierkram. Das war schnell erledigt.<\/p>\n\n\n\n<p>Sonja die Basenleiterin stellte uns danach unsere Sicherheitstaucherin und Diveguide, die sympathische Magali aus Frankreich vor. Ein nettes Gespr\u00e4ch ging sich noch vor dem Ablegen des Tauchboots aus. Dann fuhren wir auch schon in Richtung S\u00fcden.<\/p>\n\n\n\n<!--more-->\n\n\n\n<p>Das Briefing an Bord erfolgte sehr humorvoll und informativ. Drei Tauchg\u00e4nge (zwei mit Walhai- und einer mit Mantachance) waren bei der Tagesausfahrt vorgesehen, wobei auch Schnorcheln und Freitauchen als Optionen bestanden. Speziell vor bzw. am Beginn des 1. Tauchgangs.<br>Nachdem wir Mermaidingfotos machen wollten, Katrin Felton aka &#8220;<a href=\"https:\/\/www.facebook.com\/MermaidKat\" target=\"_blank\" rel=\"noopener\"><strong>Mermaid Kat<\/strong><\/a>&#8221; hatte Ihre wunderbare Silikonmeerjungfrauenflosse aus dem <a href=\"http:\/\/www.mermaid-kat-shop.de\" target=\"_blank\" rel=\"noopener\"><strong>Mermaid-Kat-Shop<\/strong><\/a> inkl. passendem Oberteil mit dabei, entschieden wir uns f\u00fcr das Schnorcheln und Freitauchen.<\/p>\n\n\n\n<p>Nach ca. 1 Stunde Fahrt bei sehr bew\u00f6lktem Himmel und zwischenzeitlichen Regeng\u00fcssen, waren wir am Tauchplatz angekommen.<br>Nachdem die andere Tauchgruppe am Boot abgetaucht war, bereiteten wir uns vor.<br>Der Kapit\u00e4n und die Crew die uns bei unserem Fotovorhaben sehr unterst\u00fctzten, suchten einstweilen nach einem Walhai der an der Wasserfl\u00e4che schwimmen sollte und kreuzten dabei mit dem Tauchboot mehrmals beim Tauchplatz.<\/p>\n\n\n\n<p><strong>Walhai!<\/strong> Tats\u00e4chlich und entgegen meiner urspr\u00fcnglichen Einsch\u00e4tzung, war ein Walhai relativ schnell gesichtet, doch um diesen schnorchelten bereits in ausreichender Zahl, G\u00e4ste von anderen Tauchbooten. Wir gingen zwar auch ins Wasser, aber da war der Walhai schon abgetaucht. Also lief die Suche weiter&#8230;und wir hatten Gl\u00fcck!<br>Ein weiter Walhai zog knapp unter der Wasseroberfl\u00e4che dahin. Schnell angezogen und hinein ins Wasser&#8230;davor h\u00f6rte ich noch ein Crewmitglied sagen: &#8220;A big one!&#8221;<\/p>\n\n\n\n<p>Die Gr\u00f6\u00dfe eines Walhais ist mir zwar prinzipiell egal, aber das &#8220;big&#8221; war dann doch ein wenig \u00fcbertrieben, denn es handelte sich um einen 4-5 m langen Junghai! \ud83d\ude00<br>Nat\u00fcrlich wundersch\u00f6n und imposant, auf die ca. 14 m die diese Haiart (die gr\u00f6\u00dfte \u00fcbrigens) erreichen kann, fehlte jedoch eine Menge&#8230; \ud83d\ude09<\/p>\n\n\n<div class=\"wp-block-image\">\n<figure data-wp-context=\"{&quot;imageId&quot;:&quot;69f4d16510523&quot;}\" data-wp-interactive=\"core\/image\" data-wp-key=\"69f4d16510523\" class=\"alignleft size-medium wp-lightbox-container\"><img loading=\"lazy\" decoding=\"async\" width=\"300\" height=\"200\" data-wp-class--hide=\"state.isContentHidden\" data-wp-class--show=\"state.isContentVisible\" data-wp-init=\"callbacks.setButtonStyles\" data-wp-on--click=\"actions.showLightbox\" data-wp-on--load=\"callbacks.setButtonStyles\" data-wp-on-window--resize=\"callbacks.setButtonStyles\" src=\"https:\/\/slauschek.photography\/cms\/wp-content\/uploads\/2021\/04\/UW-01017-01-001-OPT-779-300x200.jpg\" alt=\"\" class=\"wp-image-6878\"\/><button\n\t\t\tclass=\"lightbox-trigger\"\n\t\t\ttype=\"button\"\n\t\t\taria-haspopup=\"dialog\"\n\t\t\taria-label=\"Vergr\u00f6\u00dfern\"\n\t\t\tdata-wp-init=\"callbacks.initTriggerButton\"\n\t\t\tdata-wp-on--click=\"actions.showLightbox\"\n\t\t\tdata-wp-style--right=\"state.imageButtonRight\"\n\t\t\tdata-wp-style--top=\"state.imageButtonTop\"\n\t\t>\n\t\t\t<svg xmlns=\"http:\/\/www.w3.org\/2000\/svg\" width=\"12\" height=\"12\" fill=\"none\" viewBox=\"0 0 12 12\">\n\t\t\t\t<path fill=\"#fff\" d=\"M2 0a2 2 0 0 0-2 2v2h1.5V2a.5.5 0 0 1 .5-.5h2V0H2Zm2 10.5H2a.5.5 0 0 1-.5-.5V8H0v2a2 2 0 0 0 2 2h2v-1.5ZM8 12v-1.5h2a.5.5 0 0 0 .5-.5V8H12v2a2 2 0 0 1-2 2H8Zm2-12a2 2 0 0 1 2 2v2h-1.5V2a.5.5 0 0 0-.5-.5H8V0h2Z\" \/>\n\t\t\t<\/svg>\n\t\t<\/button><\/figure>\n<\/div>\n\n\n<p>Die Sicht war nicht so gut aber ausreichend und das Umgebungslicht sehr verbesserungsw\u00fcrdig. Katrin ging in Position, tauchte ab und auch ich versuchte beim Abtauchen eine gute Perspektive f\u00fcr die Fotos zu erlangen. Viel Zeit gab uns der Walhai aber nicht und auch beim Schwimmtempo kam er uns nicht sehr entgegen&#8230;daher konnten nur drei Fotos in ca. 4 m Tiefe gemacht werden die leider nicht ganz optimal waren. Und dann war die erste Chance auch schon vorbei!<br>Nachdem der Walhai danach ein wenig Tiefe machte und unseren Augen entschwand, war auch unsere zweite Chance dahin. Aber egal&#8230;es gibt gr\u00f6\u00dfere Probleme&#8230; \ud83d\ude09<\/p>\n\n\n\n<p>Der weitere Tauchtag ging ohne weitere Walhaisichtungen und auch ohne Mantabegegnung zu Ende. F\u00fcr einen Mantatauchgang bzw. ein gemeinsames Schnorcheln waren die Bedingungen in der Lagune zu schlecht, Sicht und Wellen passten einfach nicht.<br>Wir entschieden uns dadurch f\u00fcr einen Tauchgang meinem sogenannten &#8220;Arch&#8221;, einem kleinen Felsbogen in ca. 12 m Tiefe. Dort waren zwar die Tauchbedingungen auch nicht ideal, jedoch wesentlich besser als in der Lagune.<\/p>\n\n\n<div class=\"wp-block-image\">\n<figure data-wp-context=\"{&quot;imageId&quot;:&quot;69f4d16510871&quot;}\" data-wp-interactive=\"core\/image\" data-wp-key=\"69f4d16510871\" class=\"alignright size-medium wp-lightbox-container\"><img loading=\"lazy\" decoding=\"async\" width=\"300\" height=\"200\" data-wp-class--hide=\"state.isContentHidden\" data-wp-class--show=\"state.isContentVisible\" data-wp-init=\"callbacks.setButtonStyles\" data-wp-on--click=\"actions.showLightbox\" data-wp-on--load=\"callbacks.setButtonStyles\" data-wp-on-window--resize=\"callbacks.setButtonStyles\" src=\"https:\/\/slauschek.photography\/cms\/wp-content\/uploads\/2021\/04\/UW-01018-01-008-300x200.jpg\" alt=\"\" class=\"wp-image-6879\"\/><button\n\t\t\tclass=\"lightbox-trigger\"\n\t\t\ttype=\"button\"\n\t\t\taria-haspopup=\"dialog\"\n\t\t\taria-label=\"Vergr\u00f6\u00dfern\"\n\t\t\tdata-wp-init=\"callbacks.initTriggerButton\"\n\t\t\tdata-wp-on--click=\"actions.showLightbox\"\n\t\t\tdata-wp-style--right=\"state.imageButtonRight\"\n\t\t\tdata-wp-style--top=\"state.imageButtonTop\"\n\t\t>\n\t\t\t<svg xmlns=\"http:\/\/www.w3.org\/2000\/svg\" width=\"12\" height=\"12\" fill=\"none\" viewBox=\"0 0 12 12\">\n\t\t\t\t<path fill=\"#fff\" d=\"M2 0a2 2 0 0 0-2 2v2h1.5V2a.5.5 0 0 1 .5-.5h2V0H2Zm2 10.5H2a.5.5 0 0 1-.5-.5V8H0v2a2 2 0 0 0 2 2h2v-1.5ZM8 12v-1.5h2a.5.5 0 0 0 .5-.5V8H12v2a2 2 0 0 1-2 2H8Zm2-12a2 2 0 0 1 2 2v2h-1.5V2a.5.5 0 0 0-.5-.5H8V0h2Z\" \/>\n\t\t\t<\/svg>\n\t\t<\/button><\/figure>\n<\/div>\n\n\n<p>Wieder mit ihrem Silikonmermaidtail bekleidet, schwamm Katrin mehrmals durch den Bogen und wurde dabei von Magali und Ian als Safetydiver, die ihr die notwenige Atemluft gaben, toll unterst\u00fctzt!<\/p>\n\n\n\n<p>Recht zufrieden tauchten wir wieder auf und genossen den intensiven warmen Regen an der Wasseroberfl\u00e4che. Ein wunderbares Gef\u00fchl f\u00fcr einen Taucher in den Tropen!<\/p>\n\n\n\n<p>Die Regeng\u00fcsse begleiteten uns auch bei der R\u00fcckfahrt sehr intensiv und so freuten wir uns schon w\u00e4hrend dieser auf eine warme Dusche auf Vilamendhoo!<\/p>\n\n\n\n<p>To be continued&#8230;<\/p>\n\n\n\n<p><strong>Informationen zu den Fotos<\/strong>:<br>Malediven\/Ari Atoll<br>15.07.2015 &#8211; <a href=\"http:\/\/www.nikon.at\" target=\"_blank\" rel=\"noopener\">Nikon<\/a> D4\/Objektiv: 15mm Fisheye\/<a href=\"http:\/\/www.subal.com\" target=\"_blank\" rel=\"noopener\">SUBAL<\/a>-ND4S &#8220;Angler&#8221; Unterwassergeh\u00e4use\/SUBAL DP-FE4 Domeport\/2x <a href=\"http:\/\/www.subtronic.de\" target=\"_blank\" rel=\"noopener\">Subtronic<\/a> pro160 Unterwasserblitze\/<a href=\"http:\/\/www.reikle.de\" target=\"_blank\" rel=\"noopener\">Reikle<\/a> Blitzarmsystem<\/p>\n\n\n\n<p>Tauchequipment: <a href=\"http:\/\/www.mares.com\/?region=de\" target=\"_blank\" rel=\"noopener\">Mares &#8211; Just add water<\/a><br>Reisepartner: <a href=\"http:\/\/www.euro-divers.com\" target=\"_blank\" rel=\"noopener\">Euro-Divers<\/a>, <a href=\"http:\/\/www.vilamendhooisland.com\" target=\"_blank\" rel=\"noopener\">Vilamendhoo Island Resort <\/a>&amp; <a href=\"http:\/\/www.itsmysport.com\" target=\"_blank\" rel=\"noopener\">itsmysport<\/a><\/p>\n\n\n\n<p><em>Text &amp; Fotos:<\/em><br>\u00a9 Harald Slauschek | <a href=\"https:\/\/slauschek.photography\">Slauschek.Photography<\/a><\/p>\n","protected":false},"excerpt":{"rendered":"<p>Walhaie &#038; Mantas! Mit diesen Gedanken wachte ich auf&#8230;irgendwie zweifelte ich jedoch daran. Durch meine langj\u00e4hrige Erfahrung mit Versprechungen von Tauchbasen, war ich im Laufe der Zeit sehr vorsichtig geworden&#8230;<br \/>\nNach dem Fr\u00fchst\u00fcck checkten wir bei den Euro-Divers Vilamendhoo ein und erledigten den notwendigen Papierkram. Das war schnell erledigt.<\/p>\n","protected":false},"author":2,"featured_media":6878,"comment_status":"open","ping_status":"closed","sticky":false,"template":"","format":"standard","meta":{"jetpack_post_was_ever_published":false,"_jetpack_newsletter_access":"","_jetpack_dont_email_post_to_subs":false,"_jetpack_newsletter_tier_id":0,"_jetpack_memberships_contains_paywalled_content":false,"_jetpack_memberships_contains_paid_content":false,"footnotes":""},"categories":[173,189,129],"tags":[150,151,128,152,190,154,163,155,203],"class_list":["post-761","post","type-post","status-publish","format-standard","has-post-thumbnail","hentry","category-malediven","category-mermaids","category-reisen","tag-euro-divers","tag-fotoshooting","tag-harald-slauschek","tag-malediven","tag-mermaids","tag-shooting","tag-slauschek-photography","tag-vilamendhoo","tag-vilamendhoo-island-resort"],"yoast_head":"<!-- This site is optimized with the Yoast SEO plugin v27.4 - https:\/\/yoast.com\/product\/yoast-seo-wordpress\/ -->\n<title>Malediven Scouting-Trip - Teil 2 - 1. Tauchtag - Slauschek.Photography<\/title>\n<meta name=\"robots\" content=\"index, follow, max-snippet:-1, max-image-preview:large, max-video-preview:-1\" \/>\n<link rel=\"canonical\" href=\"https:\/\/slauschek.photography\/cms\/malediven-scouting-trip-teil-2-1-tauchtag-761\/\" \/>\n<meta property=\"og:locale\" content=\"de_DE\" \/>\n<meta property=\"og:type\" content=\"article\" \/>\n<meta property=\"og:title\" content=\"Malediven Scouting-Trip - Teil 2 - 1. Tauchtag - Slauschek.Photography\" \/>\n<meta property=\"og:description\" content=\"Walhaie &amp; Mantas! Mit diesen Gedanken wachte ich auf...irgendwie zweifelte ich jedoch daran. Durch meine langj\u00e4hrige Erfahrung mit Versprechungen von Tauchbasen, war ich im Laufe der Zeit sehr vorsichtig geworden... Nach dem Fr\u00fchst\u00fcck checkten wir bei den Euro-Divers Vilamendhoo ein und erledigten den notwendigen Papierkram. Das war schnell erledigt.\" \/>\n<meta property=\"og:url\" content=\"https:\/\/slauschek.photography\/cms\/malediven-scouting-trip-teil-2-1-tauchtag-761\/\" \/>\n<meta property=\"og:site_name\" content=\"Slauschek.Photography\" \/>\n<meta property=\"article:published_time\" content=\"2015-07-17T20:35:59+00:00\" \/>\n<meta property=\"article:modified_time\" content=\"2024-05-29T11:37:29+00:00\" \/>\n<meta property=\"og:image\" content=\"https:\/\/slauschek.photography\/cms\/wp-content\/uploads\/2021\/04\/UW-01017-01-001-OPT-779.jpg\" \/>\n\t<meta property=\"og:image:width\" content=\"1500\" \/>\n\t<meta property=\"og:image:height\" content=\"998\" \/>\n\t<meta property=\"og:image:type\" content=\"image\/jpeg\" \/>\n<meta name=\"author\" content=\"Harald Slauschek\" \/>\n<meta name=\"twitter:card\" content=\"summary_large_image\" \/>\n<meta name=\"twitter:label1\" content=\"Verfasst von\" \/>\n\t<meta name=\"twitter:data1\" content=\"Harald Slauschek\" \/>\n\t<meta name=\"twitter:label2\" content=\"Gesch\u00e4tzte Lesezeit\" \/>\n\t<meta name=\"twitter:data2\" content=\"5\u00a0Minuten\" \/>\n<script type=\"application\/ld+json\" class=\"yoast-schema-graph\">{\"@context\":\"https:\\\/\\\/schema.org\",\"@graph\":[{\"@type\":\"Article\",\"@id\":\"https:\\\/\\\/slauschek.photography\\\/cms\\\/malediven-scouting-trip-teil-2-1-tauchtag-761\\\/#article\",\"isPartOf\":{\"@id\":\"https:\\\/\\\/slauschek.photography\\\/cms\\\/malediven-scouting-trip-teil-2-1-tauchtag-761\\\/\"},\"author\":{\"name\":\"Harald Slauschek\",\"@id\":\"https:\\\/\\\/slauschek.photography\\\/cms\\\/#\\\/schema\\\/person\\\/ef602f3dfc5a0bd727ea4ce6b73b3701\"},\"headline\":\"Malediven Scouting-Trip &#8211; Teil 2 &#8211; 1. Tauchtag\",\"datePublished\":\"2015-07-17T20:35:59+00:00\",\"dateModified\":\"2024-05-29T11:37:29+00:00\",\"mainEntityOfPage\":{\"@id\":\"https:\\\/\\\/slauschek.photography\\\/cms\\\/malediven-scouting-trip-teil-2-1-tauchtag-761\\\/\"},\"wordCount\":670,\"commentCount\":0,\"image\":{\"@id\":\"https:\\\/\\\/slauschek.photography\\\/cms\\\/malediven-scouting-trip-teil-2-1-tauchtag-761\\\/#primaryimage\"},\"thumbnailUrl\":\"https:\\\/\\\/slauschek.photography\\\/cms\\\/wp-content\\\/uploads\\\/2021\\\/04\\\/UW-01017-01-001-OPT-779.jpg\",\"keywords\":[\"Euro-Divers\",\"Fotoshooting\",\"Harald Slauschek\",\"Malediven\",\"Mermaids\",\"Shooting\",\"Slauschek.Photography\",\"Vilamendhoo\",\"Vilamendhoo Island Resort\"],\"articleSection\":[\"Malediven\",\"Mermaids\",\"Reisen\"],\"inLanguage\":\"de\",\"potentialAction\":[{\"@type\":\"CommentAction\",\"name\":\"Comment\",\"target\":[\"https:\\\/\\\/slauschek.photography\\\/cms\\\/malediven-scouting-trip-teil-2-1-tauchtag-761\\\/#respond\"]}]},{\"@type\":\"WebPage\",\"@id\":\"https:\\\/\\\/slauschek.photography\\\/cms\\\/malediven-scouting-trip-teil-2-1-tauchtag-761\\\/\",\"url\":\"https:\\\/\\\/slauschek.photography\\\/cms\\\/malediven-scouting-trip-teil-2-1-tauchtag-761\\\/\",\"name\":\"Malediven Scouting-Trip - Teil 2 - 1. Tauchtag - Slauschek.Photography\",\"isPartOf\":{\"@id\":\"https:\\\/\\\/slauschek.photography\\\/cms\\\/#website\"},\"primaryImageOfPage\":{\"@id\":\"https:\\\/\\\/slauschek.photography\\\/cms\\\/malediven-scouting-trip-teil-2-1-tauchtag-761\\\/#primaryimage\"},\"image\":{\"@id\":\"https:\\\/\\\/slauschek.photography\\\/cms\\\/malediven-scouting-trip-teil-2-1-tauchtag-761\\\/#primaryimage\"},\"thumbnailUrl\":\"https:\\\/\\\/slauschek.photography\\\/cms\\\/wp-content\\\/uploads\\\/2021\\\/04\\\/UW-01017-01-001-OPT-779.jpg\",\"datePublished\":\"2015-07-17T20:35:59+00:00\",\"dateModified\":\"2024-05-29T11:37:29+00:00\",\"author\":{\"@id\":\"https:\\\/\\\/slauschek.photography\\\/cms\\\/#\\\/schema\\\/person\\\/ef602f3dfc5a0bd727ea4ce6b73b3701\"},\"breadcrumb\":{\"@id\":\"https:\\\/\\\/slauschek.photography\\\/cms\\\/malediven-scouting-trip-teil-2-1-tauchtag-761\\\/#breadcrumb\"},\"inLanguage\":\"de\",\"potentialAction\":[{\"@type\":\"ReadAction\",\"target\":[\"https:\\\/\\\/slauschek.photography\\\/cms\\\/malediven-scouting-trip-teil-2-1-tauchtag-761\\\/\"]}]},{\"@type\":\"ImageObject\",\"inLanguage\":\"de\",\"@id\":\"https:\\\/\\\/slauschek.photography\\\/cms\\\/malediven-scouting-trip-teil-2-1-tauchtag-761\\\/#primaryimage\",\"url\":\"https:\\\/\\\/slauschek.photography\\\/cms\\\/wp-content\\\/uploads\\\/2021\\\/04\\\/UW-01017-01-001-OPT-779.jpg\",\"contentUrl\":\"https:\\\/\\\/slauschek.photography\\\/cms\\\/wp-content\\\/uploads\\\/2021\\\/04\\\/UW-01017-01-001-OPT-779.jpg\",\"width\":1500,\"height\":998},{\"@type\":\"BreadcrumbList\",\"@id\":\"https:\\\/\\\/slauschek.photography\\\/cms\\\/malediven-scouting-trip-teil-2-1-tauchtag-761\\\/#breadcrumb\",\"itemListElement\":[{\"@type\":\"ListItem\",\"position\":1,\"name\":\"Startseite\",\"item\":\"https:\\\/\\\/slauschek.photography\\\/cms\\\/\"},{\"@type\":\"ListItem\",\"position\":2,\"name\":\"Malediven Scouting-Trip &#8211; Teil 2 &#8211; 1. Tauchtag\"}]},{\"@type\":\"WebSite\",\"@id\":\"https:\\\/\\\/slauschek.photography\\\/cms\\\/#website\",\"url\":\"https:\\\/\\\/slauschek.photography\\\/cms\\\/\",\"name\":\"Slauschek.Photography\",\"description\":\"Passion meets profession!\",\"potentialAction\":[{\"@type\":\"SearchAction\",\"target\":{\"@type\":\"EntryPoint\",\"urlTemplate\":\"https:\\\/\\\/slauschek.photography\\\/cms\\\/?s={search_term_string}\"},\"query-input\":{\"@type\":\"PropertyValueSpecification\",\"valueRequired\":true,\"valueName\":\"search_term_string\"}}],\"inLanguage\":\"de\"},{\"@type\":\"Person\",\"@id\":\"https:\\\/\\\/slauschek.photography\\\/cms\\\/#\\\/schema\\\/person\\\/ef602f3dfc5a0bd727ea4ce6b73b3701\",\"name\":\"Harald Slauschek\",\"image\":{\"@type\":\"ImageObject\",\"inLanguage\":\"de\",\"@id\":\"https:\\\/\\\/secure.gravatar.com\\\/avatar\\\/926ae54bb219acef952c24e6fe85583cf86e05d2f17df8d10a57a502b06920ef?s=96&d=mm&r=g\",\"url\":\"https:\\\/\\\/secure.gravatar.com\\\/avatar\\\/926ae54bb219acef952c24e6fe85583cf86e05d2f17df8d10a57a502b06920ef?s=96&d=mm&r=g\",\"contentUrl\":\"https:\\\/\\\/secure.gravatar.com\\\/avatar\\\/926ae54bb219acef952c24e6fe85583cf86e05d2f17df8d10a57a502b06920ef?s=96&d=mm&r=g\",\"caption\":\"Harald Slauschek\"},\"url\":\"https:\\\/\\\/slauschek.photography\\\/cms\\\/author\\\/hshark\\\/\"}]}<\/script>\n<!-- \/ Yoast SEO plugin. -->","yoast_head_json":{"title":"Malediven Scouting-Trip - Teil 2 - 1. Tauchtag - Slauschek.Photography","robots":{"index":"index","follow":"follow","max-snippet":"max-snippet:-1","max-image-preview":"max-image-preview:large","max-video-preview":"max-video-preview:-1"},"canonical":"https:\/\/slauschek.photography\/cms\/malediven-scouting-trip-teil-2-1-tauchtag-761\/","og_locale":"de_DE","og_type":"article","og_title":"Malediven Scouting-Trip - Teil 2 - 1. Tauchtag - Slauschek.Photography","og_description":"Walhaie & Mantas! Mit diesen Gedanken wachte ich auf...irgendwie zweifelte ich jedoch daran. Durch meine langj\u00e4hrige Erfahrung mit Versprechungen von Tauchbasen, war ich im Laufe der Zeit sehr vorsichtig geworden... Nach dem Fr\u00fchst\u00fcck checkten wir bei den Euro-Divers Vilamendhoo ein und erledigten den notwendigen Papierkram. Das war schnell erledigt.","og_url":"https:\/\/slauschek.photography\/cms\/malediven-scouting-trip-teil-2-1-tauchtag-761\/","og_site_name":"Slauschek.Photography","article_published_time":"2015-07-17T20:35:59+00:00","article_modified_time":"2024-05-29T11:37:29+00:00","og_image":[{"width":1500,"height":998,"url":"https:\/\/slauschek.photography\/cms\/wp-content\/uploads\/2021\/04\/UW-01017-01-001-OPT-779.jpg","type":"image\/jpeg"}],"author":"Harald Slauschek","twitter_card":"summary_large_image","twitter_misc":{"Verfasst von":"Harald Slauschek","Gesch\u00e4tzte Lesezeit":"5\u00a0Minuten"},"schema":{"@context":"https:\/\/schema.org","@graph":[{"@type":"Article","@id":"https:\/\/slauschek.photography\/cms\/malediven-scouting-trip-teil-2-1-tauchtag-761\/#article","isPartOf":{"@id":"https:\/\/slauschek.photography\/cms\/malediven-scouting-trip-teil-2-1-tauchtag-761\/"},"author":{"name":"Harald Slauschek","@id":"https:\/\/slauschek.photography\/cms\/#\/schema\/person\/ef602f3dfc5a0bd727ea4ce6b73b3701"},"headline":"Malediven Scouting-Trip &#8211; Teil 2 &#8211; 1. Tauchtag","datePublished":"2015-07-17T20:35:59+00:00","dateModified":"2024-05-29T11:37:29+00:00","mainEntityOfPage":{"@id":"https:\/\/slauschek.photography\/cms\/malediven-scouting-trip-teil-2-1-tauchtag-761\/"},"wordCount":670,"commentCount":0,"image":{"@id":"https:\/\/slauschek.photography\/cms\/malediven-scouting-trip-teil-2-1-tauchtag-761\/#primaryimage"},"thumbnailUrl":"https:\/\/slauschek.photography\/cms\/wp-content\/uploads\/2021\/04\/UW-01017-01-001-OPT-779.jpg","keywords":["Euro-Divers","Fotoshooting","Harald Slauschek","Malediven","Mermaids","Shooting","Slauschek.Photography","Vilamendhoo","Vilamendhoo Island Resort"],"articleSection":["Malediven","Mermaids","Reisen"],"inLanguage":"de","potentialAction":[{"@type":"CommentAction","name":"Comment","target":["https:\/\/slauschek.photography\/cms\/malediven-scouting-trip-teil-2-1-tauchtag-761\/#respond"]}]},{"@type":"WebPage","@id":"https:\/\/slauschek.photography\/cms\/malediven-scouting-trip-teil-2-1-tauchtag-761\/","url":"https:\/\/slauschek.photography\/cms\/malediven-scouting-trip-teil-2-1-tauchtag-761\/","name":"Malediven Scouting-Trip - Teil 2 - 1. Tauchtag - Slauschek.Photography","isPartOf":{"@id":"https:\/\/slauschek.photography\/cms\/#website"},"primaryImageOfPage":{"@id":"https:\/\/slauschek.photography\/cms\/malediven-scouting-trip-teil-2-1-tauchtag-761\/#primaryimage"},"image":{"@id":"https:\/\/slauschek.photography\/cms\/malediven-scouting-trip-teil-2-1-tauchtag-761\/#primaryimage"},"thumbnailUrl":"https:\/\/slauschek.photography\/cms\/wp-content\/uploads\/2021\/04\/UW-01017-01-001-OPT-779.jpg","datePublished":"2015-07-17T20:35:59+00:00","dateModified":"2024-05-29T11:37:29+00:00","author":{"@id":"https:\/\/slauschek.photography\/cms\/#\/schema\/person\/ef602f3dfc5a0bd727ea4ce6b73b3701"},"breadcrumb":{"@id":"https:\/\/slauschek.photography\/cms\/malediven-scouting-trip-teil-2-1-tauchtag-761\/#breadcrumb"},"inLanguage":"de","potentialAction":[{"@type":"ReadAction","target":["https:\/\/slauschek.photography\/cms\/malediven-scouting-trip-teil-2-1-tauchtag-761\/"]}]},{"@type":"ImageObject","inLanguage":"de","@id":"https:\/\/slauschek.photography\/cms\/malediven-scouting-trip-teil-2-1-tauchtag-761\/#primaryimage","url":"https:\/\/slauschek.photography\/cms\/wp-content\/uploads\/2021\/04\/UW-01017-01-001-OPT-779.jpg","contentUrl":"https:\/\/slauschek.photography\/cms\/wp-content\/uploads\/2021\/04\/UW-01017-01-001-OPT-779.jpg","width":1500,"height":998},{"@type":"BreadcrumbList","@id":"https:\/\/slauschek.photography\/cms\/malediven-scouting-trip-teil-2-1-tauchtag-761\/#breadcrumb","itemListElement":[{"@type":"ListItem","position":1,"name":"Startseite","item":"https:\/\/slauschek.photography\/cms\/"},{"@type":"ListItem","position":2,"name":"Malediven Scouting-Trip &#8211; Teil 2 &#8211; 1. Tauchtag"}]},{"@type":"WebSite","@id":"https:\/\/slauschek.photography\/cms\/#website","url":"https:\/\/slauschek.photography\/cms\/","name":"Slauschek.Photography","description":"Passion meets profession!","potentialAction":[{"@type":"SearchAction","target":{"@type":"EntryPoint","urlTemplate":"https:\/\/slauschek.photography\/cms\/?s={search_term_string}"},"query-input":{"@type":"PropertyValueSpecification","valueRequired":true,"valueName":"search_term_string"}}],"inLanguage":"de"},{"@type":"Person","@id":"https:\/\/slauschek.photography\/cms\/#\/schema\/person\/ef602f3dfc5a0bd727ea4ce6b73b3701","name":"Harald Slauschek","image":{"@type":"ImageObject","inLanguage":"de","@id":"https:\/\/secure.gravatar.com\/avatar\/926ae54bb219acef952c24e6fe85583cf86e05d2f17df8d10a57a502b06920ef?s=96&d=mm&r=g","url":"https:\/\/secure.gravatar.com\/avatar\/926ae54bb219acef952c24e6fe85583cf86e05d2f17df8d10a57a502b06920ef?s=96&d=mm&r=g","contentUrl":"https:\/\/secure.gravatar.com\/avatar\/926ae54bb219acef952c24e6fe85583cf86e05d2f17df8d10a57a502b06920ef?s=96&d=mm&r=g","caption":"Harald Slauschek"},"url":"https:\/\/slauschek.photography\/cms\/author\/hshark\/"}]}},"jetpack_featured_media_url":"https:\/\/slauschek.photography\/cms\/wp-content\/uploads\/2021\/04\/UW-01017-01-001-OPT-779.jpg","jetpack_sharing_enabled":true,"_links":{"self":[{"href":"https:\/\/slauschek.photography\/cms\/wp-json\/wp\/v2\/posts\/761","targetHints":{"allow":["GET"]}}],"collection":[{"href":"https:\/\/slauschek.photography\/cms\/wp-json\/wp\/v2\/posts"}],"about":[{"href":"https:\/\/slauschek.photography\/cms\/wp-json\/wp\/v2\/types\/post"}],"author":[{"embeddable":true,"href":"https:\/\/slauschek.photography\/cms\/wp-json\/wp\/v2\/users\/2"}],"replies":[{"embeddable":true,"href":"https:\/\/slauschek.photography\/cms\/wp-json\/wp\/v2\/comments?post=761"}],"version-history":[{"count":6,"href":"https:\/\/slauschek.photography\/cms\/wp-json\/wp\/v2\/posts\/761\/revisions"}],"predecessor-version":[{"id":9619,"href":"https:\/\/slauschek.photography\/cms\/wp-json\/wp\/v2\/posts\/761\/revisions\/9619"}],"wp:featuredmedia":[{"embeddable":true,"href":"https:\/\/slauschek.photography\/cms\/wp-json\/wp\/v2\/media\/6878"}],"wp:attachment":[{"href":"https:\/\/slauschek.photography\/cms\/wp-json\/wp\/v2\/media?parent=761"}],"wp:term":[{"taxonomy":"category","embeddable":true,"href":"https:\/\/slauschek.photography\/cms\/wp-json\/wp\/v2\/categories?post=761"},{"taxonomy":"post_tag","embeddable":true,"href":"https:\/\/slauschek.photography\/cms\/wp-json\/wp\/v2\/tags?post=761"}],"curies":[{"name":"wp","href":"https:\/\/api.w.org\/{rel}","templated":true}]}}