{"id":8426,"date":"2021-08-22T23:27:50","date_gmt":"2021-08-22T21:27:50","guid":{"rendered":"https:\/\/slauschek.photography\/cms\/?p=8426"},"modified":"2024-05-29T13:06:18","modified_gmt":"2024-05-29T11:06:18","slug":"artrestart-brunn-kreativprojekt-kunst-im-offentlichen-raum","status":"publish","type":"post","link":"https:\/\/slauschek.photography\/cms\/artrestart-brunn-kreativprojekt-kunst-im-offentlichen-raum-8426\/","title":{"rendered":"ArtRestart Brunn &#8211; Kreativprojekt Kunst im \u00f6ffentlichen Raum"},"content":{"rendered":"\n<h4 class=\"wp-block-heading\">Das Projekt<\/h4>\n\n\n<div class=\"wp-block-image\">\n<figure data-wp-context=\"{&quot;imageId&quot;:&quot;69f2e061b6ab1&quot;}\" data-wp-interactive=\"core\/image\" data-wp-key=\"69f2e061b6ab1\" class=\"alignright size-medium wp-lightbox-container\"><img loading=\"lazy\" decoding=\"async\" width=\"300\" height=\"200\" data-wp-class--hide=\"state.isContentHidden\" data-wp-class--show=\"state.isContentVisible\" data-wp-init=\"callbacks.setButtonStyles\" data-wp-on--click=\"actions.showLightbox\" data-wp-on--load=\"callbacks.setButtonStyles\" data-wp-on-window--resize=\"callbacks.setButtonStyles\" src=\"https:\/\/slauschek.photography\/cms\/wp-content\/uploads\/2021\/08\/SPO7424-300x200.jpg\" alt=\"\" class=\"wp-image-8433\"\/><button\n\t\t\tclass=\"lightbox-trigger\"\n\t\t\ttype=\"button\"\n\t\t\taria-haspopup=\"dialog\"\n\t\t\taria-label=\"Vergr\u00f6\u00dfern\"\n\t\t\tdata-wp-init=\"callbacks.initTriggerButton\"\n\t\t\tdata-wp-on--click=\"actions.showLightbox\"\n\t\t\tdata-wp-style--right=\"state.imageButtonRight\"\n\t\t\tdata-wp-style--top=\"state.imageButtonTop\"\n\t\t>\n\t\t\t<svg xmlns=\"http:\/\/www.w3.org\/2000\/svg\" width=\"12\" height=\"12\" fill=\"none\" viewBox=\"0 0 12 12\">\n\t\t\t\t<path fill=\"#fff\" d=\"M2 0a2 2 0 0 0-2 2v2h1.5V2a.5.5 0 0 1 .5-.5h2V0H2Zm2 10.5H2a.5.5 0 0 1-.5-.5V8H0v2a2 2 0 0 0 2 2h2v-1.5ZM8 12v-1.5h2a.5.5 0 0 0 .5-.5V8H12v2a2 2 0 0 1-2 2H8Zm2-12a2 2 0 0 1 2 2v2h-1.5V2a.5.5 0 0 0-.5-.5H8V0h2Z\" \/>\n\t\t\t<\/svg>\n\t\t<\/button><figcaption class=\"wp-element-caption\">5. Bahnhof Vorplatz \/ Aufgang Auszeit \u2013 \u201eTiger der Meere\u201c<\/figcaption><\/figure>\n<\/div>\n\n\n<p>&#8220;<strong>ArtRestart Brunn &#8211; Kreativprojekt Kunst im \u00f6ffentlichen Raum<\/strong>&#8221; ist ein Projekt das Slauschek.Photography in Kooperation mit dem Kulturreferat der Marktgemeinde Brunn am Gebirge geplant und umgesetzt hat.<\/p>\n\n\n\n<p>Durch dieses Projekt soll ein deutlich sichtbares Zeichen f\u00fcr das Wiederaufleben der Kunst &amp; Kultur gesetzt werden. Durch die Einschr\u00e4nkungen im Rahmen der SARS-CoV-2-Pandemie, war ja Kunst gar nicht bzw. nur extrem reduziert m\u00f6glich.<\/p>\n\n\n\n<p>Noch <strong>bis 31.08.2021<\/strong> sind an 8 \u00f6ffentlichen Pl\u00e4tzen in Brunn\/Geb., gro\u00dfformatige <strong>Unterwasserfotos<\/strong> (3,40m x 1,74m) <strong>des Fotografen &amp; K\u00fcnstlers Harald Slauschek<\/strong> ausgestellt und dadurch frei erlebbar sowie &#8220;ergehbar&#8221;.<\/p>\n\n\n<div class=\"wp-block-image\">\n<figure data-wp-context=\"{&quot;imageId&quot;:&quot;69f2e061b6f5c&quot;}\" data-wp-interactive=\"core\/image\" data-wp-key=\"69f2e061b6f5c\" class=\"alignleft size-thumbnail wp-lightbox-container\"><img loading=\"lazy\" decoding=\"async\" width=\"150\" height=\"150\" data-wp-class--hide=\"state.isContentHidden\" data-wp-class--show=\"state.isContentVisible\" data-wp-init=\"callbacks.setButtonStyles\" data-wp-on--click=\"actions.showLightbox\" data-wp-on--load=\"callbacks.setButtonStyles\" data-wp-on-window--resize=\"callbacks.setButtonStyles\" src=\"https:\/\/slauschek.photography\/cms\/wp-content\/uploads\/2021\/04\/Pic2_MIA_8861-H2O-150x150.jpg\" alt=\"\" class=\"wp-image-7807\" style=\"object-fit:cover\"\/><button\n\t\t\tclass=\"lightbox-trigger\"\n\t\t\ttype=\"button\"\n\t\t\taria-haspopup=\"dialog\"\n\t\t\taria-label=\"Vergr\u00f6\u00dfern\"\n\t\t\tdata-wp-init=\"callbacks.initTriggerButton\"\n\t\t\tdata-wp-on--click=\"actions.showLightbox\"\n\t\t\tdata-wp-style--right=\"state.imageButtonRight\"\n\t\t\tdata-wp-style--top=\"state.imageButtonTop\"\n\t\t>\n\t\t\t<svg xmlns=\"http:\/\/www.w3.org\/2000\/svg\" width=\"12\" height=\"12\" fill=\"none\" viewBox=\"0 0 12 12\">\n\t\t\t\t<path fill=\"#fff\" d=\"M2 0a2 2 0 0 0-2 2v2h1.5V2a.5.5 0 0 1 .5-.5h2V0H2Zm2 10.5H2a.5.5 0 0 1-.5-.5V8H0v2a2 2 0 0 0 2 2h2v-1.5ZM8 12v-1.5h2a.5.5 0 0 0 .5-.5V8H12v2a2 2 0 0 1-2 2H8Zm2-12a2 2 0 0 1 2 2v2h-1.5V2a.5.5 0 0 0-.5-.5H8V0h2Z\" \/>\n\t\t\t<\/svg>\n\t\t<\/button><figcaption class=\"wp-element-caption\">\u00a9 Carina Pinkwart<\/figcaption><\/figure>\n<\/div>\n\n\n<h4 class=\"wp-block-heading\">\u00dcber den K\u00fcnstler<\/h4>\n\n\n\n<p>Harald Slauschek ist Mitglied des \u00d6sterreichischen Nationalteams in der Unterwasserfotografie und wurde 2012 in die \u201eHall of Fame\u201c des TSV\u00d6 \u2013 Tauchsportverband \u00d6sterreichs aufgenommen.<br>Als \u00f6sterreichischer Unterwasserfotograf hat er sich mit seinen Unterwasserfotoshootings weltweit einen Namen gemacht. Der 1966 in Wien geborene und vielfach ausgezeichnete Berufsfotograf (u.a. Auszeichnung beim \u201eBBC Wildlife Photographer of the Year\u201c) verf\u00fcgt \u00fcber mehr als 25 Jahre Erfahrung und stellt in seiner Fotografie die Kunst des Sehens \u00fcber alles Andere. Harald Slauschek lebt seit \u00fcber 40 Jahren in Brunn am Gebirge.<\/p>\n\n\n\n<h4 class=\"wp-block-heading\">Detailinfos<\/h4>\n\n\n<div class=\"wp-block-image\">\n<figure data-wp-context=\"{&quot;imageId&quot;:&quot;69f2e061b73ff&quot;}\" data-wp-interactive=\"core\/image\" data-wp-key=\"69f2e061b73ff\" class=\"alignright size-medium wp-lightbox-container\"><img loading=\"lazy\" decoding=\"async\" width=\"300\" height=\"200\" data-wp-class--hide=\"state.isContentHidden\" data-wp-class--show=\"state.isContentVisible\" data-wp-init=\"callbacks.setButtonStyles\" data-wp-on--click=\"actions.showLightbox\" data-wp-on--load=\"callbacks.setButtonStyles\" data-wp-on-window--resize=\"callbacks.setButtonStyles\" src=\"https:\/\/slauschek.photography\/cms\/wp-content\/uploads\/2021\/08\/SPO7430-300x200.jpg\" alt=\"\" class=\"wp-image-8436\"\/><button\n\t\t\tclass=\"lightbox-trigger\"\n\t\t\ttype=\"button\"\n\t\t\taria-haspopup=\"dialog\"\n\t\t\taria-label=\"Vergr\u00f6\u00dfern\"\n\t\t\tdata-wp-init=\"callbacks.initTriggerButton\"\n\t\t\tdata-wp-on--click=\"actions.showLightbox\"\n\t\t\tdata-wp-style--right=\"state.imageButtonRight\"\n\t\t\tdata-wp-style--top=\"state.imageButtonTop\"\n\t\t>\n\t\t\t<svg xmlns=\"http:\/\/www.w3.org\/2000\/svg\" width=\"12\" height=\"12\" fill=\"none\" viewBox=\"0 0 12 12\">\n\t\t\t\t<path fill=\"#fff\" d=\"M2 0a2 2 0 0 0-2 2v2h1.5V2a.5.5 0 0 1 .5-.5h2V0H2Zm2 10.5H2a.5.5 0 0 1-.5-.5V8H0v2a2 2 0 0 0 2 2h2v-1.5ZM8 12v-1.5h2a.5.5 0 0 0 .5-.5V8H12v2a2 2 0 0 1-2 2H8Zm2-12a2 2 0 0 1 2 2v2h-1.5V2a.5.5 0 0 0-.5-.5H8V0h2Z\" \/>\n\t\t\t<\/svg>\n\t\t<\/button><figcaption class=\"wp-element-caption\">6. Vorplatz VS Wienerstra\u00dfe \/ Wiener Str. 25 \u2013 \u201eHammerhai Eldorado\u201c<\/figcaption><\/figure>\n<\/div>\n\n\n<p><strong>Standorte in Brunn am Gebirge<\/strong><\/p>\n\n\n\n<ul class=\"wp-block-list\">\n<li>1. Josef Hesoun Stra\u00dfe \/ Schinterteichgasse 13 \u2013 \u201eMahlzeit!\u201c<\/li>\n\n\n\n<li>2. Golfplatz \/ Rennweg 50 \u2013 \u201eSepia on escape\u201c<\/li>\n\n\n\n<li>3. Rennweg Neue VS \/ Ecke Franz Schubert-Str. 22 \u2013 \u201eFishmove\u201c<\/li>\n\n\n\n<li>4. Freizeitzentrum \/ Beachplatz \u2013 \u201eRiffpatrouille\u201c<\/li>\n\n\n\n<li>5. Bahnhof Vorplatz \/ Aufgang Auszeit \u2013 \u201eTiger der Meere\u201c<\/li>\n\n\n\n<li>6. Vorplatz VS Wienerstra\u00dfe \/ Wiener Str. 25 \u2013 \u201eHammerhai Eldorado\u201c<\/li>\n\n\n\n<li>7. Feldstra\u00dfe \/ Ecke Frachtenbahnhof (gegen\u00fcber Nr. 31a) \u2013 \u201eManta, Manta\u201c<\/li>\n\n\n\n<li>8. Pier 21 \u2013 Sundowner Lounge \/ Liebermannstra\u00dfe 2 &#8211; \u201eThe Boss\u201c<\/li>\n<\/ul>\n\n\n\n<p><strong>Weitere Informationen<\/strong> zu &#8220;ArtRestart Brunn &#8211; Kreativprojekt Kunst im \u00f6ffentlichen Raum&#8221; gibt es auf der <a href=\"https:\/\/www.brunnamgebirge.at\/kunstprojekt-artrestart\/\" target=\"_blank\" rel=\"noreferrer noopener\">Homepage der Marktgemeinde Brunn\/Geb.<\/a> <strong>und<\/strong> auf der <a href=\"https:\/\/www.facebook.com\/events\/886179311963424\/?ref=newsfeed\" target=\"_blank\" rel=\"noreferrer noopener\">Facebookseite &#8220;Brunn Events + Service&#8221;\u2026<\/a><\/p>\n\n\n\n<h4 class=\"wp-block-heading\">Danksagung<\/h4>\n\n\n\n<p>Besonderer Dank gilt in diesem Zusammenhang, GR Renate Feiks, der Vorsitzenden des Kulturreferats der Marktgemeinde Brunn am Gebirge, &#8220;Lilu&#8221; Steinbach, der in der Gemeinde zust\u00e4ndigen Veranstaltungsorganisatorin und dem Vizeb\u00fcrgermeister von Brunn am Gebirge, Matthias M\u00fcller.<br>Sie waren von Anfang an begeistert bei der Sache sowie vom Potential des Projekts \u00fcberzeugt und haben sich dadurch sehr f\u00fcr dieses eingesetzt!<\/p>\n\n\n\n<p><em>Bildershow: ArtRestart Brunn 2021<\/em><\/p>\n\n\n\n<div class=\"wp-block-jetpack-slideshow aligncenter\"><div data-autoplay=\"true\" data-delay=\"3\" data-effect=\"slide\"><div class=\"wp-block-jetpack-slideshow_container swiper-container\"><ul class=\"wp-block-jetpack-slideshow_swiper-wrapper swiper-wrapper\"><li class=\"wp-block-jetpack-slideshow_slide swiper-slide\"><figure><img loading=\"lazy\" decoding=\"async\" width=\"1500\" height=\"555\" alt=\"\" class=\"wp-block-jetpack-slideshow_image wp-image-8446\" data-id=\"8446\" src=\"https:\/\/slauschek.photography\/cms\/wp-content\/uploads\/2021\/08\/PDBO7636.jpg\"\/><figcaption class=\"wp-block-jetpack-slideshow_caption gallery-caption\">Die 8 Bilder der Ausstellung in einer \u00dcbersicht<\/figcaption><\/figure><\/li><li class=\"wp-block-jetpack-slideshow_slide swiper-slide\"><figure><img loading=\"lazy\" decoding=\"async\" width=\"1500\" height=\"1000\" alt=\"\" class=\"wp-block-jetpack-slideshow_image wp-image-8428\" data-id=\"8428\" src=\"https:\/\/slauschek.photography\/cms\/wp-content\/uploads\/2021\/08\/SPO7413.jpg\"\/><figcaption class=\"wp-block-jetpack-slideshow_caption gallery-caption\">1. Josef Hesoun Stra\u00dfe \/ Schinterteichgasse 13 \u2013 \u201eMahlzeit!\u201c<\/figcaption><\/figure><\/li><li class=\"wp-block-jetpack-slideshow_slide swiper-slide\"><figure><img loading=\"lazy\" decoding=\"async\" width=\"1500\" height=\"1000\" alt=\"\" class=\"wp-block-jetpack-slideshow_image wp-image-8429\" data-id=\"8429\" src=\"https:\/\/slauschek.photography\/cms\/wp-content\/uploads\/2021\/08\/SPO7414.jpg\"\/><figcaption class=\"wp-block-jetpack-slideshow_caption gallery-caption\">2. Golfplatz \/ Rennweg 50 \u2013 \u201eSepia on escape\u201c<\/figcaption><\/figure><\/li><li class=\"wp-block-jetpack-slideshow_slide swiper-slide\"><figure><img loading=\"lazy\" decoding=\"async\" width=\"1500\" height=\"1000\" alt=\"\" class=\"wp-block-jetpack-slideshow_image wp-image-8430\" data-id=\"8430\" src=\"https:\/\/slauschek.photography\/cms\/wp-content\/uploads\/2021\/08\/SPO7417.jpg\"\/><figcaption class=\"wp-block-jetpack-slideshow_caption gallery-caption\">3. Rennweg Neue VS \/ Ecke Franz Schubert-Str. 22 \u2013 \u201eFishmove\u201c<\/figcaption><\/figure><\/li><li class=\"wp-block-jetpack-slideshow_slide swiper-slide\"><figure><img loading=\"lazy\" decoding=\"async\" width=\"1500\" height=\"1000\" alt=\"\" class=\"wp-block-jetpack-slideshow_image wp-image-8431\" data-id=\"8431\" src=\"https:\/\/slauschek.photography\/cms\/wp-content\/uploads\/2021\/08\/SPO7419.jpg\"\/><figcaption class=\"wp-block-jetpack-slideshow_caption gallery-caption\">4. Freizeitzentrum \/ Beachplatz \u2013 \u201eRiffpatrouille\u201c<\/figcaption><\/figure><\/li><li class=\"wp-block-jetpack-slideshow_slide swiper-slide\"><figure><img loading=\"lazy\" decoding=\"async\" width=\"1500\" height=\"1000\" alt=\"\" class=\"wp-block-jetpack-slideshow_image wp-image-8433\" data-id=\"8433\" src=\"https:\/\/slauschek.photography\/cms\/wp-content\/uploads\/2021\/08\/SPO7424.jpg\"\/><figcaption class=\"wp-block-jetpack-slideshow_caption gallery-caption\">5. Bahnhof Vorplatz \/ Aufgang Auszeit \u2013 \u201eTiger der Meere\u201c<\/figcaption><\/figure><\/li><li class=\"wp-block-jetpack-slideshow_slide swiper-slide\"><figure><img loading=\"lazy\" decoding=\"async\" width=\"1500\" height=\"1000\" alt=\"\" class=\"wp-block-jetpack-slideshow_image wp-image-8436\" data-id=\"8436\" src=\"https:\/\/slauschek.photography\/cms\/wp-content\/uploads\/2021\/08\/SPO7430.jpg\"\/><figcaption class=\"wp-block-jetpack-slideshow_caption gallery-caption\">6. Vorplatz VS Wienerstra\u00dfe \/ Wiener Str. 25 \u2013 \u201eHammerhai Eldorado\u201c<\/figcaption><\/figure><\/li><li class=\"wp-block-jetpack-slideshow_slide swiper-slide\"><figure><img loading=\"lazy\" decoding=\"async\" width=\"1500\" height=\"1000\" alt=\"\" class=\"wp-block-jetpack-slideshow_image wp-image-8437\" data-id=\"8437\" src=\"https:\/\/slauschek.photography\/cms\/wp-content\/uploads\/2021\/08\/SPO7434.jpg\"\/><figcaption class=\"wp-block-jetpack-slideshow_caption gallery-caption\">7. Feldstra\u00dfe \/ Ecke Frachtenbahnhof (gegen\u00fcber Nr. 31a) \u2013 \u201eManta, Manta\u201c<\/figcaption><\/figure><\/li><li class=\"wp-block-jetpack-slideshow_slide swiper-slide\"><figure><img loading=\"lazy\" decoding=\"async\" width=\"1500\" height=\"1000\" alt=\"\" class=\"wp-block-jetpack-slideshow_image wp-image-8438\" data-id=\"8438\" src=\"https:\/\/slauschek.photography\/cms\/wp-content\/uploads\/2021\/08\/SPO7439.jpg\"\/><figcaption class=\"wp-block-jetpack-slideshow_caption gallery-caption\">8. Pier 21 \u2013 Sundowner Lounge \/ Liebermannstra\u00dfe 2 &#8211; \u201eThe Boss\u201c<\/figcaption><\/figure><\/li><li class=\"wp-block-jetpack-slideshow_slide swiper-slide\"><figure><img loading=\"lazy\" decoding=\"async\" width=\"1500\" height=\"728\" alt=\"\" class=\"wp-block-jetpack-slideshow_image wp-image-8445\" data-id=\"8445\" src=\"https:\/\/slauschek.photography\/cms\/wp-content\/uploads\/2021\/08\/NFVE0607.jpg\"\/><figcaption class=\"wp-block-jetpack-slideshow_caption gallery-caption\">Erich Slauschek, Vater des K\u00fcnstlers, bei der Seel\u00f6wenf\u00fctterung<\/figcaption><\/figure><\/li><li class=\"wp-block-jetpack-slideshow_slide swiper-slide\"><figure><img loading=\"lazy\" decoding=\"async\" width=\"1352\" height=\"1500\" alt=\"\" class=\"wp-block-jetpack-slideshow_image wp-image-8442\" data-id=\"8442\" src=\"https:\/\/slauschek.photography\/cms\/wp-content\/uploads\/2021\/08\/IMG_8125.jpg\"\/><figcaption class=\"wp-block-jetpack-slideshow_caption gallery-caption\">Pressefotoshooting mit der Journalistin Johanna Hoblik (N\u00d6N) &#8211; v.l.n.r. BGM Dr. Andreas Linhart, GR\/ Kulturreferentin Renate Feiks, VizeBGM Matthias M\u00fcller &amp; Fotograf Harald Slauschek<\/figcaption><\/figure><\/li><li class=\"wp-block-jetpack-slideshow_slide swiper-slide\"><figure><img loading=\"lazy\" decoding=\"async\" width=\"1500\" height=\"554\" alt=\"\" class=\"wp-block-jetpack-slideshow_image wp-image-8439\" data-id=\"8439\" src=\"https:\/\/slauschek.photography\/cms\/wp-content\/uploads\/2021\/08\/ArtRestart-NO\u0308N-2021-07.jpg\"\/><figcaption class=\"wp-block-jetpack-slideshow_caption gallery-caption\">Ein sch\u00f6ner, fl\u00e4chiger Bericht in der N\u00d6N M\u00f6dling &#8211; Nieder\u00f6sterreichische Nachrichten<\/figcaption><\/figure><\/li><li class=\"wp-block-jetpack-slideshow_slide swiper-slide\"><figure><img loading=\"lazy\" decoding=\"async\" width=\"1500\" height=\"1000\" alt=\"\" class=\"wp-block-jetpack-slideshow_image wp-image-8444\" data-id=\"8444\" src=\"https:\/\/slauschek.photography\/cms\/wp-content\/uploads\/2021\/08\/IMG_E8066.jpg\"\/><figcaption class=\"wp-block-jetpack-slideshow_caption gallery-caption\">Ausstellungsaufbau &#8211; Team Leonie, Samuel &amp; Harald im Einsatz<\/figcaption><\/figure><\/li><li class=\"wp-block-jetpack-slideshow_slide swiper-slide\"><figure><img loading=\"lazy\" decoding=\"async\" width=\"1125\" height=\"1500\" alt=\"\" class=\"wp-block-jetpack-slideshow_image wp-image-8443\" data-id=\"8443\" src=\"https:\/\/slauschek.photography\/cms\/wp-content\/uploads\/2021\/08\/IMG_E8065.jpg\"\/><figcaption class=\"wp-block-jetpack-slideshow_caption gallery-caption\">Ausstellungsaufbau &#8211; Team Leonie, Samuel &amp; Harald im Einsatz<\/figcaption><\/figure><\/li><li class=\"wp-block-jetpack-slideshow_slide swiper-slide\"><figure><img loading=\"lazy\" decoding=\"async\" width=\"1500\" height=\"1000\" alt=\"\" class=\"wp-block-jetpack-slideshow_image wp-image-8440\" data-id=\"8440\" src=\"https:\/\/slauschek.photography\/cms\/wp-content\/uploads\/2021\/08\/IMG_8089.jpg\"\/><figcaption class=\"wp-block-jetpack-slideshow_caption gallery-caption\">Ausstellungsaufbau &#8211; Team Leonie, Samuel &amp; Harald im Einsatz<\/figcaption><\/figure><\/li><li class=\"wp-block-jetpack-slideshow_slide swiper-slide\"><figure><img loading=\"lazy\" decoding=\"async\" width=\"1500\" height=\"1000\" alt=\"\" class=\"wp-block-jetpack-slideshow_image wp-image-8441\" data-id=\"8441\" src=\"https:\/\/slauschek.photography\/cms\/wp-content\/uploads\/2021\/08\/IMG_8093.jpg\"\/><figcaption class=\"wp-block-jetpack-slideshow_caption gallery-caption\">Ausstellungsaufbau &#8211; Team Leonie, Samuel &amp; Harald im Einsatz<\/figcaption><\/figure><\/li><\/ul><a class=\"wp-block-jetpack-slideshow_button-prev swiper-button-prev swiper-button-white\" role=\"button\"><\/a><a class=\"wp-block-jetpack-slideshow_button-next swiper-button-next swiper-button-white\" role=\"button\"><\/a><a aria-label=\"Pause Slideshow\" class=\"wp-block-jetpack-slideshow_button-pause\" role=\"button\"><\/a><div class=\"wp-block-jetpack-slideshow_pagination swiper-pagination swiper-pagination-white\"><\/div><\/div><\/div><\/div>\n\n\n\n<p><em>Text<\/em>:<br>\u00a9 Harald Slauschek | <a href=\"https:\/\/slauschek.photography\">Slauschek.Photography<\/a><br><em>Fotos:<\/em><br>\u00a9 Johanna Hoblik, Claudia Lechner, Nicole Slauschek, Leonie Slauschek &amp; Harald Slauschek | <a href=\"https:\/\/slauschek.photography\">Slauschek.Photography<\/a><\/p>\n","protected":false},"excerpt":{"rendered":"<p>&#8220;ArtRestart Brunn &#8211; Kreativprojekt Kunst im \u00f6ffentlichen Raum&#8221; ist ein Projekt das Slauschek.Photography in Kooperation mit dem Kulturreferat der Marktgemeinde Brunn am Gebirge geplant und umgesetzt hat.<br \/>\nDurch dieses Projekt soll ein deutlich sichtbares Zeichen f\u00fcr das Wiederaufleben der Kunst &#038; Kultur gesetzt werden. Durch die Einschr\u00e4nkungen im Rahmen der SARS-CoV-2-Pandemie, war ja Kunst gar nicht bzw. nur extrem reduziert m\u00f6glich.<\/p>\n","protected":false},"author":2,"featured_media":8446,"comment_status":"closed","ping_status":"closed","sticky":false,"template":"","format":"gallery","meta":{"jetpack_post_was_ever_published":false,"_jetpack_newsletter_access":"","_jetpack_dont_email_post_to_subs":false,"_jetpack_newsletter_tier_id":0,"_jetpack_memberships_contains_paywalled_content":false,"_jetpack_memberships_contains_paid_content":false,"footnotes":""},"categories":[192,109,119,124],"tags":[211,212,139,120,128,213,163,114],"class_list":["post-8426","post","type-post","status-publish","format-gallery","has-post-thumbnail","hentry","category-ausstellungen","category-eventsveranstaltungen","category-fotos","category-unterwasserfotos","tag-artrestart","tag-artrestart-brunn","tag-ausstellung","tag-fotos","tag-harald-slauschek","tag-kunst","tag-slauschek-photography","tag-unterwasserfotos","post_format-post-format-gallery"],"yoast_head":"<!-- This site is optimized with the Yoast SEO plugin v27.4 - https:\/\/yoast.com\/product\/yoast-seo-wordpress\/ -->\n<title>ArtRestart Brunn - Kreativprojekt Kunst im \u00f6ffentlichen Raum - Slauschek.Photography<\/title>\n<meta name=\"description\" content=\"&quot;ArtRestart Brunn - Kreativprojekt Kunst im \u00f6ffentlichen Raum&quot; ist ein Projekt das Slauschek.Photography in Kooperation mit dem Kulturreferat der Marktgemeinde Brunn am Gebirge geplant und umgesetzt hat.Durch dieses Projekt soll ein deutlich sichtbares Zeichen f\u00fcr das Wiederaufleben der Kunst &amp; Kultur gesetzt werden. Durch die Einschr\u00e4nkungen im Rahmen der SARS-CoV-2-Pandemie, war ja Kunst gar nicht bzw. nur extrem reduziert m\u00f6glich.\" \/>\n<meta name=\"robots\" content=\"index, follow, max-snippet:-1, max-image-preview:large, max-video-preview:-1\" \/>\n<link rel=\"canonical\" href=\"https:\/\/slauschek.photography\/cms\/artrestart-brunn-kreativprojekt-kunst-im-offentlichen-raum-8426\/\" \/>\n<meta property=\"og:locale\" content=\"de_DE\" \/>\n<meta property=\"og:type\" content=\"article\" \/>\n<meta property=\"og:title\" content=\"ArtRestart Brunn - Kreativprojekt Kunst im \u00f6ffentlichen Raum - Slauschek.Photography\" \/>\n<meta property=\"og:description\" content=\"&quot;ArtRestart Brunn - Kreativprojekt Kunst im \u00f6ffentlichen Raum&quot; ist ein Projekt das Slauschek.Photography in Kooperation mit dem Kulturreferat der Marktgemeinde Brunn am Gebirge geplant und umgesetzt hat.Durch dieses Projekt soll ein deutlich sichtbares Zeichen f\u00fcr das Wiederaufleben der Kunst &amp; Kultur gesetzt werden. Durch die Einschr\u00e4nkungen im Rahmen der SARS-CoV-2-Pandemie, war ja Kunst gar nicht bzw. nur extrem reduziert m\u00f6glich.\" \/>\n<meta property=\"og:url\" content=\"https:\/\/slauschek.photography\/cms\/artrestart-brunn-kreativprojekt-kunst-im-offentlichen-raum-8426\/\" \/>\n<meta property=\"og:site_name\" content=\"Slauschek.Photography\" \/>\n<meta property=\"article:published_time\" content=\"2021-08-22T21:27:50+00:00\" \/>\n<meta property=\"article:modified_time\" content=\"2024-05-29T11:06:18+00:00\" \/>\n<meta property=\"og:image\" content=\"https:\/\/slauschek.photography\/cms\/wp-content\/uploads\/2021\/08\/PDBO7636.jpg\" \/>\n\t<meta property=\"og:image:width\" content=\"1500\" \/>\n\t<meta property=\"og:image:height\" content=\"555\" \/>\n\t<meta property=\"og:image:type\" content=\"image\/jpeg\" \/>\n<meta name=\"author\" content=\"Harald Slauschek\" \/>\n<meta name=\"twitter:card\" content=\"summary_large_image\" \/>\n<meta name=\"twitter:label1\" content=\"Verfasst von\" \/>\n\t<meta name=\"twitter:data1\" content=\"Harald Slauschek\" \/>\n\t<meta name=\"twitter:label2\" content=\"Gesch\u00e4tzte Lesezeit\" \/>\n\t<meta name=\"twitter:data2\" content=\"7\u00a0Minuten\" \/>\n<script type=\"application\/ld+json\" class=\"yoast-schema-graph\">{\"@context\":\"https:\\\/\\\/schema.org\",\"@graph\":[{\"@type\":\"Article\",\"@id\":\"https:\\\/\\\/slauschek.photography\\\/cms\\\/artrestart-brunn-kreativprojekt-kunst-im-offentlichen-raum-8426\\\/#article\",\"isPartOf\":{\"@id\":\"https:\\\/\\\/slauschek.photography\\\/cms\\\/artrestart-brunn-kreativprojekt-kunst-im-offentlichen-raum-8426\\\/\"},\"author\":{\"name\":\"Harald Slauschek\",\"@id\":\"https:\\\/\\\/slauschek.photography\\\/cms\\\/#\\\/schema\\\/person\\\/ef602f3dfc5a0bd727ea4ce6b73b3701\"},\"headline\":\"ArtRestart Brunn &#8211; Kreativprojekt Kunst im \u00f6ffentlichen Raum\",\"datePublished\":\"2021-08-22T21:27:50+00:00\",\"dateModified\":\"2024-05-29T11:06:18+00:00\",\"mainEntityOfPage\":{\"@id\":\"https:\\\/\\\/slauschek.photography\\\/cms\\\/artrestart-brunn-kreativprojekt-kunst-im-offentlichen-raum-8426\\\/\"},\"wordCount\":534,\"image\":{\"@id\":\"https:\\\/\\\/slauschek.photography\\\/cms\\\/artrestart-brunn-kreativprojekt-kunst-im-offentlichen-raum-8426\\\/#primaryimage\"},\"thumbnailUrl\":\"https:\\\/\\\/slauschek.photography\\\/cms\\\/wp-content\\\/uploads\\\/2021\\\/08\\\/PDBO7636.jpg\",\"keywords\":[\"ArtRestart\",\"ArtRestart Brunn\",\"Ausstellung\",\"Fotos\",\"Harald Slauschek\",\"Kunst\",\"Slauschek.Photography\",\"Unterwasserfotos\"],\"articleSection\":[\"Ausstellungen\",\"Events|Veranstaltungen\",\"Fotos\",\"Unterwasserfotos\"],\"inLanguage\":\"de\"},{\"@type\":\"WebPage\",\"@id\":\"https:\\\/\\\/slauschek.photography\\\/cms\\\/artrestart-brunn-kreativprojekt-kunst-im-offentlichen-raum-8426\\\/\",\"url\":\"https:\\\/\\\/slauschek.photography\\\/cms\\\/artrestart-brunn-kreativprojekt-kunst-im-offentlichen-raum-8426\\\/\",\"name\":\"ArtRestart Brunn - Kreativprojekt Kunst im \u00f6ffentlichen Raum - Slauschek.Photography\",\"isPartOf\":{\"@id\":\"https:\\\/\\\/slauschek.photography\\\/cms\\\/#website\"},\"primaryImageOfPage\":{\"@id\":\"https:\\\/\\\/slauschek.photography\\\/cms\\\/artrestart-brunn-kreativprojekt-kunst-im-offentlichen-raum-8426\\\/#primaryimage\"},\"image\":{\"@id\":\"https:\\\/\\\/slauschek.photography\\\/cms\\\/artrestart-brunn-kreativprojekt-kunst-im-offentlichen-raum-8426\\\/#primaryimage\"},\"thumbnailUrl\":\"https:\\\/\\\/slauschek.photography\\\/cms\\\/wp-content\\\/uploads\\\/2021\\\/08\\\/PDBO7636.jpg\",\"datePublished\":\"2021-08-22T21:27:50+00:00\",\"dateModified\":\"2024-05-29T11:06:18+00:00\",\"author\":{\"@id\":\"https:\\\/\\\/slauschek.photography\\\/cms\\\/#\\\/schema\\\/person\\\/ef602f3dfc5a0bd727ea4ce6b73b3701\"},\"description\":\"\\\"ArtRestart Brunn - Kreativprojekt Kunst im \u00f6ffentlichen Raum\\\" ist ein Projekt das Slauschek.Photography in Kooperation mit dem Kulturreferat der Marktgemeinde Brunn am Gebirge geplant und umgesetzt hat.Durch dieses Projekt soll ein deutlich sichtbares Zeichen f\u00fcr das Wiederaufleben der Kunst & Kultur gesetzt werden. Durch die Einschr\u00e4nkungen im Rahmen der SARS-CoV-2-Pandemie, war ja Kunst gar nicht bzw. nur extrem reduziert m\u00f6glich.\",\"breadcrumb\":{\"@id\":\"https:\\\/\\\/slauschek.photography\\\/cms\\\/artrestart-brunn-kreativprojekt-kunst-im-offentlichen-raum-8426\\\/#breadcrumb\"},\"inLanguage\":\"de\",\"potentialAction\":[{\"@type\":\"ReadAction\",\"target\":[\"https:\\\/\\\/slauschek.photography\\\/cms\\\/artrestart-brunn-kreativprojekt-kunst-im-offentlichen-raum-8426\\\/\"]}]},{\"@type\":\"ImageObject\",\"inLanguage\":\"de\",\"@id\":\"https:\\\/\\\/slauschek.photography\\\/cms\\\/artrestart-brunn-kreativprojekt-kunst-im-offentlichen-raum-8426\\\/#primaryimage\",\"url\":\"https:\\\/\\\/slauschek.photography\\\/cms\\\/wp-content\\\/uploads\\\/2021\\\/08\\\/PDBO7636.jpg\",\"contentUrl\":\"https:\\\/\\\/slauschek.photography\\\/cms\\\/wp-content\\\/uploads\\\/2021\\\/08\\\/PDBO7636.jpg\",\"width\":1500,\"height\":555,\"caption\":\"Die 8 Bilder der Ausstellung in einer \u00dcbersicht\"},{\"@type\":\"BreadcrumbList\",\"@id\":\"https:\\\/\\\/slauschek.photography\\\/cms\\\/artrestart-brunn-kreativprojekt-kunst-im-offentlichen-raum-8426\\\/#breadcrumb\",\"itemListElement\":[{\"@type\":\"ListItem\",\"position\":1,\"name\":\"Startseite\",\"item\":\"https:\\\/\\\/slauschek.photography\\\/cms\\\/\"},{\"@type\":\"ListItem\",\"position\":2,\"name\":\"ArtRestart Brunn &#8211; Kreativprojekt Kunst im \u00f6ffentlichen Raum\"}]},{\"@type\":\"WebSite\",\"@id\":\"https:\\\/\\\/slauschek.photography\\\/cms\\\/#website\",\"url\":\"https:\\\/\\\/slauschek.photography\\\/cms\\\/\",\"name\":\"Slauschek.Photography\",\"description\":\"Passion meets profession!\",\"potentialAction\":[{\"@type\":\"SearchAction\",\"target\":{\"@type\":\"EntryPoint\",\"urlTemplate\":\"https:\\\/\\\/slauschek.photography\\\/cms\\\/?s={search_term_string}\"},\"query-input\":{\"@type\":\"PropertyValueSpecification\",\"valueRequired\":true,\"valueName\":\"search_term_string\"}}],\"inLanguage\":\"de\"},{\"@type\":\"Person\",\"@id\":\"https:\\\/\\\/slauschek.photography\\\/cms\\\/#\\\/schema\\\/person\\\/ef602f3dfc5a0bd727ea4ce6b73b3701\",\"name\":\"Harald Slauschek\",\"image\":{\"@type\":\"ImageObject\",\"inLanguage\":\"de\",\"@id\":\"https:\\\/\\\/secure.gravatar.com\\\/avatar\\\/926ae54bb219acef952c24e6fe85583cf86e05d2f17df8d10a57a502b06920ef?s=96&d=mm&r=g\",\"url\":\"https:\\\/\\\/secure.gravatar.com\\\/avatar\\\/926ae54bb219acef952c24e6fe85583cf86e05d2f17df8d10a57a502b06920ef?s=96&d=mm&r=g\",\"contentUrl\":\"https:\\\/\\\/secure.gravatar.com\\\/avatar\\\/926ae54bb219acef952c24e6fe85583cf86e05d2f17df8d10a57a502b06920ef?s=96&d=mm&r=g\",\"caption\":\"Harald Slauschek\"},\"url\":\"https:\\\/\\\/slauschek.photography\\\/cms\\\/author\\\/hshark\\\/\"}]}<\/script>\n<!-- \/ Yoast SEO plugin. -->","yoast_head_json":{"title":"ArtRestart Brunn - Kreativprojekt Kunst im \u00f6ffentlichen Raum - Slauschek.Photography","description":"\"ArtRestart Brunn - Kreativprojekt Kunst im \u00f6ffentlichen Raum\" ist ein Projekt das Slauschek.Photography in Kooperation mit dem Kulturreferat der Marktgemeinde Brunn am Gebirge geplant und umgesetzt hat.Durch dieses Projekt soll ein deutlich sichtbares Zeichen f\u00fcr das Wiederaufleben der Kunst & Kultur gesetzt werden. Durch die Einschr\u00e4nkungen im Rahmen der SARS-CoV-2-Pandemie, war ja Kunst gar nicht bzw. nur extrem reduziert m\u00f6glich.","robots":{"index":"index","follow":"follow","max-snippet":"max-snippet:-1","max-image-preview":"max-image-preview:large","max-video-preview":"max-video-preview:-1"},"canonical":"https:\/\/slauschek.photography\/cms\/artrestart-brunn-kreativprojekt-kunst-im-offentlichen-raum-8426\/","og_locale":"de_DE","og_type":"article","og_title":"ArtRestart Brunn - Kreativprojekt Kunst im \u00f6ffentlichen Raum - Slauschek.Photography","og_description":"\"ArtRestart Brunn - Kreativprojekt Kunst im \u00f6ffentlichen Raum\" ist ein Projekt das Slauschek.Photography in Kooperation mit dem Kulturreferat der Marktgemeinde Brunn am Gebirge geplant und umgesetzt hat.Durch dieses Projekt soll ein deutlich sichtbares Zeichen f\u00fcr das Wiederaufleben der Kunst & Kultur gesetzt werden. Durch die Einschr\u00e4nkungen im Rahmen der SARS-CoV-2-Pandemie, war ja Kunst gar nicht bzw. nur extrem reduziert m\u00f6glich.","og_url":"https:\/\/slauschek.photography\/cms\/artrestart-brunn-kreativprojekt-kunst-im-offentlichen-raum-8426\/","og_site_name":"Slauschek.Photography","article_published_time":"2021-08-22T21:27:50+00:00","article_modified_time":"2024-05-29T11:06:18+00:00","og_image":[{"width":1500,"height":555,"url":"https:\/\/slauschek.photography\/cms\/wp-content\/uploads\/2021\/08\/PDBO7636.jpg","type":"image\/jpeg"}],"author":"Harald Slauschek","twitter_card":"summary_large_image","twitter_misc":{"Verfasst von":"Harald Slauschek","Gesch\u00e4tzte Lesezeit":"7\u00a0Minuten"},"schema":{"@context":"https:\/\/schema.org","@graph":[{"@type":"Article","@id":"https:\/\/slauschek.photography\/cms\/artrestart-brunn-kreativprojekt-kunst-im-offentlichen-raum-8426\/#article","isPartOf":{"@id":"https:\/\/slauschek.photography\/cms\/artrestart-brunn-kreativprojekt-kunst-im-offentlichen-raum-8426\/"},"author":{"name":"Harald Slauschek","@id":"https:\/\/slauschek.photography\/cms\/#\/schema\/person\/ef602f3dfc5a0bd727ea4ce6b73b3701"},"headline":"ArtRestart Brunn &#8211; Kreativprojekt Kunst im \u00f6ffentlichen Raum","datePublished":"2021-08-22T21:27:50+00:00","dateModified":"2024-05-29T11:06:18+00:00","mainEntityOfPage":{"@id":"https:\/\/slauschek.photography\/cms\/artrestart-brunn-kreativprojekt-kunst-im-offentlichen-raum-8426\/"},"wordCount":534,"image":{"@id":"https:\/\/slauschek.photography\/cms\/artrestart-brunn-kreativprojekt-kunst-im-offentlichen-raum-8426\/#primaryimage"},"thumbnailUrl":"https:\/\/slauschek.photography\/cms\/wp-content\/uploads\/2021\/08\/PDBO7636.jpg","keywords":["ArtRestart","ArtRestart Brunn","Ausstellung","Fotos","Harald Slauschek","Kunst","Slauschek.Photography","Unterwasserfotos"],"articleSection":["Ausstellungen","Events|Veranstaltungen","Fotos","Unterwasserfotos"],"inLanguage":"de"},{"@type":"WebPage","@id":"https:\/\/slauschek.photography\/cms\/artrestart-brunn-kreativprojekt-kunst-im-offentlichen-raum-8426\/","url":"https:\/\/slauschek.photography\/cms\/artrestart-brunn-kreativprojekt-kunst-im-offentlichen-raum-8426\/","name":"ArtRestart Brunn - Kreativprojekt Kunst im \u00f6ffentlichen Raum - Slauschek.Photography","isPartOf":{"@id":"https:\/\/slauschek.photography\/cms\/#website"},"primaryImageOfPage":{"@id":"https:\/\/slauschek.photography\/cms\/artrestart-brunn-kreativprojekt-kunst-im-offentlichen-raum-8426\/#primaryimage"},"image":{"@id":"https:\/\/slauschek.photography\/cms\/artrestart-brunn-kreativprojekt-kunst-im-offentlichen-raum-8426\/#primaryimage"},"thumbnailUrl":"https:\/\/slauschek.photography\/cms\/wp-content\/uploads\/2021\/08\/PDBO7636.jpg","datePublished":"2021-08-22T21:27:50+00:00","dateModified":"2024-05-29T11:06:18+00:00","author":{"@id":"https:\/\/slauschek.photography\/cms\/#\/schema\/person\/ef602f3dfc5a0bd727ea4ce6b73b3701"},"description":"\"ArtRestart Brunn - Kreativprojekt Kunst im \u00f6ffentlichen Raum\" ist ein Projekt das Slauschek.Photography in Kooperation mit dem Kulturreferat der Marktgemeinde Brunn am Gebirge geplant und umgesetzt hat.Durch dieses Projekt soll ein deutlich sichtbares Zeichen f\u00fcr das Wiederaufleben der Kunst & Kultur gesetzt werden. Durch die Einschr\u00e4nkungen im Rahmen der SARS-CoV-2-Pandemie, war ja Kunst gar nicht bzw. nur extrem reduziert m\u00f6glich.","breadcrumb":{"@id":"https:\/\/slauschek.photography\/cms\/artrestart-brunn-kreativprojekt-kunst-im-offentlichen-raum-8426\/#breadcrumb"},"inLanguage":"de","potentialAction":[{"@type":"ReadAction","target":["https:\/\/slauschek.photography\/cms\/artrestart-brunn-kreativprojekt-kunst-im-offentlichen-raum-8426\/"]}]},{"@type":"ImageObject","inLanguage":"de","@id":"https:\/\/slauschek.photography\/cms\/artrestart-brunn-kreativprojekt-kunst-im-offentlichen-raum-8426\/#primaryimage","url":"https:\/\/slauschek.photography\/cms\/wp-content\/uploads\/2021\/08\/PDBO7636.jpg","contentUrl":"https:\/\/slauschek.photography\/cms\/wp-content\/uploads\/2021\/08\/PDBO7636.jpg","width":1500,"height":555,"caption":"Die 8 Bilder der Ausstellung in einer \u00dcbersicht"},{"@type":"BreadcrumbList","@id":"https:\/\/slauschek.photography\/cms\/artrestart-brunn-kreativprojekt-kunst-im-offentlichen-raum-8426\/#breadcrumb","itemListElement":[{"@type":"ListItem","position":1,"name":"Startseite","item":"https:\/\/slauschek.photography\/cms\/"},{"@type":"ListItem","position":2,"name":"ArtRestart Brunn &#8211; Kreativprojekt Kunst im \u00f6ffentlichen Raum"}]},{"@type":"WebSite","@id":"https:\/\/slauschek.photography\/cms\/#website","url":"https:\/\/slauschek.photography\/cms\/","name":"Slauschek.Photography","description":"Passion meets profession!","potentialAction":[{"@type":"SearchAction","target":{"@type":"EntryPoint","urlTemplate":"https:\/\/slauschek.photography\/cms\/?s={search_term_string}"},"query-input":{"@type":"PropertyValueSpecification","valueRequired":true,"valueName":"search_term_string"}}],"inLanguage":"de"},{"@type":"Person","@id":"https:\/\/slauschek.photography\/cms\/#\/schema\/person\/ef602f3dfc5a0bd727ea4ce6b73b3701","name":"Harald Slauschek","image":{"@type":"ImageObject","inLanguage":"de","@id":"https:\/\/secure.gravatar.com\/avatar\/926ae54bb219acef952c24e6fe85583cf86e05d2f17df8d10a57a502b06920ef?s=96&d=mm&r=g","url":"https:\/\/secure.gravatar.com\/avatar\/926ae54bb219acef952c24e6fe85583cf86e05d2f17df8d10a57a502b06920ef?s=96&d=mm&r=g","contentUrl":"https:\/\/secure.gravatar.com\/avatar\/926ae54bb219acef952c24e6fe85583cf86e05d2f17df8d10a57a502b06920ef?s=96&d=mm&r=g","caption":"Harald Slauschek"},"url":"https:\/\/slauschek.photography\/cms\/author\/hshark\/"}]}},"jetpack_featured_media_url":"https:\/\/slauschek.photography\/cms\/wp-content\/uploads\/2021\/08\/PDBO7636.jpg","jetpack_sharing_enabled":true,"_links":{"self":[{"href":"https:\/\/slauschek.photography\/cms\/wp-json\/wp\/v2\/posts\/8426","targetHints":{"allow":["GET"]}}],"collection":[{"href":"https:\/\/slauschek.photography\/cms\/wp-json\/wp\/v2\/posts"}],"about":[{"href":"https:\/\/slauschek.photography\/cms\/wp-json\/wp\/v2\/types\/post"}],"author":[{"embeddable":true,"href":"https:\/\/slauschek.photography\/cms\/wp-json\/wp\/v2\/users\/2"}],"replies":[{"embeddable":true,"href":"https:\/\/slauschek.photography\/cms\/wp-json\/wp\/v2\/comments?post=8426"}],"version-history":[{"count":40,"href":"https:\/\/slauschek.photography\/cms\/wp-json\/wp\/v2\/posts\/8426\/revisions"}],"predecessor-version":[{"id":9602,"href":"https:\/\/slauschek.photography\/cms\/wp-json\/wp\/v2\/posts\/8426\/revisions\/9602"}],"wp:featuredmedia":[{"embeddable":true,"href":"https:\/\/slauschek.photography\/cms\/wp-json\/wp\/v2\/media\/8446"}],"wp:attachment":[{"href":"https:\/\/slauschek.photography\/cms\/wp-json\/wp\/v2\/media?parent=8426"}],"wp:term":[{"taxonomy":"category","embeddable":true,"href":"https:\/\/slauschek.photography\/cms\/wp-json\/wp\/v2\/categories?post=8426"},{"taxonomy":"post_tag","embeddable":true,"href":"https:\/\/slauschek.photography\/cms\/wp-json\/wp\/v2\/tags?post=8426"}],"curies":[{"name":"wp","href":"https:\/\/api.w.org\/{rel}","templated":true}]}}