{"id":8497,"date":"2021-09-18T10:04:59","date_gmt":"2021-09-18T08:04:59","guid":{"rendered":"https:\/\/slauschek.photography\/cms\/?p=8497"},"modified":"2024-05-29T13:04:29","modified_gmt":"2024-05-29T11:04:29","slug":"pres-waterworld-maldives-mermaid-week-2021","status":"publish","type":"post","link":"https:\/\/slauschek.photography\/cms\/pres-waterworld-maldives-mermaid-week-2021-8497\/","title":{"rendered":"Pr\u00e9s Waterworld Maldives Mermaid Week 2021"},"content":{"rendered":"<div class=\"wp-block-image\">\n<figure data-wp-context=\"{&quot;imageId&quot;:&quot;69f243c6245e2&quot;}\" data-wp-interactive=\"core\/image\" data-wp-key=\"69f243c6245e2\" class=\"alignright size-medium wp-lightbox-container\"><img loading=\"lazy\" decoding=\"async\" width=\"300\" height=\"200\" data-wp-class--hide=\"state.isContentHidden\" data-wp-class--show=\"state.isContentVisible\" data-wp-init=\"callbacks.setButtonStyles\" data-wp-on--click=\"actions.showLightbox\" data-wp-on--load=\"callbacks.setButtonStyles\" data-wp-on-window--resize=\"callbacks.setButtonStyles\" src=\"https:\/\/slauschek.photography\/cms\/wp-content\/uploads\/2021\/04\/UW-01025-01-055-OPT-819-300x200.jpg\" alt=\"\" class=\"wp-image-6885\"\/><button\n\t\t\tclass=\"lightbox-trigger\"\n\t\t\ttype=\"button\"\n\t\t\taria-haspopup=\"dialog\"\n\t\t\taria-label=\"Vergr\u00f6\u00dfern\"\n\t\t\tdata-wp-init=\"callbacks.initTriggerButton\"\n\t\t\tdata-wp-on--click=\"actions.showLightbox\"\n\t\t\tdata-wp-style--right=\"state.imageButtonRight\"\n\t\t\tdata-wp-style--top=\"state.imageButtonTop\"\n\t\t>\n\t\t\t<svg xmlns=\"http:\/\/www.w3.org\/2000\/svg\" width=\"12\" height=\"12\" fill=\"none\" viewBox=\"0 0 12 12\">\n\t\t\t\t<path fill=\"#fff\" d=\"M2 0a2 2 0 0 0-2 2v2h1.5V2a.5.5 0 0 1 .5-.5h2V0H2Zm2 10.5H2a.5.5 0 0 1-.5-.5V8H0v2a2 2 0 0 0 2 2h2v-1.5ZM8 12v-1.5h2a.5.5 0 0 0 .5-.5V8H12v2a2 2 0 0 1-2 2H8Zm2-12a2 2 0 0 1 2 2v2h-1.5V2a.5.5 0 0 0-.5-.5H8V0h2Z\" \/>\n\t\t\t<\/svg>\n\t\t<\/button><\/figure>\n<\/div>\n\n\n<p>In genau einer Woche startet die <strong>Waterworld Maldives Mermaid Week 2021<\/strong><a href=\"https:\/\/www.waterworld.at\/specials\/2021-schiffssafari\/malediven-2021-mermaid-week\/\" target=\"_blank\" rel=\"noreferrer noopener\"> <\/a>auf der M.Y. Scubaspa Yang auf den Malediven. Eine Reise die ich wieder als Waterworld FotoPRO und Reiseleiter begleiten werde. <br>Mit dabei diesmal im Waterworld-Team, eine der bekanntesten Mermaids weltweit, <strong>Mermaid Kat<\/strong> aka Katrin Gray und der bekannte deutsche Unterwasserfotograf <strong>Konstantin Killer<\/strong>.<\/p>\n\n\n\n<p>Da diese Reise eine ganz spezielle Waterworld-Sonderreise ist, l\u00e4uft wenig wie gewohnt ab. Die \u00fcberwiegende Mehrheit auf der M.Y. Scubaspa Yang wird aus begeisterten Mermaids bestehen auf die ein au\u00dfergew\u00f6hnliches Programm wartet: Von Mermaidingworkshops \u00fcber OW-\/UW-Modelingtips, bis hin zu hochwertigen, einzigartigen FotoShoots Unterwasser, am Schiff und auf unterschiedlichen Malediveninseln.<\/p>\n\n\n<div class=\"wp-block-image\">\n<figure data-wp-context=\"{&quot;imageId&quot;:&quot;69f243c6249c8&quot;}\" data-wp-interactive=\"core\/image\" data-wp-key=\"69f243c6249c8\" class=\"alignleft size-medium wp-lightbox-container\"><img loading=\"lazy\" decoding=\"async\" width=\"300\" height=\"200\" data-wp-class--hide=\"state.isContentHidden\" data-wp-class--show=\"state.isContentVisible\" data-wp-init=\"callbacks.setButtonStyles\" data-wp-on--click=\"actions.showLightbox\" data-wp-on--load=\"callbacks.setButtonStyles\" data-wp-on-window--resize=\"callbacks.setButtonStyles\" src=\"https:\/\/slauschek.photography\/cms\/wp-content\/uploads\/2021\/09\/UWFMMWS-2015-07-0787-OPT-844-OPT-847-300x200.jpg\" alt=\"\" class=\"wp-image-8515\"\/><button\n\t\t\tclass=\"lightbox-trigger\"\n\t\t\ttype=\"button\"\n\t\t\taria-haspopup=\"dialog\"\n\t\t\taria-label=\"Vergr\u00f6\u00dfern\"\n\t\t\tdata-wp-init=\"callbacks.initTriggerButton\"\n\t\t\tdata-wp-on--click=\"actions.showLightbox\"\n\t\t\tdata-wp-style--right=\"state.imageButtonRight\"\n\t\t\tdata-wp-style--top=\"state.imageButtonTop\"\n\t\t>\n\t\t\t<svg xmlns=\"http:\/\/www.w3.org\/2000\/svg\" width=\"12\" height=\"12\" fill=\"none\" viewBox=\"0 0 12 12\">\n\t\t\t\t<path fill=\"#fff\" d=\"M2 0a2 2 0 0 0-2 2v2h1.5V2a.5.5 0 0 1 .5-.5h2V0H2Zm2 10.5H2a.5.5 0 0 1-.5-.5V8H0v2a2 2 0 0 0 2 2h2v-1.5ZM8 12v-1.5h2a.5.5 0 0 0 .5-.5V8H12v2a2 2 0 0 1-2 2H8Zm2-12a2 2 0 0 1 2 2v2h-1.5V2a.5.5 0 0 0-.5-.5H8V0h2Z\" \/>\n\t\t\t<\/svg>\n\t\t<\/button><\/figure>\n<\/div>\n\n\n<p>Und ich wei\u00df wovon ich schreibe: Im Jahr 2015 war ich zuletzt auf den Malediven &#8211; eine Mermaid- und Fashion-Fotowoche mit Mermaid Kat aka Katrin Gray &amp; Ihrem Mann Ian &#8211; bei der wir die Malediven als supertauglich f\u00fcr Mermaids &amp; Fotomodels befunden haben!&nbsp;Unsere damaligen Abenteuer und Erfahrungen k\u00f6nnen <a href=\"https:\/\/slauschek.photography\/cms\/?s=mermaid+scouting-trip\">hier im BLOG<\/a> nacherlebt werden&#8230;<\/p>\n\n\n\n<p>Ich freue mich schon sehr auf die Waterworld Maldives Mermaid Week 2021 und die damit verbundenen Herausforderungen sowie wunderbaren Erlebnisse! Und nat\u00fcrlich werde ich hier im <a href=\"https:\/\/slauschek.photography\/cms\/blog\/\">BLOG<\/a> sukzessive auf dem Laufenden halten&#8230;<\/p>\n\n\n\n<p>.<\/p>\n\n\n\n<p><em>Text &amp; Fotos:<\/em> \u00a9 Harald Slauschek | <a href=\"https:\/\/slauschek.photography\">Slauschek.Photography<\/a><br><em>Model:<\/em> Katrin Gray | <a href=\"https:\/\/www.mermaid-kat.de\/\" target=\"_blank\" rel=\"noreferrer noopener\">Mermaid Kat<\/a><br><em>Veranstalter\/Reisepartner:<\/em> <a href=\"http:\/\/www.waterworld.at\" target=\"_blank\" rel=\"noreferrer noopener\">Waterworld Werner Thiele KG<\/a><br>Liveaboard: <a href=\"https:\/\/scubaspa.com\/\" target=\"_blank\" rel=\"noreferrer noopener\">M.Y. Scubaspa Yang<\/a><\/p>\n\n\n\n<p><em><em>Bildershow: 2015 &#8211; Mermaid- und Fashion-Fotowoche auf den Malediven mit Mermaid Kat aka Katr<\/em>in Gray &amp; Ian Gray<\/em><\/p>\n\n\n\n<div class=\"wp-block-jetpack-slideshow aligncenter\"><div data-autoplay=\"true\" data-delay=\"3\" data-effect=\"slide\"><div class=\"wp-block-jetpack-slideshow_container swiper-container\"><ul class=\"wp-block-jetpack-slideshow_swiper-wrapper swiper-wrapper\"><li class=\"wp-block-jetpack-slideshow_slide swiper-slide\"><figure><img loading=\"lazy\" decoding=\"async\" width=\"1500\" height=\"844\" alt=\"\" class=\"wp-block-jetpack-slideshow_image wp-image-6883\" data-id=\"6883\" src=\"https:\/\/slauschek.photography\/cms\/wp-content\/uploads\/2021\/04\/UW-01021-01-333-OPT-798-OPT-815-1.jpg\"\/><\/figure><\/li><li class=\"wp-block-jetpack-slideshow_slide swiper-slide\"><figure><img loading=\"lazy\" decoding=\"async\" width=\"1500\" height=\"999\" alt=\"\" class=\"wp-block-jetpack-slideshow_image wp-image-8509\" data-id=\"8509\" src=\"https:\/\/slauschek.photography\/cms\/wp-content\/uploads\/2021\/09\/UW-01021-01-139-OPT-802.jpg\"\/><\/figure><\/li><li class=\"wp-block-jetpack-slideshow_slide swiper-slide\"><figure><img loading=\"lazy\" decoding=\"async\" width=\"1500\" height=\"998\" alt=\"\" class=\"wp-block-jetpack-slideshow_image wp-image-8508\" data-id=\"8508\" src=\"https:\/\/slauschek.photography\/cms\/wp-content\/uploads\/2021\/09\/UW-01021-01-039-OPT-810.jpg\"\/><\/figure><\/li><li class=\"wp-block-jetpack-slideshow_slide swiper-slide\"><figure><img loading=\"lazy\" decoding=\"async\" width=\"1500\" height=\"998\" alt=\"\" class=\"wp-block-jetpack-slideshow_image wp-image-6885\" data-id=\"6885\" src=\"https:\/\/slauschek.photography\/cms\/wp-content\/uploads\/2021\/04\/UW-01025-01-055-OPT-819.jpg\"\/><\/figure><\/li><li class=\"wp-block-jetpack-slideshow_slide swiper-slide\"><figure><img loading=\"lazy\" decoding=\"async\" width=\"998\" height=\"1500\" alt=\"\" class=\"wp-block-jetpack-slideshow_image wp-image-6886\" data-id=\"6886\" src=\"https:\/\/slauschek.photography\/cms\/wp-content\/uploads\/2021\/04\/UW-01025-01-094-OPT-820.jpg\"\/><\/figure><\/li><li class=\"wp-block-jetpack-slideshow_slide swiper-slide\"><figure><img loading=\"lazy\" decoding=\"async\" width=\"1500\" height=\"998\" alt=\"\" class=\"wp-block-jetpack-slideshow_image wp-image-6879\" data-id=\"6879\" src=\"https:\/\/slauschek.photography\/cms\/wp-content\/uploads\/2021\/04\/UW-01018-01-008.jpg\"\/><\/figure><\/li><li class=\"wp-block-jetpack-slideshow_slide swiper-slide\"><figure><img loading=\"lazy\" decoding=\"async\" width=\"999\" height=\"1500\" alt=\"\" class=\"wp-block-jetpack-slideshow_image wp-image-6881\" data-id=\"6881\" src=\"https:\/\/slauschek.photography\/cms\/wp-content\/uploads\/2021\/04\/UW-01021-01-299-OPT-796-OPT-850.jpg\"\/><\/figure><\/li><li class=\"wp-block-jetpack-slideshow_slide swiper-slide\"><figure><img loading=\"lazy\" decoding=\"async\" width=\"1500\" height=\"998\" alt=\"\" class=\"wp-block-jetpack-slideshow_image wp-image-6878\" data-id=\"6878\" src=\"https:\/\/slauschek.photography\/cms\/wp-content\/uploads\/2021\/04\/UW-01017-01-001-OPT-779.jpg\"\/><\/figure><\/li><li class=\"wp-block-jetpack-slideshow_slide swiper-slide\"><figure><img loading=\"lazy\" decoding=\"async\" width=\"1500\" height=\"998\" alt=\"\" class=\"wp-block-jetpack-slideshow_image wp-image-6818\" data-id=\"6818\" src=\"https:\/\/slauschek.photography\/cms\/wp-content\/uploads\/2021\/04\/UWFMMWS-2015-07-1124-OPT-832-OPT-834.jpg\"\/><\/figure><\/li><li class=\"wp-block-jetpack-slideshow_slide swiper-slide\"><figure><img loading=\"lazy\" decoding=\"async\" width=\"1500\" height=\"998\" alt=\"\" class=\"wp-block-jetpack-slideshow_image wp-image-8520\" data-id=\"8520\" src=\"https:\/\/slauschek.photography\/cms\/wp-content\/uploads\/2021\/09\/UWFMMWS-2015-07-1108-OPT-838-OPT-839.jpg\"\/><\/figure><\/li><li class=\"wp-block-jetpack-slideshow_slide swiper-slide\"><figure><img loading=\"lazy\" decoding=\"async\" width=\"998\" height=\"1500\" alt=\"\" class=\"wp-block-jetpack-slideshow_image wp-image-8519\" data-id=\"8519\" src=\"https:\/\/slauschek.photography\/cms\/wp-content\/uploads\/2021\/09\/UWFMMWS-2015-07-1107-OPT-816.jpg\"\/><\/figure><\/li><li class=\"wp-block-jetpack-slideshow_slide swiper-slide\"><figure><img loading=\"lazy\" decoding=\"async\" width=\"1500\" height=\"998\" alt=\"\" class=\"wp-block-jetpack-slideshow_image wp-image-8518\" data-id=\"8518\" src=\"https:\/\/slauschek.photography\/cms\/wp-content\/uploads\/2021\/09\/UWFMMWS-2015-07-1060-OPT-801-OPT-855.jpg\"\/><\/figure><\/li><li class=\"wp-block-jetpack-slideshow_slide swiper-slide\"><figure><img loading=\"lazy\" decoding=\"async\" width=\"1500\" height=\"998\" alt=\"\" class=\"wp-block-jetpack-slideshow_image wp-image-6819\" data-id=\"6819\" src=\"https:\/\/slauschek.photography\/cms\/wp-content\/uploads\/2021\/04\/UWFMMWS-2015-07-1144-OPT-830-OPT-831.jpg\"\/><\/figure><\/li><li class=\"wp-block-jetpack-slideshow_slide swiper-slide\"><figure><img loading=\"lazy\" decoding=\"async\" width=\"1500\" height=\"998\" alt=\"\" class=\"wp-block-jetpack-slideshow_image wp-image-6821\" data-id=\"6821\" src=\"https:\/\/slauschek.photography\/cms\/wp-content\/uploads\/2021\/04\/UWFMMWS-2015-07-1817-OPT-865-OPT-868-OPT-869.jpg\"\/><\/figure><\/li><li class=\"wp-block-jetpack-slideshow_slide swiper-slide\"><figure><img loading=\"lazy\" decoding=\"async\" width=\"1500\" height=\"998\" alt=\"\" class=\"wp-block-jetpack-slideshow_image wp-image-6820\" data-id=\"6820\" src=\"https:\/\/slauschek.photography\/cms\/wp-content\/uploads\/2021\/04\/UWFMMWS-2015-07-1286-OPT-836-OPT-837.jpg\"\/><\/figure><\/li><li class=\"wp-block-jetpack-slideshow_slide swiper-slide\"><figure><img loading=\"lazy\" decoding=\"async\" width=\"1500\" height=\"1500\" alt=\"\" class=\"wp-block-jetpack-slideshow_image wp-image-6967\" data-id=\"6967\" src=\"https:\/\/slauschek.photography\/cms\/wp-content\/uploads\/2021\/04\/UW-01019-01-068.jpg\"\/><\/figure><\/li><li class=\"wp-block-jetpack-slideshow_slide swiper-slide\"><figure><img loading=\"lazy\" decoding=\"async\" width=\"998\" height=\"1500\" alt=\"\" class=\"wp-block-jetpack-slideshow_image wp-image-6966\" data-id=\"6966\" src=\"https:\/\/slauschek.photography\/cms\/wp-content\/uploads\/2021\/04\/UW-01019-01-054.jpg\"\/><\/figure><\/li><li class=\"wp-block-jetpack-slideshow_slide swiper-slide\"><figure><img loading=\"lazy\" decoding=\"async\" width=\"1500\" height=\"998\" alt=\"\" class=\"wp-block-jetpack-slideshow_image wp-image-8515\" data-id=\"8515\" src=\"https:\/\/slauschek.photography\/cms\/wp-content\/uploads\/2021\/09\/UWFMMWS-2015-07-0787-OPT-844-OPT-847.jpg\"\/><\/figure><\/li><li class=\"wp-block-jetpack-slideshow_slide swiper-slide\"><figure><img loading=\"lazy\" decoding=\"async\" width=\"1500\" height=\"998\" alt=\"\" class=\"wp-block-jetpack-slideshow_image wp-image-8517\" data-id=\"8517\" src=\"https:\/\/slauschek.photography\/cms\/wp-content\/uploads\/2021\/09\/UWFMMWS-2015-07-0905-OPT-786.jpg\"\/><\/figure><\/li><li class=\"wp-block-jetpack-slideshow_slide swiper-slide\"><figure><img loading=\"lazy\" decoding=\"async\" width=\"1500\" height=\"999\" alt=\"\" class=\"wp-block-jetpack-slideshow_image wp-image-8516\" data-id=\"8516\" src=\"https:\/\/slauschek.photography\/cms\/wp-content\/uploads\/2021\/09\/UWFMMWS-2015-07-0882-OPT-787.jpg\"\/><\/figure><\/li><li class=\"wp-block-jetpack-slideshow_slide swiper-slide\"><figure><img loading=\"lazy\" decoding=\"async\" width=\"1500\" height=\"998\" alt=\"\" class=\"wp-block-jetpack-slideshow_image wp-image-8513\" data-id=\"8513\" src=\"https:\/\/slauschek.photography\/cms\/wp-content\/uploads\/2021\/09\/UWFMMWS-2015-07-0699-OPT-842-OPT-843.jpg\"\/><\/figure><\/li><li class=\"wp-block-jetpack-slideshow_slide swiper-slide\"><figure><img loading=\"lazy\" decoding=\"async\" width=\"1500\" height=\"844\" alt=\"\" class=\"wp-block-jetpack-slideshow_image wp-image-8512\" data-id=\"8512\" src=\"https:\/\/slauschek.photography\/cms\/wp-content\/uploads\/2021\/09\/UWFMMWS-2015-07-0634-OPT-790-OPT-825.jpg\"\/><\/figure><\/li><li class=\"wp-block-jetpack-slideshow_slide swiper-slide\"><figure><img loading=\"lazy\" decoding=\"async\" width=\"1500\" height=\"998\" alt=\"\" class=\"wp-block-jetpack-slideshow_image wp-image-8510\" data-id=\"8510\" src=\"https:\/\/slauschek.photography\/cms\/wp-content\/uploads\/2021\/09\/UWFMMWS-2015-07-0117-OPT-824.jpg\"\/><\/figure><\/li><li class=\"wp-block-jetpack-slideshow_slide swiper-slide\"><figure><img loading=\"lazy\" decoding=\"async\" width=\"998\" height=\"1500\" alt=\"\" class=\"wp-block-jetpack-slideshow_image wp-image-8511\" data-id=\"8511\" src=\"https:\/\/slauschek.photography\/cms\/wp-content\/uploads\/2021\/09\/UWFMMWS-2015-07-0239-OPT-823.jpg\"\/><\/figure><\/li><li class=\"wp-block-jetpack-slideshow_slide swiper-slide\"><figure><img loading=\"lazy\" decoding=\"async\" width=\"998\" height=\"1500\" alt=\"\" class=\"wp-block-jetpack-slideshow_image wp-image-8521\" data-id=\"8521\" src=\"https:\/\/slauschek.photography\/cms\/wp-content\/uploads\/2021\/09\/UWFMMWS-2015-07-1866.jpg\"\/><\/figure><\/li><\/ul><a class=\"wp-block-jetpack-slideshow_button-prev swiper-button-prev swiper-button-white\" role=\"button\"><\/a><a class=\"wp-block-jetpack-slideshow_button-next swiper-button-next swiper-button-white\" role=\"button\"><\/a><a aria-label=\"Pause Slideshow\" class=\"wp-block-jetpack-slideshow_button-pause\" role=\"button\"><\/a><div class=\"wp-block-jetpack-slideshow_pagination swiper-pagination swiper-pagination-white\"><\/div><\/div><\/div><\/div>\n","protected":false},"excerpt":{"rendered":"<p>In genau einer Woche startet die Waterworld Maldives Mermaid Week 2021 auf der M.Y. Scubaspa Yang auf den Malediven. Eine Reise die ich wieder als Waterworld FotoPRO und Reiseleiter begleiten werde.<\/p>\n","protected":false},"author":2,"featured_media":6818,"comment_status":"closed","ping_status":"closed","sticky":false,"template":"","format":"standard","meta":{"jetpack_post_was_ever_published":false,"_jetpack_newsletter_access":"","_jetpack_dont_email_post_to_subs":false,"_jetpack_newsletter_tier_id":0,"_jetpack_memberships_contains_paywalled_content":false,"_jetpack_memberships_contains_paid_content":false,"footnotes":""},"categories":[173,189,129],"tags":[120,151,128,216,152,214,190,215,202,154,163,130],"class_list":["post-8497","post","type-post","status-publish","format-standard","has-post-thumbnail","hentry","category-malediven","category-mermaids","category-reisen","tag-fotos","tag-fotoshooting","tag-harald-slauschek","tag-maldives-mermaid-week","tag-malediven","tag-mermaid-kat","tag-mermaids","tag-my-scubaspa-yang","tag-photoshoot","tag-shooting","tag-slauschek-photography","tag-waterworld"],"yoast_head":"<!-- This site is optimized with the Yoast SEO plugin v27.4 - https:\/\/yoast.com\/product\/yoast-seo-wordpress\/ -->\n<title>Pr\u00e9s Waterworld Maldives Mermaid Week 2021 - Slauschek.Photography<\/title>\n<meta name=\"robots\" content=\"index, follow, max-snippet:-1, max-image-preview:large, max-video-preview:-1\" \/>\n<link rel=\"canonical\" href=\"https:\/\/slauschek.photography\/cms\/pres-waterworld-maldives-mermaid-week-2021-8497\/\" \/>\n<meta property=\"og:locale\" content=\"de_DE\" \/>\n<meta property=\"og:type\" content=\"article\" \/>\n<meta property=\"og:title\" content=\"Pr\u00e9s Waterworld Maldives Mermaid Week 2021 - Slauschek.Photography\" \/>\n<meta property=\"og:description\" content=\"In genau einer Woche startet die Waterworld Maldives Mermaid Week 2021 auf der M.Y. Scubaspa Yang auf den Malediven. Eine Reise die ich wieder als Waterworld FotoPRO und Reiseleiter begleiten werde.\" \/>\n<meta property=\"og:url\" content=\"https:\/\/slauschek.photography\/cms\/pres-waterworld-maldives-mermaid-week-2021-8497\/\" \/>\n<meta property=\"og:site_name\" content=\"Slauschek.Photography\" \/>\n<meta property=\"article:published_time\" content=\"2021-09-18T08:04:59+00:00\" \/>\n<meta property=\"article:modified_time\" content=\"2024-05-29T11:04:29+00:00\" \/>\n<meta property=\"og:image\" content=\"https:\/\/slauschek.photography\/cms\/wp-content\/uploads\/2021\/04\/UWFMMWS-2015-07-1124-OPT-832-OPT-834.jpg\" \/>\n\t<meta property=\"og:image:width\" content=\"1500\" \/>\n\t<meta property=\"og:image:height\" content=\"998\" \/>\n\t<meta property=\"og:image:type\" content=\"image\/jpeg\" \/>\n<meta name=\"author\" content=\"Harald Slauschek\" \/>\n<meta name=\"twitter:card\" content=\"summary_large_image\" \/>\n<meta name=\"twitter:label1\" content=\"Verfasst von\" \/>\n\t<meta name=\"twitter:data1\" content=\"Harald Slauschek\" \/>\n\t<meta name=\"twitter:label2\" content=\"Gesch\u00e4tzte Lesezeit\" \/>\n\t<meta name=\"twitter:data2\" content=\"7\u00a0Minuten\" \/>\n<script type=\"application\/ld+json\" class=\"yoast-schema-graph\">{\"@context\":\"https:\\\/\\\/schema.org\",\"@graph\":[{\"@type\":\"Article\",\"@id\":\"https:\\\/\\\/slauschek.photography\\\/cms\\\/pres-waterworld-maldives-mermaid-week-2021-8497\\\/#article\",\"isPartOf\":{\"@id\":\"https:\\\/\\\/slauschek.photography\\\/cms\\\/pres-waterworld-maldives-mermaid-week-2021-8497\\\/\"},\"author\":{\"name\":\"Harald Slauschek\",\"@id\":\"https:\\\/\\\/slauschek.photography\\\/cms\\\/#\\\/schema\\\/person\\\/ef602f3dfc5a0bd727ea4ce6b73b3701\"},\"headline\":\"Pr\u00e9s Waterworld Maldives Mermaid Week 2021\",\"datePublished\":\"2021-09-18T08:04:59+00:00\",\"dateModified\":\"2024-05-29T11:04:29+00:00\",\"mainEntityOfPage\":{\"@id\":\"https:\\\/\\\/slauschek.photography\\\/cms\\\/pres-waterworld-maldives-mermaid-week-2021-8497\\\/\"},\"wordCount\":242,\"image\":{\"@id\":\"https:\\\/\\\/slauschek.photography\\\/cms\\\/pres-waterworld-maldives-mermaid-week-2021-8497\\\/#primaryimage\"},\"thumbnailUrl\":\"https:\\\/\\\/slauschek.photography\\\/cms\\\/wp-content\\\/uploads\\\/2021\\\/04\\\/UWFMMWS-2015-07-1124-OPT-832-OPT-834.jpg\",\"keywords\":[\"Fotos\",\"Fotoshooting\",\"Harald Slauschek\",\"Maldives Mermaid Week\",\"Malediven\",\"Mermaid-Kat\",\"Mermaids\",\"MY Scubaspa Yang\",\"PhotoShoot\",\"Shooting\",\"Slauschek.Photography\",\"Waterworld\"],\"articleSection\":[\"Malediven\",\"Mermaids\",\"Reisen\"],\"inLanguage\":\"de\"},{\"@type\":\"WebPage\",\"@id\":\"https:\\\/\\\/slauschek.photography\\\/cms\\\/pres-waterworld-maldives-mermaid-week-2021-8497\\\/\",\"url\":\"https:\\\/\\\/slauschek.photography\\\/cms\\\/pres-waterworld-maldives-mermaid-week-2021-8497\\\/\",\"name\":\"Pr\u00e9s Waterworld Maldives Mermaid Week 2021 - Slauschek.Photography\",\"isPartOf\":{\"@id\":\"https:\\\/\\\/slauschek.photography\\\/cms\\\/#website\"},\"primaryImageOfPage\":{\"@id\":\"https:\\\/\\\/slauschek.photography\\\/cms\\\/pres-waterworld-maldives-mermaid-week-2021-8497\\\/#primaryimage\"},\"image\":{\"@id\":\"https:\\\/\\\/slauschek.photography\\\/cms\\\/pres-waterworld-maldives-mermaid-week-2021-8497\\\/#primaryimage\"},\"thumbnailUrl\":\"https:\\\/\\\/slauschek.photography\\\/cms\\\/wp-content\\\/uploads\\\/2021\\\/04\\\/UWFMMWS-2015-07-1124-OPT-832-OPT-834.jpg\",\"datePublished\":\"2021-09-18T08:04:59+00:00\",\"dateModified\":\"2024-05-29T11:04:29+00:00\",\"author\":{\"@id\":\"https:\\\/\\\/slauschek.photography\\\/cms\\\/#\\\/schema\\\/person\\\/ef602f3dfc5a0bd727ea4ce6b73b3701\"},\"breadcrumb\":{\"@id\":\"https:\\\/\\\/slauschek.photography\\\/cms\\\/pres-waterworld-maldives-mermaid-week-2021-8497\\\/#breadcrumb\"},\"inLanguage\":\"de\",\"potentialAction\":[{\"@type\":\"ReadAction\",\"target\":[\"https:\\\/\\\/slauschek.photography\\\/cms\\\/pres-waterworld-maldives-mermaid-week-2021-8497\\\/\"]}]},{\"@type\":\"ImageObject\",\"inLanguage\":\"de\",\"@id\":\"https:\\\/\\\/slauschek.photography\\\/cms\\\/pres-waterworld-maldives-mermaid-week-2021-8497\\\/#primaryimage\",\"url\":\"https:\\\/\\\/slauschek.photography\\\/cms\\\/wp-content\\\/uploads\\\/2021\\\/04\\\/UWFMMWS-2015-07-1124-OPT-832-OPT-834.jpg\",\"contentUrl\":\"https:\\\/\\\/slauschek.photography\\\/cms\\\/wp-content\\\/uploads\\\/2021\\\/04\\\/UWFMMWS-2015-07-1124-OPT-832-OPT-834.jpg\",\"width\":1500,\"height\":998},{\"@type\":\"BreadcrumbList\",\"@id\":\"https:\\\/\\\/slauschek.photography\\\/cms\\\/pres-waterworld-maldives-mermaid-week-2021-8497\\\/#breadcrumb\",\"itemListElement\":[{\"@type\":\"ListItem\",\"position\":1,\"name\":\"Startseite\",\"item\":\"https:\\\/\\\/slauschek.photography\\\/cms\\\/\"},{\"@type\":\"ListItem\",\"position\":2,\"name\":\"Pr\u00e9s Waterworld Maldives Mermaid Week 2021\"}]},{\"@type\":\"WebSite\",\"@id\":\"https:\\\/\\\/slauschek.photography\\\/cms\\\/#website\",\"url\":\"https:\\\/\\\/slauschek.photography\\\/cms\\\/\",\"name\":\"Slauschek.Photography\",\"description\":\"Passion meets profession!\",\"potentialAction\":[{\"@type\":\"SearchAction\",\"target\":{\"@type\":\"EntryPoint\",\"urlTemplate\":\"https:\\\/\\\/slauschek.photography\\\/cms\\\/?s={search_term_string}\"},\"query-input\":{\"@type\":\"PropertyValueSpecification\",\"valueRequired\":true,\"valueName\":\"search_term_string\"}}],\"inLanguage\":\"de\"},{\"@type\":\"Person\",\"@id\":\"https:\\\/\\\/slauschek.photography\\\/cms\\\/#\\\/schema\\\/person\\\/ef602f3dfc5a0bd727ea4ce6b73b3701\",\"name\":\"Harald Slauschek\",\"image\":{\"@type\":\"ImageObject\",\"inLanguage\":\"de\",\"@id\":\"https:\\\/\\\/secure.gravatar.com\\\/avatar\\\/926ae54bb219acef952c24e6fe85583cf86e05d2f17df8d10a57a502b06920ef?s=96&d=mm&r=g\",\"url\":\"https:\\\/\\\/secure.gravatar.com\\\/avatar\\\/926ae54bb219acef952c24e6fe85583cf86e05d2f17df8d10a57a502b06920ef?s=96&d=mm&r=g\",\"contentUrl\":\"https:\\\/\\\/secure.gravatar.com\\\/avatar\\\/926ae54bb219acef952c24e6fe85583cf86e05d2f17df8d10a57a502b06920ef?s=96&d=mm&r=g\",\"caption\":\"Harald Slauschek\"},\"url\":\"https:\\\/\\\/slauschek.photography\\\/cms\\\/author\\\/hshark\\\/\"}]}<\/script>\n<!-- \/ Yoast SEO plugin. -->","yoast_head_json":{"title":"Pr\u00e9s Waterworld Maldives Mermaid Week 2021 - Slauschek.Photography","robots":{"index":"index","follow":"follow","max-snippet":"max-snippet:-1","max-image-preview":"max-image-preview:large","max-video-preview":"max-video-preview:-1"},"canonical":"https:\/\/slauschek.photography\/cms\/pres-waterworld-maldives-mermaid-week-2021-8497\/","og_locale":"de_DE","og_type":"article","og_title":"Pr\u00e9s Waterworld Maldives Mermaid Week 2021 - Slauschek.Photography","og_description":"In genau einer Woche startet die Waterworld Maldives Mermaid Week 2021 auf der M.Y. Scubaspa Yang auf den Malediven. Eine Reise die ich wieder als Waterworld FotoPRO und Reiseleiter begleiten werde.","og_url":"https:\/\/slauschek.photography\/cms\/pres-waterworld-maldives-mermaid-week-2021-8497\/","og_site_name":"Slauschek.Photography","article_published_time":"2021-09-18T08:04:59+00:00","article_modified_time":"2024-05-29T11:04:29+00:00","og_image":[{"width":1500,"height":998,"url":"https:\/\/slauschek.photography\/cms\/wp-content\/uploads\/2021\/04\/UWFMMWS-2015-07-1124-OPT-832-OPT-834.jpg","type":"image\/jpeg"}],"author":"Harald Slauschek","twitter_card":"summary_large_image","twitter_misc":{"Verfasst von":"Harald Slauschek","Gesch\u00e4tzte Lesezeit":"7\u00a0Minuten"},"schema":{"@context":"https:\/\/schema.org","@graph":[{"@type":"Article","@id":"https:\/\/slauschek.photography\/cms\/pres-waterworld-maldives-mermaid-week-2021-8497\/#article","isPartOf":{"@id":"https:\/\/slauschek.photography\/cms\/pres-waterworld-maldives-mermaid-week-2021-8497\/"},"author":{"name":"Harald Slauschek","@id":"https:\/\/slauschek.photography\/cms\/#\/schema\/person\/ef602f3dfc5a0bd727ea4ce6b73b3701"},"headline":"Pr\u00e9s Waterworld Maldives Mermaid Week 2021","datePublished":"2021-09-18T08:04:59+00:00","dateModified":"2024-05-29T11:04:29+00:00","mainEntityOfPage":{"@id":"https:\/\/slauschek.photography\/cms\/pres-waterworld-maldives-mermaid-week-2021-8497\/"},"wordCount":242,"image":{"@id":"https:\/\/slauschek.photography\/cms\/pres-waterworld-maldives-mermaid-week-2021-8497\/#primaryimage"},"thumbnailUrl":"https:\/\/slauschek.photography\/cms\/wp-content\/uploads\/2021\/04\/UWFMMWS-2015-07-1124-OPT-832-OPT-834.jpg","keywords":["Fotos","Fotoshooting","Harald Slauschek","Maldives Mermaid Week","Malediven","Mermaid-Kat","Mermaids","MY Scubaspa Yang","PhotoShoot","Shooting","Slauschek.Photography","Waterworld"],"articleSection":["Malediven","Mermaids","Reisen"],"inLanguage":"de"},{"@type":"WebPage","@id":"https:\/\/slauschek.photography\/cms\/pres-waterworld-maldives-mermaid-week-2021-8497\/","url":"https:\/\/slauschek.photography\/cms\/pres-waterworld-maldives-mermaid-week-2021-8497\/","name":"Pr\u00e9s Waterworld Maldives Mermaid Week 2021 - Slauschek.Photography","isPartOf":{"@id":"https:\/\/slauschek.photography\/cms\/#website"},"primaryImageOfPage":{"@id":"https:\/\/slauschek.photography\/cms\/pres-waterworld-maldives-mermaid-week-2021-8497\/#primaryimage"},"image":{"@id":"https:\/\/slauschek.photography\/cms\/pres-waterworld-maldives-mermaid-week-2021-8497\/#primaryimage"},"thumbnailUrl":"https:\/\/slauschek.photography\/cms\/wp-content\/uploads\/2021\/04\/UWFMMWS-2015-07-1124-OPT-832-OPT-834.jpg","datePublished":"2021-09-18T08:04:59+00:00","dateModified":"2024-05-29T11:04:29+00:00","author":{"@id":"https:\/\/slauschek.photography\/cms\/#\/schema\/person\/ef602f3dfc5a0bd727ea4ce6b73b3701"},"breadcrumb":{"@id":"https:\/\/slauschek.photography\/cms\/pres-waterworld-maldives-mermaid-week-2021-8497\/#breadcrumb"},"inLanguage":"de","potentialAction":[{"@type":"ReadAction","target":["https:\/\/slauschek.photography\/cms\/pres-waterworld-maldives-mermaid-week-2021-8497\/"]}]},{"@type":"ImageObject","inLanguage":"de","@id":"https:\/\/slauschek.photography\/cms\/pres-waterworld-maldives-mermaid-week-2021-8497\/#primaryimage","url":"https:\/\/slauschek.photography\/cms\/wp-content\/uploads\/2021\/04\/UWFMMWS-2015-07-1124-OPT-832-OPT-834.jpg","contentUrl":"https:\/\/slauschek.photography\/cms\/wp-content\/uploads\/2021\/04\/UWFMMWS-2015-07-1124-OPT-832-OPT-834.jpg","width":1500,"height":998},{"@type":"BreadcrumbList","@id":"https:\/\/slauschek.photography\/cms\/pres-waterworld-maldives-mermaid-week-2021-8497\/#breadcrumb","itemListElement":[{"@type":"ListItem","position":1,"name":"Startseite","item":"https:\/\/slauschek.photography\/cms\/"},{"@type":"ListItem","position":2,"name":"Pr\u00e9s Waterworld Maldives Mermaid Week 2021"}]},{"@type":"WebSite","@id":"https:\/\/slauschek.photography\/cms\/#website","url":"https:\/\/slauschek.photography\/cms\/","name":"Slauschek.Photography","description":"Passion meets profession!","potentialAction":[{"@type":"SearchAction","target":{"@type":"EntryPoint","urlTemplate":"https:\/\/slauschek.photography\/cms\/?s={search_term_string}"},"query-input":{"@type":"PropertyValueSpecification","valueRequired":true,"valueName":"search_term_string"}}],"inLanguage":"de"},{"@type":"Person","@id":"https:\/\/slauschek.photography\/cms\/#\/schema\/person\/ef602f3dfc5a0bd727ea4ce6b73b3701","name":"Harald Slauschek","image":{"@type":"ImageObject","inLanguage":"de","@id":"https:\/\/secure.gravatar.com\/avatar\/926ae54bb219acef952c24e6fe85583cf86e05d2f17df8d10a57a502b06920ef?s=96&d=mm&r=g","url":"https:\/\/secure.gravatar.com\/avatar\/926ae54bb219acef952c24e6fe85583cf86e05d2f17df8d10a57a502b06920ef?s=96&d=mm&r=g","contentUrl":"https:\/\/secure.gravatar.com\/avatar\/926ae54bb219acef952c24e6fe85583cf86e05d2f17df8d10a57a502b06920ef?s=96&d=mm&r=g","caption":"Harald Slauschek"},"url":"https:\/\/slauschek.photography\/cms\/author\/hshark\/"}]}},"jetpack_featured_media_url":"https:\/\/slauschek.photography\/cms\/wp-content\/uploads\/2021\/04\/UWFMMWS-2015-07-1124-OPT-832-OPT-834.jpg","jetpack_sharing_enabled":true,"_links":{"self":[{"href":"https:\/\/slauschek.photography\/cms\/wp-json\/wp\/v2\/posts\/8497","targetHints":{"allow":["GET"]}}],"collection":[{"href":"https:\/\/slauschek.photography\/cms\/wp-json\/wp\/v2\/posts"}],"about":[{"href":"https:\/\/slauschek.photography\/cms\/wp-json\/wp\/v2\/types\/post"}],"author":[{"embeddable":true,"href":"https:\/\/slauschek.photography\/cms\/wp-json\/wp\/v2\/users\/2"}],"replies":[{"embeddable":true,"href":"https:\/\/slauschek.photography\/cms\/wp-json\/wp\/v2\/comments?post=8497"}],"version-history":[{"count":29,"href":"https:\/\/slauschek.photography\/cms\/wp-json\/wp\/v2\/posts\/8497\/revisions"}],"predecessor-version":[{"id":9600,"href":"https:\/\/slauschek.photography\/cms\/wp-json\/wp\/v2\/posts\/8497\/revisions\/9600"}],"wp:featuredmedia":[{"embeddable":true,"href":"https:\/\/slauschek.photography\/cms\/wp-json\/wp\/v2\/media\/6818"}],"wp:attachment":[{"href":"https:\/\/slauschek.photography\/cms\/wp-json\/wp\/v2\/media?parent=8497"}],"wp:term":[{"taxonomy":"category","embeddable":true,"href":"https:\/\/slauschek.photography\/cms\/wp-json\/wp\/v2\/categories?post=8497"},{"taxonomy":"post_tag","embeddable":true,"href":"https:\/\/slauschek.photography\/cms\/wp-json\/wp\/v2\/tags?post=8497"}],"curies":[{"name":"wp","href":"https:\/\/api.w.org\/{rel}","templated":true}]}}