{"id":858,"date":"2015-08-10T15:44:47","date_gmt":"2015-08-10T13:44:47","guid":{"rendered":"http:\/\/www.h2o-photography.com\/wp\/?p=858"},"modified":"2024-05-29T13:34:55","modified_gmt":"2024-05-29T11:34:55","slug":"malediven-scouting-trip-teil-6-euro-divers-vilamendhoo-island","status":"publish","type":"post","link":"https:\/\/slauschek.photography\/cms\/malediven-scouting-trip-teil-6-euro-divers-vilamendhoo-island-858\/","title":{"rendered":"Malediven Scouting-Trip &#8211; Teil 6 &#8211; Euro-Divers &#038; Vilamendhoo Island"},"content":{"rendered":"\n<p>Unser Malediven Scouting-Trip war aus unserer Sicht ein voller Erfolg! Auch wenn das Wetter sich, entgegen der normaler Weise herrschenden, tollen Bedingungen, \u00f6fters nicht von seiner besten Seite zeigte. Jedoch sind Herausforderungen da um gemeistert zu werden und das haben wir mit Bravour geschafft!<\/p>\n\n\n<div class=\"wp-block-image\">\n<figure data-wp-context=\"{&quot;imageId&quot;:&quot;69f25fa4363ed&quot;}\" data-wp-interactive=\"core\/image\" data-wp-key=\"69f25fa4363ed\" class=\"alignright size-medium wp-lightbox-container\"><img loading=\"lazy\" decoding=\"async\" width=\"300\" height=\"200\" data-wp-class--hide=\"state.isContentHidden\" data-wp-class--show=\"state.isContentVisible\" data-wp-init=\"callbacks.setButtonStyles\" data-wp-on--click=\"actions.showLightbox\" data-wp-on--load=\"callbacks.setButtonStyles\" data-wp-on-window--resize=\"callbacks.setButtonStyles\" src=\"https:\/\/slauschek.photography\/cms\/wp-content\/uploads\/2015\/08\/UWFMMWS-2015-07-1603-OPT-826-300x200.jpg\" alt=\"\" class=\"wp-image-8104\"\/><button\n\t\t\tclass=\"lightbox-trigger\"\n\t\t\ttype=\"button\"\n\t\t\taria-haspopup=\"dialog\"\n\t\t\taria-label=\"Vergr\u00f6\u00dfern\"\n\t\t\tdata-wp-init=\"callbacks.initTriggerButton\"\n\t\t\tdata-wp-on--click=\"actions.showLightbox\"\n\t\t\tdata-wp-style--right=\"state.imageButtonRight\"\n\t\t\tdata-wp-style--top=\"state.imageButtonTop\"\n\t\t>\n\t\t\t<svg xmlns=\"http:\/\/www.w3.org\/2000\/svg\" width=\"12\" height=\"12\" fill=\"none\" viewBox=\"0 0 12 12\">\n\t\t\t\t<path fill=\"#fff\" d=\"M2 0a2 2 0 0 0-2 2v2h1.5V2a.5.5 0 0 1 .5-.5h2V0H2Zm2 10.5H2a.5.5 0 0 1-.5-.5V8H0v2a2 2 0 0 0 2 2h2v-1.5ZM8 12v-1.5h2a.5.5 0 0 0 .5-.5V8H12v2a2 2 0 0 1-2 2H8Zm2-12a2 2 0 0 1 2 2v2h-1.5V2a.5.5 0 0 0-.5-.5H8V0h2Z\" \/>\n\t\t\t<\/svg>\n\t\t<\/button><\/figure>\n<\/div>\n\n\n<p>Wir m\u00f6chten uns nat\u00fcrlich sehr herzlich bei allen Beteiligten bedanken, die uns im Rahmen der Vorbereitungsarbeiten und vor Ort, vorbildlich unterst\u00fctzt haben!<br>Allen voran bei <strong>Susanne Valverde<\/strong> von den <strong><a href=\"http:\/\/www.euro-divers.com\" target=\"_blank\" rel=\"noopener\">Euro-Divers<\/a><\/strong> die uns perfekte begleitete und alle wichtigen T\u00fcren \u00f6ffnete, dem sympathischen Euro-Divers Team rund um <strong>Sonja &amp; Magali<\/strong> auf Vilamendhoo und nat\u00fcrlich dem <strong><a href=\"http:\/\/www.vilamendhooisland.com\" target=\"_blank\" rel=\"noopener\">Vilamendhoo Island Resort<\/a><\/strong>.<\/p>\n\n\n\n<!--more-->\n\n\n<div class=\"wp-block-image\">\n<figure data-wp-context=\"{&quot;imageId&quot;:&quot;69f25fa43682b&quot;}\" data-wp-interactive=\"core\/image\" data-wp-key=\"69f25fa43682b\" class=\"alignleft size-medium wp-lightbox-container\"><img loading=\"lazy\" decoding=\"async\" width=\"300\" height=\"200\" data-wp-class--hide=\"state.isContentHidden\" data-wp-class--show=\"state.isContentVisible\" data-wp-init=\"callbacks.setButtonStyles\" data-wp-on--click=\"actions.showLightbox\" data-wp-on--load=\"callbacks.setButtonStyles\" data-wp-on-window--resize=\"callbacks.setButtonStyles\" src=\"https:\/\/slauschek.photography\/cms\/wp-content\/uploads\/2015\/08\/UWFMMWS-2015-07-1737-300x200.jpg\" alt=\"\" class=\"wp-image-8106\"\/><button\n\t\t\tclass=\"lightbox-trigger\"\n\t\t\ttype=\"button\"\n\t\t\taria-haspopup=\"dialog\"\n\t\t\taria-label=\"Vergr\u00f6\u00dfern\"\n\t\t\tdata-wp-init=\"callbacks.initTriggerButton\"\n\t\t\tdata-wp-on--click=\"actions.showLightbox\"\n\t\t\tdata-wp-style--right=\"state.imageButtonRight\"\n\t\t\tdata-wp-style--top=\"state.imageButtonTop\"\n\t\t>\n\t\t\t<svg xmlns=\"http:\/\/www.w3.org\/2000\/svg\" width=\"12\" height=\"12\" fill=\"none\" viewBox=\"0 0 12 12\">\n\t\t\t\t<path fill=\"#fff\" d=\"M2 0a2 2 0 0 0-2 2v2h1.5V2a.5.5 0 0 1 .5-.5h2V0H2Zm2 10.5H2a.5.5 0 0 1-.5-.5V8H0v2a2 2 0 0 0 2 2h2v-1.5ZM8 12v-1.5h2a.5.5 0 0 0 .5-.5V8H12v2a2 2 0 0 1-2 2H8Zm2-12a2 2 0 0 1 2 2v2h-1.5V2a.5.5 0 0 0-.5-.5H8V0h2Z\" \/>\n\t\t\t<\/svg>\n\t\t<\/button><\/figure>\n<\/div>\n\n\n<p>Unsere Ansprechpartnerin auf der wundersch\u00f6nen und gem\u00fctlichen Malediveninsel Vilamendhoo, <strong>Catherine Turmes<\/strong> &#8211; Assistant Guest Service Manager, hat alle unsere Sonderw\u00fcnsche, auch wenn sie noch so ausgefallen waren, mit gro\u00dfartigem Engagement sowie Begeisterung erf\u00fcllt. Und das gesamte restliche Team des Resorts war immer supernett, freundlich und allzeit hilfsbereit!<\/p>\n\n\n<div class=\"wp-block-image\">\n<figure data-wp-context=\"{&quot;imageId&quot;:&quot;69f25fa436bf1&quot;}\" data-wp-interactive=\"core\/image\" data-wp-key=\"69f25fa436bf1\" class=\"alignright size-medium wp-lightbox-container\"><img loading=\"lazy\" decoding=\"async\" width=\"300\" height=\"200\" data-wp-class--hide=\"state.isContentHidden\" data-wp-class--show=\"state.isContentVisible\" data-wp-init=\"callbacks.setButtonStyles\" data-wp-on--click=\"actions.showLightbox\" data-wp-on--load=\"callbacks.setButtonStyles\" data-wp-on-window--resize=\"callbacks.setButtonStyles\" src=\"https:\/\/slauschek.photography\/cms\/wp-content\/uploads\/2015\/08\/UWFMMWS-2015-07-0019-300x200.jpg\" alt=\"\" class=\"wp-image-8107\"\/><button\n\t\t\tclass=\"lightbox-trigger\"\n\t\t\ttype=\"button\"\n\t\t\taria-haspopup=\"dialog\"\n\t\t\taria-label=\"Vergr\u00f6\u00dfern\"\n\t\t\tdata-wp-init=\"callbacks.initTriggerButton\"\n\t\t\tdata-wp-on--click=\"actions.showLightbox\"\n\t\t\tdata-wp-style--right=\"state.imageButtonRight\"\n\t\t\tdata-wp-style--top=\"state.imageButtonTop\"\n\t\t>\n\t\t\t<svg xmlns=\"http:\/\/www.w3.org\/2000\/svg\" width=\"12\" height=\"12\" fill=\"none\" viewBox=\"0 0 12 12\">\n\t\t\t\t<path fill=\"#fff\" d=\"M2 0a2 2 0 0 0-2 2v2h1.5V2a.5.5 0 0 1 .5-.5h2V0H2Zm2 10.5H2a.5.5 0 0 1-.5-.5V8H0v2a2 2 0 0 0 2 2h2v-1.5ZM8 12v-1.5h2a.5.5 0 0 0 .5-.5V8H12v2a2 2 0 0 1-2 2H8Zm2-12a2 2 0 0 1 2 2v2h-1.5V2a.5.5 0 0 0-.5-.5H8V0h2Z\" \/>\n\t\t\t<\/svg>\n\t\t<\/button><\/figure>\n<\/div>\n\n\n<p>Perfekt erg\u00e4nzt wurden obige Partnerunternehmen durch den sehr kooperativen Reiseveranstalter <strong> <a href=\"http:\/\/www.itsmysport.com\" target=\"_blank\" rel=\"noopener\">itsmysport<\/a> <\/strong>und die \u00e4u\u00dferst entgegenkommende Airline &#8220;<strong><a href=\"http:\/\/www.etihad.com\/de-de\/\" target=\"_blank\" rel=\"noopener\">ETIHAD<\/a><\/strong>&#8221; aus den Vereinigten Arabischen Emiraten.<\/p>\n\n\n\n<p><strong>Wir h\u00e4tten uns keine besseren Partner f\u00fcr dieses Projekt w\u00fcnschen k\u00f6nnen!<\/strong><\/p>\n\n\n\n<p>Im <strong>Jahr 2016<\/strong> planen Katrin aka &#8220;<a href=\"https:\/\/www.facebook.com\/MermaidKat\" target=\"_blank\" rel=\"noopener\"><strong>Mermaid Kat<\/strong><\/a>&#8220;, unser Team und ich, <strong>verschiedene, ganz besondere Workshops sowie Shootings auf bzw. rund um Vilamendhoo<\/strong>. Daf\u00fcr ist noch sehr viel zu tun, jedoch freuen wir uns schon sehr darauf und werden diesbez\u00fcglich nat\u00fcrlich rechtzeitig informieren!<\/p>\n\n\n\n<p>Reisepartner: <a href=\"http:\/\/www.euro-divers.com\" target=\"_blank\" rel=\"noopener\">Euro-Divers<\/a>, <a href=\"http:\/\/www.vilamendhooisland.com\" target=\"_blank\" rel=\"noopener\">Vilamendhoo Island Resort <\/a>&amp; <a href=\"http:\/\/www.itsmysport.com\" target=\"_blank\" rel=\"noopener\">itsmysport<\/a><\/p>\n\n\n\n<p><em>Text &amp; Fotos:<\/em><br>\u00a9 Harald Slauschek | <a href=\"https:\/\/slauschek.photography\">Slauschek.Photography<\/a><\/p>\n","protected":false},"excerpt":{"rendered":"<p>Unser Malediven Scouting-Trip war aus unserer Sicht ein voller Erfolg! Auch wenn das Wetter sich, entgegen der normaler Weise herrschenden, tollen Bedingungen, \u00f6fters nicht von seiner besten Seite zeigte. Jedoch sind Herausforderungen da um gemeistert zu werden und das haben wir mit Bravour geschafft!<\/p>\n","protected":false},"author":2,"featured_media":8104,"comment_status":"open","ping_status":"closed","sticky":false,"template":"","format":"standard","meta":{"jetpack_post_was_ever_published":false,"_jetpack_newsletter_access":"","_jetpack_dont_email_post_to_subs":false,"_jetpack_newsletter_tier_id":0,"_jetpack_memberships_contains_paywalled_content":false,"_jetpack_memberships_contains_paid_content":false,"footnotes":""},"categories":[173,189,129],"tags":[150,120,151,128,152,190,202,154,163,155,203],"class_list":["post-858","post","type-post","status-publish","format-standard","has-post-thumbnail","hentry","category-malediven","category-mermaids","category-reisen","tag-euro-divers","tag-fotos","tag-fotoshooting","tag-harald-slauschek","tag-malediven","tag-mermaids","tag-photoshoot","tag-shooting","tag-slauschek-photography","tag-vilamendhoo","tag-vilamendhoo-island-resort"],"yoast_head":"<!-- This site is optimized with the Yoast SEO plugin v27.4 - https:\/\/yoast.com\/product\/yoast-seo-wordpress\/ -->\n<title>Malediven Scouting-Trip - Teil 6 - Euro-Divers &amp; Vilamendhoo Island - Slauschek.Photography<\/title>\n<meta name=\"robots\" content=\"index, follow, max-snippet:-1, max-image-preview:large, max-video-preview:-1\" \/>\n<link rel=\"canonical\" href=\"https:\/\/slauschek.photography\/cms\/malediven-scouting-trip-teil-6-euro-divers-vilamendhoo-island-858\/\" \/>\n<meta property=\"og:locale\" content=\"de_DE\" \/>\n<meta property=\"og:type\" content=\"article\" \/>\n<meta property=\"og:title\" content=\"Malediven Scouting-Trip - Teil 6 - Euro-Divers &amp; Vilamendhoo Island - Slauschek.Photography\" \/>\n<meta property=\"og:description\" content=\"Unser Malediven Scouting-Trip war aus unserer Sicht ein voller Erfolg! Auch wenn das Wetter sich, entgegen der normaler Weise herrschenden, tollen Bedingungen, \u00f6fters nicht von seiner besten Seite zeigte. Jedoch sind Herausforderungen da um gemeistert zu werden und das haben wir mit Bravour geschafft!\" \/>\n<meta property=\"og:url\" content=\"https:\/\/slauschek.photography\/cms\/malediven-scouting-trip-teil-6-euro-divers-vilamendhoo-island-858\/\" \/>\n<meta property=\"og:site_name\" content=\"Slauschek.Photography\" \/>\n<meta property=\"article:published_time\" content=\"2015-08-10T13:44:47+00:00\" \/>\n<meta property=\"article:modified_time\" content=\"2024-05-29T11:34:55+00:00\" \/>\n<meta property=\"og:image\" content=\"https:\/\/slauschek.photography\/cms\/wp-content\/uploads\/2015\/08\/UWFMMWS-2015-07-1603-OPT-826.jpg\" \/>\n\t<meta property=\"og:image:width\" content=\"1500\" \/>\n\t<meta property=\"og:image:height\" content=\"998\" \/>\n\t<meta property=\"og:image:type\" content=\"image\/jpeg\" \/>\n<meta name=\"author\" content=\"Harald Slauschek\" \/>\n<meta name=\"twitter:card\" content=\"summary_large_image\" \/>\n<meta name=\"twitter:label1\" content=\"Verfasst von\" \/>\n\t<meta name=\"twitter:data1\" content=\"Harald Slauschek\" \/>\n\t<meta name=\"twitter:label2\" content=\"Gesch\u00e4tzte Lesezeit\" \/>\n\t<meta name=\"twitter:data2\" content=\"3\u00a0Minuten\" \/>\n<script type=\"application\/ld+json\" class=\"yoast-schema-graph\">{\"@context\":\"https:\\\/\\\/schema.org\",\"@graph\":[{\"@type\":\"Article\",\"@id\":\"https:\\\/\\\/slauschek.photography\\\/cms\\\/malediven-scouting-trip-teil-6-euro-divers-vilamendhoo-island-858\\\/#article\",\"isPartOf\":{\"@id\":\"https:\\\/\\\/slauschek.photography\\\/cms\\\/malediven-scouting-trip-teil-6-euro-divers-vilamendhoo-island-858\\\/\"},\"author\":{\"name\":\"Harald Slauschek\",\"@id\":\"https:\\\/\\\/slauschek.photography\\\/cms\\\/#\\\/schema\\\/person\\\/ef602f3dfc5a0bd727ea4ce6b73b3701\"},\"headline\":\"Malediven Scouting-Trip &#8211; Teil 6 &#8211; Euro-Divers &#038; Vilamendhoo Island\",\"datePublished\":\"2015-08-10T13:44:47+00:00\",\"dateModified\":\"2024-05-29T11:34:55+00:00\",\"mainEntityOfPage\":{\"@id\":\"https:\\\/\\\/slauschek.photography\\\/cms\\\/malediven-scouting-trip-teil-6-euro-divers-vilamendhoo-island-858\\\/\"},\"wordCount\":263,\"commentCount\":0,\"image\":{\"@id\":\"https:\\\/\\\/slauschek.photography\\\/cms\\\/malediven-scouting-trip-teil-6-euro-divers-vilamendhoo-island-858\\\/#primaryimage\"},\"thumbnailUrl\":\"https:\\\/\\\/slauschek.photography\\\/cms\\\/wp-content\\\/uploads\\\/2015\\\/08\\\/UWFMMWS-2015-07-1603-OPT-826.jpg\",\"keywords\":[\"Euro-Divers\",\"Fotos\",\"Fotoshooting\",\"Harald Slauschek\",\"Malediven\",\"Mermaids\",\"PhotoShoot\",\"Shooting\",\"Slauschek.Photography\",\"Vilamendhoo\",\"Vilamendhoo Island Resort\"],\"articleSection\":[\"Malediven\",\"Mermaids\",\"Reisen\"],\"inLanguage\":\"de\",\"potentialAction\":[{\"@type\":\"CommentAction\",\"name\":\"Comment\",\"target\":[\"https:\\\/\\\/slauschek.photography\\\/cms\\\/malediven-scouting-trip-teil-6-euro-divers-vilamendhoo-island-858\\\/#respond\"]}]},{\"@type\":\"WebPage\",\"@id\":\"https:\\\/\\\/slauschek.photography\\\/cms\\\/malediven-scouting-trip-teil-6-euro-divers-vilamendhoo-island-858\\\/\",\"url\":\"https:\\\/\\\/slauschek.photography\\\/cms\\\/malediven-scouting-trip-teil-6-euro-divers-vilamendhoo-island-858\\\/\",\"name\":\"Malediven Scouting-Trip - Teil 6 - Euro-Divers & Vilamendhoo Island - Slauschek.Photography\",\"isPartOf\":{\"@id\":\"https:\\\/\\\/slauschek.photography\\\/cms\\\/#website\"},\"primaryImageOfPage\":{\"@id\":\"https:\\\/\\\/slauschek.photography\\\/cms\\\/malediven-scouting-trip-teil-6-euro-divers-vilamendhoo-island-858\\\/#primaryimage\"},\"image\":{\"@id\":\"https:\\\/\\\/slauschek.photography\\\/cms\\\/malediven-scouting-trip-teil-6-euro-divers-vilamendhoo-island-858\\\/#primaryimage\"},\"thumbnailUrl\":\"https:\\\/\\\/slauschek.photography\\\/cms\\\/wp-content\\\/uploads\\\/2015\\\/08\\\/UWFMMWS-2015-07-1603-OPT-826.jpg\",\"datePublished\":\"2015-08-10T13:44:47+00:00\",\"dateModified\":\"2024-05-29T11:34:55+00:00\",\"author\":{\"@id\":\"https:\\\/\\\/slauschek.photography\\\/cms\\\/#\\\/schema\\\/person\\\/ef602f3dfc5a0bd727ea4ce6b73b3701\"},\"breadcrumb\":{\"@id\":\"https:\\\/\\\/slauschek.photography\\\/cms\\\/malediven-scouting-trip-teil-6-euro-divers-vilamendhoo-island-858\\\/#breadcrumb\"},\"inLanguage\":\"de\",\"potentialAction\":[{\"@type\":\"ReadAction\",\"target\":[\"https:\\\/\\\/slauschek.photography\\\/cms\\\/malediven-scouting-trip-teil-6-euro-divers-vilamendhoo-island-858\\\/\"]}]},{\"@type\":\"ImageObject\",\"inLanguage\":\"de\",\"@id\":\"https:\\\/\\\/slauschek.photography\\\/cms\\\/malediven-scouting-trip-teil-6-euro-divers-vilamendhoo-island-858\\\/#primaryimage\",\"url\":\"https:\\\/\\\/slauschek.photography\\\/cms\\\/wp-content\\\/uploads\\\/2015\\\/08\\\/UWFMMWS-2015-07-1603-OPT-826.jpg\",\"contentUrl\":\"https:\\\/\\\/slauschek.photography\\\/cms\\\/wp-content\\\/uploads\\\/2015\\\/08\\\/UWFMMWS-2015-07-1603-OPT-826.jpg\",\"width\":1500,\"height\":998},{\"@type\":\"BreadcrumbList\",\"@id\":\"https:\\\/\\\/slauschek.photography\\\/cms\\\/malediven-scouting-trip-teil-6-euro-divers-vilamendhoo-island-858\\\/#breadcrumb\",\"itemListElement\":[{\"@type\":\"ListItem\",\"position\":1,\"name\":\"Startseite\",\"item\":\"https:\\\/\\\/slauschek.photography\\\/cms\\\/\"},{\"@type\":\"ListItem\",\"position\":2,\"name\":\"Malediven Scouting-Trip &#8211; Teil 6 &#8211; Euro-Divers &#038; Vilamendhoo Island\"}]},{\"@type\":\"WebSite\",\"@id\":\"https:\\\/\\\/slauschek.photography\\\/cms\\\/#website\",\"url\":\"https:\\\/\\\/slauschek.photography\\\/cms\\\/\",\"name\":\"Slauschek.Photography\",\"description\":\"Passion meets profession!\",\"potentialAction\":[{\"@type\":\"SearchAction\",\"target\":{\"@type\":\"EntryPoint\",\"urlTemplate\":\"https:\\\/\\\/slauschek.photography\\\/cms\\\/?s={search_term_string}\"},\"query-input\":{\"@type\":\"PropertyValueSpecification\",\"valueRequired\":true,\"valueName\":\"search_term_string\"}}],\"inLanguage\":\"de\"},{\"@type\":\"Person\",\"@id\":\"https:\\\/\\\/slauschek.photography\\\/cms\\\/#\\\/schema\\\/person\\\/ef602f3dfc5a0bd727ea4ce6b73b3701\",\"name\":\"Harald Slauschek\",\"image\":{\"@type\":\"ImageObject\",\"inLanguage\":\"de\",\"@id\":\"https:\\\/\\\/secure.gravatar.com\\\/avatar\\\/926ae54bb219acef952c24e6fe85583cf86e05d2f17df8d10a57a502b06920ef?s=96&d=mm&r=g\",\"url\":\"https:\\\/\\\/secure.gravatar.com\\\/avatar\\\/926ae54bb219acef952c24e6fe85583cf86e05d2f17df8d10a57a502b06920ef?s=96&d=mm&r=g\",\"contentUrl\":\"https:\\\/\\\/secure.gravatar.com\\\/avatar\\\/926ae54bb219acef952c24e6fe85583cf86e05d2f17df8d10a57a502b06920ef?s=96&d=mm&r=g\",\"caption\":\"Harald Slauschek\"},\"url\":\"https:\\\/\\\/slauschek.photography\\\/cms\\\/author\\\/hshark\\\/\"}]}<\/script>\n<!-- \/ Yoast SEO plugin. -->","yoast_head_json":{"title":"Malediven Scouting-Trip - Teil 6 - Euro-Divers & Vilamendhoo Island - Slauschek.Photography","robots":{"index":"index","follow":"follow","max-snippet":"max-snippet:-1","max-image-preview":"max-image-preview:large","max-video-preview":"max-video-preview:-1"},"canonical":"https:\/\/slauschek.photography\/cms\/malediven-scouting-trip-teil-6-euro-divers-vilamendhoo-island-858\/","og_locale":"de_DE","og_type":"article","og_title":"Malediven Scouting-Trip - Teil 6 - Euro-Divers & Vilamendhoo Island - Slauschek.Photography","og_description":"Unser Malediven Scouting-Trip war aus unserer Sicht ein voller Erfolg! Auch wenn das Wetter sich, entgegen der normaler Weise herrschenden, tollen Bedingungen, \u00f6fters nicht von seiner besten Seite zeigte. Jedoch sind Herausforderungen da um gemeistert zu werden und das haben wir mit Bravour geschafft!","og_url":"https:\/\/slauschek.photography\/cms\/malediven-scouting-trip-teil-6-euro-divers-vilamendhoo-island-858\/","og_site_name":"Slauschek.Photography","article_published_time":"2015-08-10T13:44:47+00:00","article_modified_time":"2024-05-29T11:34:55+00:00","og_image":[{"width":1500,"height":998,"url":"https:\/\/slauschek.photography\/cms\/wp-content\/uploads\/2015\/08\/UWFMMWS-2015-07-1603-OPT-826.jpg","type":"image\/jpeg"}],"author":"Harald Slauschek","twitter_card":"summary_large_image","twitter_misc":{"Verfasst von":"Harald Slauschek","Gesch\u00e4tzte Lesezeit":"3\u00a0Minuten"},"schema":{"@context":"https:\/\/schema.org","@graph":[{"@type":"Article","@id":"https:\/\/slauschek.photography\/cms\/malediven-scouting-trip-teil-6-euro-divers-vilamendhoo-island-858\/#article","isPartOf":{"@id":"https:\/\/slauschek.photography\/cms\/malediven-scouting-trip-teil-6-euro-divers-vilamendhoo-island-858\/"},"author":{"name":"Harald Slauschek","@id":"https:\/\/slauschek.photography\/cms\/#\/schema\/person\/ef602f3dfc5a0bd727ea4ce6b73b3701"},"headline":"Malediven Scouting-Trip &#8211; Teil 6 &#8211; Euro-Divers &#038; Vilamendhoo Island","datePublished":"2015-08-10T13:44:47+00:00","dateModified":"2024-05-29T11:34:55+00:00","mainEntityOfPage":{"@id":"https:\/\/slauschek.photography\/cms\/malediven-scouting-trip-teil-6-euro-divers-vilamendhoo-island-858\/"},"wordCount":263,"commentCount":0,"image":{"@id":"https:\/\/slauschek.photography\/cms\/malediven-scouting-trip-teil-6-euro-divers-vilamendhoo-island-858\/#primaryimage"},"thumbnailUrl":"https:\/\/slauschek.photography\/cms\/wp-content\/uploads\/2015\/08\/UWFMMWS-2015-07-1603-OPT-826.jpg","keywords":["Euro-Divers","Fotos","Fotoshooting","Harald Slauschek","Malediven","Mermaids","PhotoShoot","Shooting","Slauschek.Photography","Vilamendhoo","Vilamendhoo Island Resort"],"articleSection":["Malediven","Mermaids","Reisen"],"inLanguage":"de","potentialAction":[{"@type":"CommentAction","name":"Comment","target":["https:\/\/slauschek.photography\/cms\/malediven-scouting-trip-teil-6-euro-divers-vilamendhoo-island-858\/#respond"]}]},{"@type":"WebPage","@id":"https:\/\/slauschek.photography\/cms\/malediven-scouting-trip-teil-6-euro-divers-vilamendhoo-island-858\/","url":"https:\/\/slauschek.photography\/cms\/malediven-scouting-trip-teil-6-euro-divers-vilamendhoo-island-858\/","name":"Malediven Scouting-Trip - Teil 6 - Euro-Divers & Vilamendhoo Island - Slauschek.Photography","isPartOf":{"@id":"https:\/\/slauschek.photography\/cms\/#website"},"primaryImageOfPage":{"@id":"https:\/\/slauschek.photography\/cms\/malediven-scouting-trip-teil-6-euro-divers-vilamendhoo-island-858\/#primaryimage"},"image":{"@id":"https:\/\/slauschek.photography\/cms\/malediven-scouting-trip-teil-6-euro-divers-vilamendhoo-island-858\/#primaryimage"},"thumbnailUrl":"https:\/\/slauschek.photography\/cms\/wp-content\/uploads\/2015\/08\/UWFMMWS-2015-07-1603-OPT-826.jpg","datePublished":"2015-08-10T13:44:47+00:00","dateModified":"2024-05-29T11:34:55+00:00","author":{"@id":"https:\/\/slauschek.photography\/cms\/#\/schema\/person\/ef602f3dfc5a0bd727ea4ce6b73b3701"},"breadcrumb":{"@id":"https:\/\/slauschek.photography\/cms\/malediven-scouting-trip-teil-6-euro-divers-vilamendhoo-island-858\/#breadcrumb"},"inLanguage":"de","potentialAction":[{"@type":"ReadAction","target":["https:\/\/slauschek.photography\/cms\/malediven-scouting-trip-teil-6-euro-divers-vilamendhoo-island-858\/"]}]},{"@type":"ImageObject","inLanguage":"de","@id":"https:\/\/slauschek.photography\/cms\/malediven-scouting-trip-teil-6-euro-divers-vilamendhoo-island-858\/#primaryimage","url":"https:\/\/slauschek.photography\/cms\/wp-content\/uploads\/2015\/08\/UWFMMWS-2015-07-1603-OPT-826.jpg","contentUrl":"https:\/\/slauschek.photography\/cms\/wp-content\/uploads\/2015\/08\/UWFMMWS-2015-07-1603-OPT-826.jpg","width":1500,"height":998},{"@type":"BreadcrumbList","@id":"https:\/\/slauschek.photography\/cms\/malediven-scouting-trip-teil-6-euro-divers-vilamendhoo-island-858\/#breadcrumb","itemListElement":[{"@type":"ListItem","position":1,"name":"Startseite","item":"https:\/\/slauschek.photography\/cms\/"},{"@type":"ListItem","position":2,"name":"Malediven Scouting-Trip &#8211; Teil 6 &#8211; Euro-Divers &#038; Vilamendhoo Island"}]},{"@type":"WebSite","@id":"https:\/\/slauschek.photography\/cms\/#website","url":"https:\/\/slauschek.photography\/cms\/","name":"Slauschek.Photography","description":"Passion meets profession!","potentialAction":[{"@type":"SearchAction","target":{"@type":"EntryPoint","urlTemplate":"https:\/\/slauschek.photography\/cms\/?s={search_term_string}"},"query-input":{"@type":"PropertyValueSpecification","valueRequired":true,"valueName":"search_term_string"}}],"inLanguage":"de"},{"@type":"Person","@id":"https:\/\/slauschek.photography\/cms\/#\/schema\/person\/ef602f3dfc5a0bd727ea4ce6b73b3701","name":"Harald Slauschek","image":{"@type":"ImageObject","inLanguage":"de","@id":"https:\/\/secure.gravatar.com\/avatar\/926ae54bb219acef952c24e6fe85583cf86e05d2f17df8d10a57a502b06920ef?s=96&d=mm&r=g","url":"https:\/\/secure.gravatar.com\/avatar\/926ae54bb219acef952c24e6fe85583cf86e05d2f17df8d10a57a502b06920ef?s=96&d=mm&r=g","contentUrl":"https:\/\/secure.gravatar.com\/avatar\/926ae54bb219acef952c24e6fe85583cf86e05d2f17df8d10a57a502b06920ef?s=96&d=mm&r=g","caption":"Harald Slauschek"},"url":"https:\/\/slauschek.photography\/cms\/author\/hshark\/"}]}},"jetpack_featured_media_url":"https:\/\/slauschek.photography\/cms\/wp-content\/uploads\/2015\/08\/UWFMMWS-2015-07-1603-OPT-826.jpg","jetpack_sharing_enabled":true,"_links":{"self":[{"href":"https:\/\/slauschek.photography\/cms\/wp-json\/wp\/v2\/posts\/858","targetHints":{"allow":["GET"]}}],"collection":[{"href":"https:\/\/slauschek.photography\/cms\/wp-json\/wp\/v2\/posts"}],"about":[{"href":"https:\/\/slauschek.photography\/cms\/wp-json\/wp\/v2\/types\/post"}],"author":[{"embeddable":true,"href":"https:\/\/slauschek.photography\/cms\/wp-json\/wp\/v2\/users\/2"}],"replies":[{"embeddable":true,"href":"https:\/\/slauschek.photography\/cms\/wp-json\/wp\/v2\/comments?post=858"}],"version-history":[{"count":6,"href":"https:\/\/slauschek.photography\/cms\/wp-json\/wp\/v2\/posts\/858\/revisions"}],"predecessor-version":[{"id":9615,"href":"https:\/\/slauschek.photography\/cms\/wp-json\/wp\/v2\/posts\/858\/revisions\/9615"}],"wp:featuredmedia":[{"embeddable":true,"href":"https:\/\/slauschek.photography\/cms\/wp-json\/wp\/v2\/media\/8104"}],"wp:attachment":[{"href":"https:\/\/slauschek.photography\/cms\/wp-json\/wp\/v2\/media?parent=858"}],"wp:term":[{"taxonomy":"category","embeddable":true,"href":"https:\/\/slauschek.photography\/cms\/wp-json\/wp\/v2\/categories?post=858"},{"taxonomy":"post_tag","embeddable":true,"href":"https:\/\/slauschek.photography\/cms\/wp-json\/wp\/v2\/tags?post=858"}],"curies":[{"name":"wp","href":"https:\/\/api.w.org\/{rel}","templated":true}]}}