{"id":8762,"date":"2022-04-29T01:19:29","date_gmt":"2022-04-28T23:19:29","guid":{"rendered":"https:\/\/slauschek.photography\/cms\/?p=8762"},"modified":"2022-04-29T06:49:36","modified_gmt":"2022-04-29T04:49:36","slug":"publikation-sailfish-faszination-segelfische","status":"publish","type":"post","link":"https:\/\/slauschek.photography\/cms\/publikation-sailfish-faszination-segelfische-8762\/","title":{"rendered":"Publikation der Reisereportage &#8220;Sailfish &#8211; Faszination Segelfische&#8221;"},"content":{"rendered":"\n<div class=\"wp-block-image is-style-default\"><figure class=\"alignright size-medium\"><a href=\"https:\/\/www.vtnoe.at\/index.php\/shop\" target=\"_blank\" rel=\"noopener\"><img loading=\"lazy\" decoding=\"async\" width=\"300\" height=\"212\" src=\"https:\/\/slauschek.photography\/cms\/wp-content\/uploads\/2022\/04\/2022-03-VTNO\u0308-Magazin-Sailfish-Reportage-Mexiko_2020-02-Doppelseite1Cover_Web-300x212.jpg\" alt=\"\" class=\"wp-image-8765\"\/><\/a><\/figure><\/div>\n\n\n\n<p>Das aktuelle Magazin &#8220;Natur.Fotografie&#8221; des <a href=\"http:\/\/vtnoe.at\" target=\"_blank\" rel=\"noreferrer noopener\">VTN\u00d6 &#8211; Verein f\u00fcr Tier- und Naturfotografie \u00d6sterreich<\/a> ist vor Kurzem erschienen. Darin enthalten meine Reisereportage &#8220;Sailfish &#8211; Faszination Segelfische&#8221; (6 Seiten). \ud83d\ude00<\/p>\n\n\n\n<p>Grafisch wurde diese wieder sehr sch\u00f6n umgesetzt und zur bekannt hervorragenden Papier- &amp; Printqualit\u00e4t, sind eigentlich keine weiteren Worte mehr notwendig.                        <\/p>\n\n\n\n<p>Die Reportage ist Resultat meiner Reise die ich als FotoPRO f\u00fcr den \u00f6sterreichischen Spezialisten in Bezug auf Toptauchreiseziele weltweit, Waterworld aus Tirol, im Februar 2020 begleitet habe.<\/p>\n\n\n\n<p>Das aktuelle VTN\u00d6-Magazin &#8220;Natur.Fotografie&#8221; ist <a href=\"https:\/\/www.vtnoe.at\/index.php\/shop\" target=\"_blank\" rel=\"noreferrer noopener\">hier<\/a> bestellbar, mit tollen weiteren, \u00e4u\u00dferst lesenswerten Artikeln.<\/p>\n\n\n\n<p><em>Text &amp; Fotos:<\/em> \u00a9 Harald Slauschek | <a href=\"https:\/\/slauschek.photography\">Slauschek.Photography<\/a><br><em>Veranstalter\/Reisepartner:<\/em> <a href=\"http:\/\/www.waterworld.at\" target=\"_blank\" rel=\"noreferrer noopener\">Waterworld Werner Thiele KG<\/a><\/p>\n\n\n\n<div class=\"wp-block-jetpack-slideshow aligncenter\" data-autoplay=\"true\" data-delay=\"3\" data-effect=\"slide\"><div class=\"wp-block-jetpack-slideshow_container swiper-container\"><ul class=\"wp-block-jetpack-slideshow_swiper-wrapper swiper-wrapper\"><li class=\"wp-block-jetpack-slideshow_slide swiper-slide\"><figure><img loading=\"lazy\" decoding=\"async\" width=\"1653\" height=\"1169\" alt=\"\" class=\"wp-block-jetpack-slideshow_image wp-image-8765\" data-id=\"8765\" src=\"https:\/\/slauschek.photography\/cms\/wp-content\/uploads\/2022\/04\/2022-03-VTNO\u0308-Magazin-Sailfish-Reportage-Mexiko_2020-02-Doppelseite1Cover_Web.jpg\"\/><\/figure><\/li><li class=\"wp-block-jetpack-slideshow_slide swiper-slide\"><figure><img loading=\"lazy\" decoding=\"async\" width=\"1653\" height=\"1169\" alt=\"\" class=\"wp-block-jetpack-slideshow_image wp-image-8766\" data-id=\"8766\" src=\"https:\/\/slauschek.photography\/cms\/wp-content\/uploads\/2022\/04\/2022-03-VTNO\u0308-Magazin-Sailfish-Reportage-Mexiko_2020-02-Doppelseite2_Web.jpg\"\/><\/figure><\/li><li class=\"wp-block-jetpack-slideshow_slide swiper-slide\"><figure><img loading=\"lazy\" decoding=\"async\" width=\"1653\" height=\"1169\" alt=\"\" class=\"wp-block-jetpack-slideshow_image wp-image-8767\" data-id=\"8767\" src=\"https:\/\/slauschek.photography\/cms\/wp-content\/uploads\/2022\/04\/2022-03-VTNO\u0308-Magazin-Sailfish-Reportage-Mexiko_2020-02-Doppelseite3_Web.jpg\"\/><\/figure><\/li><\/ul><a class=\"wp-block-jetpack-slideshow_button-prev swiper-button-prev swiper-button-white\" role=\"button\"><\/a><a class=\"wp-block-jetpack-slideshow_button-next swiper-button-next swiper-button-white\" role=\"button\"><\/a><a aria-label=\"Pause Slideshow\" class=\"wp-block-jetpack-slideshow_button-pause\" role=\"button\"><\/a><div class=\"wp-block-jetpack-slideshow_pagination swiper-pagination swiper-pagination-white\"><\/div><\/div><\/div>\n","protected":false},"excerpt":{"rendered":"<p>Das aktuelle &#8220;Natur.Fotografie&#8221; Magazin des VTN\u00d6 &#8211; Verein f\u00fcr Tier- und Naturfotografie \u00d6sterreich ist vor Kurzem erschienen. Darin enthalten meine Reisereportage &#8220;Sailfish &#8211; Faszination Segelfische&#8221;.<\/p>\n","protected":false},"author":2,"featured_media":8765,"comment_status":"closed","ping_status":"closed","sticky":false,"template":"","format":"standard","meta":{"jetpack_post_was_ever_published":false,"_jetpack_newsletter_access":"","_jetpack_dont_email_post_to_subs":false,"_jetpack_newsletter_tier_id":0,"_jetpack_memberships_contains_paywalled_content":false,"_jetpack_memberships_contains_paid_content":false,"footnotes":""},"categories":[119,231,194,129,124,232],"tags":[225,120,151,226,128,224,202,227,228,230,154,163,229,130],"class_list":["post-8762","post","type-post","status-publish","format-standard","has-post-thumbnail","hentry","category-fotos","category-medien","category-mexiko","category-reisen","category-unterwasserfotos","category-veroeffentlichungen","tag-caribbeansea","tag-fotos","tag-fotoshooting","tag-gulfofmexico","tag-harald-slauschek","tag-mexico","tag-photoshoot","tag-sailfishes","tag-sardines","tag-segelfische","tag-shooting","tag-slauschek-photography","tag-vtnoe","tag-waterworld"],"yoast_head":"<!-- This site is optimized with the Yoast SEO plugin v27.4 - https:\/\/yoast.com\/product\/yoast-seo-wordpress\/ -->\n<title>Publikation der Reisereportage &quot;Sailfish - Faszination Segelfische&quot; - Slauschek.Photography<\/title>\n<meta name=\"robots\" content=\"index, follow, max-snippet:-1, max-image-preview:large, max-video-preview:-1\" \/>\n<link rel=\"canonical\" href=\"https:\/\/slauschek.photography\/cms\/publikation-sailfish-faszination-segelfische-8762\/\" \/>\n<meta property=\"og:locale\" content=\"de_DE\" \/>\n<meta property=\"og:type\" content=\"article\" \/>\n<meta property=\"og:title\" content=\"Publikation der Reisereportage &quot;Sailfish - Faszination Segelfische&quot; - Slauschek.Photography\" \/>\n<meta property=\"og:description\" content=\"Das aktuelle &quot;Natur.Fotografie&quot; Magazin des VTN\u00d6 - Verein f\u00fcr Tier- und Naturfotografie \u00d6sterreich ist vor Kurzem erschienen. Darin enthalten meine Reisereportage &quot;Sailfish - Faszination Segelfische&quot;.\" \/>\n<meta property=\"og:url\" content=\"https:\/\/slauschek.photography\/cms\/publikation-sailfish-faszination-segelfische-8762\/\" \/>\n<meta property=\"og:site_name\" content=\"Slauschek.Photography\" \/>\n<meta property=\"article:published_time\" content=\"2022-04-28T23:19:29+00:00\" \/>\n<meta property=\"article:modified_time\" content=\"2022-04-29T04:49:36+00:00\" \/>\n<meta property=\"og:image\" content=\"https:\/\/slauschek.photography\/cms\/wp-content\/uploads\/2022\/04\/2022-03-VTNO\u0308-Magazin-Sailfish-Reportage-Mexiko_2020-02-Doppelseite1Cover_Web.jpg\" \/>\n\t<meta property=\"og:image:width\" content=\"1653\" \/>\n\t<meta property=\"og:image:height\" content=\"1169\" \/>\n\t<meta property=\"og:image:type\" content=\"image\/jpeg\" \/>\n<meta name=\"author\" content=\"Harald Slauschek\" \/>\n<meta name=\"twitter:card\" content=\"summary_large_image\" \/>\n<meta name=\"twitter:label1\" content=\"Verfasst von\" \/>\n\t<meta name=\"twitter:data1\" content=\"Harald Slauschek\" \/>\n\t<meta name=\"twitter:label2\" content=\"Gesch\u00e4tzte Lesezeit\" \/>\n\t<meta name=\"twitter:data2\" content=\"2\u00a0Minuten\" \/>\n<script type=\"application\/ld+json\" class=\"yoast-schema-graph\">{\"@context\":\"https:\\\/\\\/schema.org\",\"@graph\":[{\"@type\":\"Article\",\"@id\":\"https:\\\/\\\/slauschek.photography\\\/cms\\\/publikation-sailfish-faszination-segelfische-8762\\\/#article\",\"isPartOf\":{\"@id\":\"https:\\\/\\\/slauschek.photography\\\/cms\\\/publikation-sailfish-faszination-segelfische-8762\\\/\"},\"author\":{\"name\":\"Harald Slauschek\",\"@id\":\"https:\\\/\\\/slauschek.photography\\\/cms\\\/#\\\/schema\\\/person\\\/ef602f3dfc5a0bd727ea4ce6b73b3701\"},\"headline\":\"Publikation der Reisereportage &#8220;Sailfish &#8211; Faszination Segelfische&#8221;\",\"datePublished\":\"2022-04-28T23:19:29+00:00\",\"dateModified\":\"2022-04-29T04:49:36+00:00\",\"mainEntityOfPage\":{\"@id\":\"https:\\\/\\\/slauschek.photography\\\/cms\\\/publikation-sailfish-faszination-segelfische-8762\\\/\"},\"wordCount\":114,\"image\":{\"@id\":\"https:\\\/\\\/slauschek.photography\\\/cms\\\/publikation-sailfish-faszination-segelfische-8762\\\/#primaryimage\"},\"thumbnailUrl\":\"https:\\\/\\\/slauschek.photography\\\/cms\\\/wp-content\\\/uploads\\\/2022\\\/04\\\/2022-03-VTNO\u0308-Magazin-Sailfish-Reportage-Mexiko_2020-02-Doppelseite1Cover_Web.jpg\",\"keywords\":[\"caribbeansea\",\"Fotos\",\"Fotoshooting\",\"gulfofmexico\",\"Harald Slauschek\",\"mexico\",\"PhotoShoot\",\"sailfishes\",\"sardines\",\"Segelfische\",\"Shooting\",\"Slauschek.Photography\",\"vtn\u00f6\",\"Waterworld\"],\"articleSection\":[\"Fotos\",\"Medien\",\"Mexiko\",\"Reisen\",\"Unterwasserfotos\",\"Ver\u00f6ffentlichungen\"],\"inLanguage\":\"de\"},{\"@type\":\"WebPage\",\"@id\":\"https:\\\/\\\/slauschek.photography\\\/cms\\\/publikation-sailfish-faszination-segelfische-8762\\\/\",\"url\":\"https:\\\/\\\/slauschek.photography\\\/cms\\\/publikation-sailfish-faszination-segelfische-8762\\\/\",\"name\":\"Publikation der Reisereportage \\\"Sailfish - Faszination Segelfische\\\" - Slauschek.Photography\",\"isPartOf\":{\"@id\":\"https:\\\/\\\/slauschek.photography\\\/cms\\\/#website\"},\"primaryImageOfPage\":{\"@id\":\"https:\\\/\\\/slauschek.photography\\\/cms\\\/publikation-sailfish-faszination-segelfische-8762\\\/#primaryimage\"},\"image\":{\"@id\":\"https:\\\/\\\/slauschek.photography\\\/cms\\\/publikation-sailfish-faszination-segelfische-8762\\\/#primaryimage\"},\"thumbnailUrl\":\"https:\\\/\\\/slauschek.photography\\\/cms\\\/wp-content\\\/uploads\\\/2022\\\/04\\\/2022-03-VTNO\u0308-Magazin-Sailfish-Reportage-Mexiko_2020-02-Doppelseite1Cover_Web.jpg\",\"datePublished\":\"2022-04-28T23:19:29+00:00\",\"dateModified\":\"2022-04-29T04:49:36+00:00\",\"author\":{\"@id\":\"https:\\\/\\\/slauschek.photography\\\/cms\\\/#\\\/schema\\\/person\\\/ef602f3dfc5a0bd727ea4ce6b73b3701\"},\"breadcrumb\":{\"@id\":\"https:\\\/\\\/slauschek.photography\\\/cms\\\/publikation-sailfish-faszination-segelfische-8762\\\/#breadcrumb\"},\"inLanguage\":\"de\",\"potentialAction\":[{\"@type\":\"ReadAction\",\"target\":[\"https:\\\/\\\/slauschek.photography\\\/cms\\\/publikation-sailfish-faszination-segelfische-8762\\\/\"]}]},{\"@type\":\"ImageObject\",\"inLanguage\":\"de\",\"@id\":\"https:\\\/\\\/slauschek.photography\\\/cms\\\/publikation-sailfish-faszination-segelfische-8762\\\/#primaryimage\",\"url\":\"https:\\\/\\\/slauschek.photography\\\/cms\\\/wp-content\\\/uploads\\\/2022\\\/04\\\/2022-03-VTNO\u0308-Magazin-Sailfish-Reportage-Mexiko_2020-02-Doppelseite1Cover_Web.jpg\",\"contentUrl\":\"https:\\\/\\\/slauschek.photography\\\/cms\\\/wp-content\\\/uploads\\\/2022\\\/04\\\/2022-03-VTNO\u0308-Magazin-Sailfish-Reportage-Mexiko_2020-02-Doppelseite1Cover_Web.jpg\",\"width\":1653,\"height\":1169},{\"@type\":\"BreadcrumbList\",\"@id\":\"https:\\\/\\\/slauschek.photography\\\/cms\\\/publikation-sailfish-faszination-segelfische-8762\\\/#breadcrumb\",\"itemListElement\":[{\"@type\":\"ListItem\",\"position\":1,\"name\":\"Startseite\",\"item\":\"https:\\\/\\\/slauschek.photography\\\/cms\\\/\"},{\"@type\":\"ListItem\",\"position\":2,\"name\":\"Publikation der Reisereportage &#8222;Sailfish &#8211; Faszination Segelfische&#8220;\"}]},{\"@type\":\"WebSite\",\"@id\":\"https:\\\/\\\/slauschek.photography\\\/cms\\\/#website\",\"url\":\"https:\\\/\\\/slauschek.photography\\\/cms\\\/\",\"name\":\"Slauschek.Photography\",\"description\":\"Passion meets profession!\",\"potentialAction\":[{\"@type\":\"SearchAction\",\"target\":{\"@type\":\"EntryPoint\",\"urlTemplate\":\"https:\\\/\\\/slauschek.photography\\\/cms\\\/?s={search_term_string}\"},\"query-input\":{\"@type\":\"PropertyValueSpecification\",\"valueRequired\":true,\"valueName\":\"search_term_string\"}}],\"inLanguage\":\"de\"},{\"@type\":\"Person\",\"@id\":\"https:\\\/\\\/slauschek.photography\\\/cms\\\/#\\\/schema\\\/person\\\/ef602f3dfc5a0bd727ea4ce6b73b3701\",\"name\":\"Harald Slauschek\",\"image\":{\"@type\":\"ImageObject\",\"inLanguage\":\"de\",\"@id\":\"https:\\\/\\\/secure.gravatar.com\\\/avatar\\\/926ae54bb219acef952c24e6fe85583cf86e05d2f17df8d10a57a502b06920ef?s=96&d=mm&r=g\",\"url\":\"https:\\\/\\\/secure.gravatar.com\\\/avatar\\\/926ae54bb219acef952c24e6fe85583cf86e05d2f17df8d10a57a502b06920ef?s=96&d=mm&r=g\",\"contentUrl\":\"https:\\\/\\\/secure.gravatar.com\\\/avatar\\\/926ae54bb219acef952c24e6fe85583cf86e05d2f17df8d10a57a502b06920ef?s=96&d=mm&r=g\",\"caption\":\"Harald Slauschek\"},\"url\":\"https:\\\/\\\/slauschek.photography\\\/cms\\\/author\\\/hshark\\\/\"}]}<\/script>\n<!-- \/ Yoast SEO plugin. -->","yoast_head_json":{"title":"Publikation der Reisereportage \"Sailfish - Faszination Segelfische\" - Slauschek.Photography","robots":{"index":"index","follow":"follow","max-snippet":"max-snippet:-1","max-image-preview":"max-image-preview:large","max-video-preview":"max-video-preview:-1"},"canonical":"https:\/\/slauschek.photography\/cms\/publikation-sailfish-faszination-segelfische-8762\/","og_locale":"de_DE","og_type":"article","og_title":"Publikation der Reisereportage \"Sailfish - Faszination Segelfische\" - Slauschek.Photography","og_description":"Das aktuelle \"Natur.Fotografie\" Magazin des VTN\u00d6 - Verein f\u00fcr Tier- und Naturfotografie \u00d6sterreich ist vor Kurzem erschienen. Darin enthalten meine Reisereportage \"Sailfish - Faszination Segelfische\".","og_url":"https:\/\/slauschek.photography\/cms\/publikation-sailfish-faszination-segelfische-8762\/","og_site_name":"Slauschek.Photography","article_published_time":"2022-04-28T23:19:29+00:00","article_modified_time":"2022-04-29T04:49:36+00:00","og_image":[{"width":1653,"height":1169,"url":"https:\/\/slauschek.photography\/cms\/wp-content\/uploads\/2022\/04\/2022-03-VTNO\u0308-Magazin-Sailfish-Reportage-Mexiko_2020-02-Doppelseite1Cover_Web.jpg","type":"image\/jpeg"}],"author":"Harald Slauschek","twitter_card":"summary_large_image","twitter_misc":{"Verfasst von":"Harald Slauschek","Gesch\u00e4tzte Lesezeit":"2\u00a0Minuten"},"schema":{"@context":"https:\/\/schema.org","@graph":[{"@type":"Article","@id":"https:\/\/slauschek.photography\/cms\/publikation-sailfish-faszination-segelfische-8762\/#article","isPartOf":{"@id":"https:\/\/slauschek.photography\/cms\/publikation-sailfish-faszination-segelfische-8762\/"},"author":{"name":"Harald Slauschek","@id":"https:\/\/slauschek.photography\/cms\/#\/schema\/person\/ef602f3dfc5a0bd727ea4ce6b73b3701"},"headline":"Publikation der Reisereportage &#8220;Sailfish &#8211; Faszination Segelfische&#8221;","datePublished":"2022-04-28T23:19:29+00:00","dateModified":"2022-04-29T04:49:36+00:00","mainEntityOfPage":{"@id":"https:\/\/slauschek.photography\/cms\/publikation-sailfish-faszination-segelfische-8762\/"},"wordCount":114,"image":{"@id":"https:\/\/slauschek.photography\/cms\/publikation-sailfish-faszination-segelfische-8762\/#primaryimage"},"thumbnailUrl":"https:\/\/slauschek.photography\/cms\/wp-content\/uploads\/2022\/04\/2022-03-VTNO\u0308-Magazin-Sailfish-Reportage-Mexiko_2020-02-Doppelseite1Cover_Web.jpg","keywords":["caribbeansea","Fotos","Fotoshooting","gulfofmexico","Harald Slauschek","mexico","PhotoShoot","sailfishes","sardines","Segelfische","Shooting","Slauschek.Photography","vtn\u00f6","Waterworld"],"articleSection":["Fotos","Medien","Mexiko","Reisen","Unterwasserfotos","Ver\u00f6ffentlichungen"],"inLanguage":"de"},{"@type":"WebPage","@id":"https:\/\/slauschek.photography\/cms\/publikation-sailfish-faszination-segelfische-8762\/","url":"https:\/\/slauschek.photography\/cms\/publikation-sailfish-faszination-segelfische-8762\/","name":"Publikation der Reisereportage \"Sailfish - Faszination Segelfische\" - Slauschek.Photography","isPartOf":{"@id":"https:\/\/slauschek.photography\/cms\/#website"},"primaryImageOfPage":{"@id":"https:\/\/slauschek.photography\/cms\/publikation-sailfish-faszination-segelfische-8762\/#primaryimage"},"image":{"@id":"https:\/\/slauschek.photography\/cms\/publikation-sailfish-faszination-segelfische-8762\/#primaryimage"},"thumbnailUrl":"https:\/\/slauschek.photography\/cms\/wp-content\/uploads\/2022\/04\/2022-03-VTNO\u0308-Magazin-Sailfish-Reportage-Mexiko_2020-02-Doppelseite1Cover_Web.jpg","datePublished":"2022-04-28T23:19:29+00:00","dateModified":"2022-04-29T04:49:36+00:00","author":{"@id":"https:\/\/slauschek.photography\/cms\/#\/schema\/person\/ef602f3dfc5a0bd727ea4ce6b73b3701"},"breadcrumb":{"@id":"https:\/\/slauschek.photography\/cms\/publikation-sailfish-faszination-segelfische-8762\/#breadcrumb"},"inLanguage":"de","potentialAction":[{"@type":"ReadAction","target":["https:\/\/slauschek.photography\/cms\/publikation-sailfish-faszination-segelfische-8762\/"]}]},{"@type":"ImageObject","inLanguage":"de","@id":"https:\/\/slauschek.photography\/cms\/publikation-sailfish-faszination-segelfische-8762\/#primaryimage","url":"https:\/\/slauschek.photography\/cms\/wp-content\/uploads\/2022\/04\/2022-03-VTNO\u0308-Magazin-Sailfish-Reportage-Mexiko_2020-02-Doppelseite1Cover_Web.jpg","contentUrl":"https:\/\/slauschek.photography\/cms\/wp-content\/uploads\/2022\/04\/2022-03-VTNO\u0308-Magazin-Sailfish-Reportage-Mexiko_2020-02-Doppelseite1Cover_Web.jpg","width":1653,"height":1169},{"@type":"BreadcrumbList","@id":"https:\/\/slauschek.photography\/cms\/publikation-sailfish-faszination-segelfische-8762\/#breadcrumb","itemListElement":[{"@type":"ListItem","position":1,"name":"Startseite","item":"https:\/\/slauschek.photography\/cms\/"},{"@type":"ListItem","position":2,"name":"Publikation der Reisereportage &#8222;Sailfish &#8211; Faszination Segelfische&#8220;"}]},{"@type":"WebSite","@id":"https:\/\/slauschek.photography\/cms\/#website","url":"https:\/\/slauschek.photography\/cms\/","name":"Slauschek.Photography","description":"Passion meets profession!","potentialAction":[{"@type":"SearchAction","target":{"@type":"EntryPoint","urlTemplate":"https:\/\/slauschek.photography\/cms\/?s={search_term_string}"},"query-input":{"@type":"PropertyValueSpecification","valueRequired":true,"valueName":"search_term_string"}}],"inLanguage":"de"},{"@type":"Person","@id":"https:\/\/slauschek.photography\/cms\/#\/schema\/person\/ef602f3dfc5a0bd727ea4ce6b73b3701","name":"Harald Slauschek","image":{"@type":"ImageObject","inLanguage":"de","@id":"https:\/\/secure.gravatar.com\/avatar\/926ae54bb219acef952c24e6fe85583cf86e05d2f17df8d10a57a502b06920ef?s=96&d=mm&r=g","url":"https:\/\/secure.gravatar.com\/avatar\/926ae54bb219acef952c24e6fe85583cf86e05d2f17df8d10a57a502b06920ef?s=96&d=mm&r=g","contentUrl":"https:\/\/secure.gravatar.com\/avatar\/926ae54bb219acef952c24e6fe85583cf86e05d2f17df8d10a57a502b06920ef?s=96&d=mm&r=g","caption":"Harald Slauschek"},"url":"https:\/\/slauschek.photography\/cms\/author\/hshark\/"}]}},"jetpack_featured_media_url":"https:\/\/slauschek.photography\/cms\/wp-content\/uploads\/2022\/04\/2022-03-VTNO\u0308-Magazin-Sailfish-Reportage-Mexiko_2020-02-Doppelseite1Cover_Web.jpg","jetpack_sharing_enabled":true,"_links":{"self":[{"href":"https:\/\/slauschek.photography\/cms\/wp-json\/wp\/v2\/posts\/8762","targetHints":{"allow":["GET"]}}],"collection":[{"href":"https:\/\/slauschek.photography\/cms\/wp-json\/wp\/v2\/posts"}],"about":[{"href":"https:\/\/slauschek.photography\/cms\/wp-json\/wp\/v2\/types\/post"}],"author":[{"embeddable":true,"href":"https:\/\/slauschek.photography\/cms\/wp-json\/wp\/v2\/users\/2"}],"replies":[{"embeddable":true,"href":"https:\/\/slauschek.photography\/cms\/wp-json\/wp\/v2\/comments?post=8762"}],"version-history":[{"count":13,"href":"https:\/\/slauschek.photography\/cms\/wp-json\/wp\/v2\/posts\/8762\/revisions"}],"predecessor-version":[{"id":8785,"href":"https:\/\/slauschek.photography\/cms\/wp-json\/wp\/v2\/posts\/8762\/revisions\/8785"}],"wp:featuredmedia":[{"embeddable":true,"href":"https:\/\/slauschek.photography\/cms\/wp-json\/wp\/v2\/media\/8765"}],"wp:attachment":[{"href":"https:\/\/slauschek.photography\/cms\/wp-json\/wp\/v2\/media?parent=8762"}],"wp:term":[{"taxonomy":"category","embeddable":true,"href":"https:\/\/slauschek.photography\/cms\/wp-json\/wp\/v2\/categories?post=8762"},{"taxonomy":"post_tag","embeddable":true,"href":"https:\/\/slauschek.photography\/cms\/wp-json\/wp\/v2\/tags?post=8762"}],"curies":[{"name":"wp","href":"https:\/\/api.w.org\/{rel}","templated":true}]}}