{"id":923,"date":"2015-11-01T14:29:03","date_gmt":"2015-11-01T13:29:03","guid":{"rendered":"http:\/\/www.h2o-photography.com\/wp\/?p=923"},"modified":"2024-05-29T13:33:44","modified_gmt":"2024-05-29T11:33:44","slug":"die-kleine-meerjungfrau","status":"publish","type":"post","link":"https:\/\/slauschek.photography\/cms\/die-kleine-meerjungfrau-923\/","title":{"rendered":"Die kleine Meerjungfrau!"},"content":{"rendered":"\n<p>Die kleine Meerjungfrau! Das Kunstm\u00e4rchen des d\u00e4nischen Schriftstellers <a href=\"https:\/\/de.wikipedia.org\/wiki\/Die_kleine_Meerjungfrau_%28M%C3%A4rchen%29\" target=\"_blank\" rel=\"noopener\">Hans Christian Andersen<\/a> aus dem Jahr 1837 begleitet&nbsp; und inspiriert sehr viele Menschen schon seit Generationen.<\/p>\n\n\n\n<p>Wie wir wissen gibt es bei diesem Kunstm\u00e4rchen kein &#8220;\u00fcbliches&#8221; Happy End&#8230;aber das Ende befl\u00fcgelt die Fantasie jedes einzelnen Menschen in einer ganz besonderen Art.<br><\/p>\n\n\n\n<!--more-->\n\n\n\n<p>Beim Aufenthalt auf der Malediveninsel <a href=\"http:\/\/www.vilamendhooisland.com\" target=\"_blank\" rel=\"noopener\">Vilamendhoo<\/a> im Juli 2015, ersuchten mich meine Reisepartner, das deutsche Top-Unterwassermodel Katrin Felton aka &#8220;<a href=\"https:\/\/www.facebook.com\/MermaidKat\" target=\"_blank\" rel=\"noopener\">Mermaid Kat<\/a>&#8221; und ihr Freund sowie unser Sicherungstaucher <strong>Ian Gray<\/strong>, ein spontanes Shooting mit Bezug zu Andersens M\u00e4rchen zwischen zwei anderen Strandshootings, ein wenig adaptiert, vereinfacht und mit pers\u00f6nlicher Note umzusetzen.<br>Den Wunsch erf\u00fcllte ich den Beiden nat\u00fcrlich gerne&#8230; \ud83d\ude42<\/p>\n\n\n<div class=\"wp-block-image\">\n<figure data-wp-context=\"{&quot;imageId&quot;:&quot;69f25e80d1c70&quot;}\" data-wp-interactive=\"core\/image\" data-wp-key=\"69f25e80d1c70\" class=\"aligncenter size-medium wp-lightbox-container\"><img loading=\"lazy\" decoding=\"async\" width=\"300\" height=\"200\" data-wp-class--hide=\"state.isContentHidden\" data-wp-class--show=\"state.isContentVisible\" data-wp-init=\"callbacks.setButtonStyles\" data-wp-on--click=\"actions.showLightbox\" data-wp-on--load=\"callbacks.setButtonStyles\" data-wp-on-window--resize=\"callbacks.setButtonStyles\" src=\"https:\/\/slauschek.photography\/cms\/wp-content\/uploads\/2015\/11\/UWFMMWS-2015-07-1014-OPT-854-300x200.jpg\" alt=\"\" class=\"wp-image-8098\"\/><button\n\t\t\tclass=\"lightbox-trigger\"\n\t\t\ttype=\"button\"\n\t\t\taria-haspopup=\"dialog\"\n\t\t\taria-label=\"Vergr\u00f6\u00dfern\"\n\t\t\tdata-wp-init=\"callbacks.initTriggerButton\"\n\t\t\tdata-wp-on--click=\"actions.showLightbox\"\n\t\t\tdata-wp-style--right=\"state.imageButtonRight\"\n\t\t\tdata-wp-style--top=\"state.imageButtonTop\"\n\t\t>\n\t\t\t<svg xmlns=\"http:\/\/www.w3.org\/2000\/svg\" width=\"12\" height=\"12\" fill=\"none\" viewBox=\"0 0 12 12\">\n\t\t\t\t<path fill=\"#fff\" d=\"M2 0a2 2 0 0 0-2 2v2h1.5V2a.5.5 0 0 1 .5-.5h2V0H2Zm2 10.5H2a.5.5 0 0 1-.5-.5V8H0v2a2 2 0 0 0 2 2h2v-1.5ZM8 12v-1.5h2a.5.5 0 0 0 .5-.5V8H12v2a2 2 0 0 1-2 2H8Zm2-12a2 2 0 0 1 2 2v2h-1.5V2a.5.5 0 0 0-.5-.5H8V0h2Z\" \/>\n\t\t\t<\/svg>\n\t\t<\/button><\/figure>\n<\/div>\n\n<div class=\"wp-block-image\">\n<figure data-wp-context=\"{&quot;imageId&quot;:&quot;69f25e80d2084&quot;}\" data-wp-interactive=\"core\/image\" data-wp-key=\"69f25e80d2084\" class=\"aligncenter size-medium wp-lightbox-container\"><img loading=\"lazy\" decoding=\"async\" width=\"300\" height=\"200\" data-wp-class--hide=\"state.isContentHidden\" data-wp-class--show=\"state.isContentVisible\" data-wp-init=\"callbacks.setButtonStyles\" data-wp-on--click=\"actions.showLightbox\" data-wp-on--load=\"callbacks.setButtonStyles\" data-wp-on-window--resize=\"callbacks.setButtonStyles\" src=\"https:\/\/slauschek.photography\/cms\/wp-content\/uploads\/2015\/11\/UWFMMWS-2015-07-1041-OPT-858-300x200.jpg\" alt=\"\" class=\"wp-image-8099\"\/><button\n\t\t\tclass=\"lightbox-trigger\"\n\t\t\ttype=\"button\"\n\t\t\taria-haspopup=\"dialog\"\n\t\t\taria-label=\"Vergr\u00f6\u00dfern\"\n\t\t\tdata-wp-init=\"callbacks.initTriggerButton\"\n\t\t\tdata-wp-on--click=\"actions.showLightbox\"\n\t\t\tdata-wp-style--right=\"state.imageButtonRight\"\n\t\t\tdata-wp-style--top=\"state.imageButtonTop\"\n\t\t>\n\t\t\t<svg xmlns=\"http:\/\/www.w3.org\/2000\/svg\" width=\"12\" height=\"12\" fill=\"none\" viewBox=\"0 0 12 12\">\n\t\t\t\t<path fill=\"#fff\" d=\"M2 0a2 2 0 0 0-2 2v2h1.5V2a.5.5 0 0 1 .5-.5h2V0H2Zm2 10.5H2a.5.5 0 0 1-.5-.5V8H0v2a2 2 0 0 0 2 2h2v-1.5ZM8 12v-1.5h2a.5.5 0 0 0 .5-.5V8H12v2a2 2 0 0 1-2 2H8Zm2-12a2 2 0 0 1 2 2v2h-1.5V2a.5.5 0 0 0-.5-.5H8V0h2Z\" \/>\n\t\t\t<\/svg>\n\t\t<\/button><\/figure>\n<\/div>\n\n<div class=\"wp-block-image\">\n<figure data-wp-context=\"{&quot;imageId&quot;:&quot;69f25e80d2430&quot;}\" data-wp-interactive=\"core\/image\" data-wp-key=\"69f25e80d2430\" class=\"aligncenter size-medium wp-lightbox-container\"><img loading=\"lazy\" decoding=\"async\" width=\"300\" height=\"200\" data-wp-class--hide=\"state.isContentHidden\" data-wp-class--show=\"state.isContentVisible\" data-wp-init=\"callbacks.setButtonStyles\" data-wp-on--click=\"actions.showLightbox\" data-wp-on--load=\"callbacks.setButtonStyles\" data-wp-on-window--resize=\"callbacks.setButtonStyles\" src=\"https:\/\/slauschek.photography\/cms\/wp-content\/uploads\/2015\/11\/UWFMMWS-2015-07-1060-OPT-801-OPT-855-1-300x200.jpg\" alt=\"\" class=\"wp-image-8096\"\/><button\n\t\t\tclass=\"lightbox-trigger\"\n\t\t\ttype=\"button\"\n\t\t\taria-haspopup=\"dialog\"\n\t\t\taria-label=\"Vergr\u00f6\u00dfern\"\n\t\t\tdata-wp-init=\"callbacks.initTriggerButton\"\n\t\t\tdata-wp-on--click=\"actions.showLightbox\"\n\t\t\tdata-wp-style--right=\"state.imageButtonRight\"\n\t\t\tdata-wp-style--top=\"state.imageButtonTop\"\n\t\t>\n\t\t\t<svg xmlns=\"http:\/\/www.w3.org\/2000\/svg\" width=\"12\" height=\"12\" fill=\"none\" viewBox=\"0 0 12 12\">\n\t\t\t\t<path fill=\"#fff\" d=\"M2 0a2 2 0 0 0-2 2v2h1.5V2a.5.5 0 0 1 .5-.5h2V0H2Zm2 10.5H2a.5.5 0 0 1-.5-.5V8H0v2a2 2 0 0 0 2 2h2v-1.5ZM8 12v-1.5h2a.5.5 0 0 0 .5-.5V8H12v2a2 2 0 0 1-2 2H8Zm2-12a2 2 0 0 1 2 2v2h-1.5V2a.5.5 0 0 0-.5-.5H8V0h2Z\" \/>\n\t\t\t<\/svg>\n\t\t<\/button><\/figure>\n<\/div>\n\n<div class=\"wp-block-image\">\n<figure data-wp-context=\"{&quot;imageId&quot;:&quot;69f25e80d27d9&quot;}\" data-wp-interactive=\"core\/image\" data-wp-key=\"69f25e80d27d9\" class=\"aligncenter size-medium wp-lightbox-container\"><img loading=\"lazy\" decoding=\"async\" width=\"300\" height=\"200\" data-wp-class--hide=\"state.isContentHidden\" data-wp-class--show=\"state.isContentVisible\" data-wp-init=\"callbacks.setButtonStyles\" data-wp-on--click=\"actions.showLightbox\" data-wp-on--load=\"callbacks.setButtonStyles\" data-wp-on-window--resize=\"callbacks.setButtonStyles\" src=\"https:\/\/slauschek.photography\/cms\/wp-content\/uploads\/2015\/11\/UWFMMWS-2015-07-1078-OPT-859-300x200.jpg\" alt=\"\" class=\"wp-image-8100\"\/><button\n\t\t\tclass=\"lightbox-trigger\"\n\t\t\ttype=\"button\"\n\t\t\taria-haspopup=\"dialog\"\n\t\t\taria-label=\"Vergr\u00f6\u00dfern\"\n\t\t\tdata-wp-init=\"callbacks.initTriggerButton\"\n\t\t\tdata-wp-on--click=\"actions.showLightbox\"\n\t\t\tdata-wp-style--right=\"state.imageButtonRight\"\n\t\t\tdata-wp-style--top=\"state.imageButtonTop\"\n\t\t>\n\t\t\t<svg xmlns=\"http:\/\/www.w3.org\/2000\/svg\" width=\"12\" height=\"12\" fill=\"none\" viewBox=\"0 0 12 12\">\n\t\t\t\t<path fill=\"#fff\" d=\"M2 0a2 2 0 0 0-2 2v2h1.5V2a.5.5 0 0 1 .5-.5h2V0H2Zm2 10.5H2a.5.5 0 0 1-.5-.5V8H0v2a2 2 0 0 0 2 2h2v-1.5ZM8 12v-1.5h2a.5.5 0 0 0 .5-.5V8H12v2a2 2 0 0 1-2 2H8Zm2-12a2 2 0 0 1 2 2v2h-1.5V2a.5.5 0 0 0-.5-.5H8V0h2Z\" \/>\n\t\t\t<\/svg>\n\t\t<\/button><\/figure>\n<\/div>\n\n\n<p><strong>Informationen zu den Fotos<\/strong>:<br>18.07.2015 &#8211; <a href=\"http:\/\/www.nikon.at\" target=\"_blank\" rel=\"noopener\">Nikon<\/a> D4S\/Objektiv: Nikkor 24-70mm\/triggered Nikon strobe SB-900 with umbrella light former on Berlebach tripod by&nbsp;<span id=\"fbPhotoSnowliftCaption\" class=\"fbPhotosPhotoCaption\" tabindex=\"0\" data-ft=\"{&quot;tn&quot;:&quot;K&quot;}\"><span class=\"hasCaption\"><span class=\"text_exposed_show\"><a href=\"http:\/\/www.sagafoto.at\" target=\"_blank\" rel=\"noopener\">Sagafoto.at<\/a><br><\/span><\/span><\/span><\/p>\n\n\n\n<p>Mermaid tail: <a href=\"http:\/\/www.mermaid-kat-shop.de\" target=\"_blank\" rel=\"noopener\">Mermaid Kat Shop<\/a><br>Thanks to: <a href=\"http:\/\/www.euro-divers.com\" target=\"_blank\" rel=\"noopener\">Euro-Divers Vilamendhoo<\/a>\u200b &amp; <a href=\"http:\/\/www.vilamendhooisland.com\" target=\"_blank\" rel=\"noopener\">Vilamendhoo Island Resort &amp; Spa &#8211; Official\u200b<\/a><\/p>\n\n\n\n<p><em>Text &amp; Fotos:<\/em><br>\u00a9 Harald Slauschek | <a href=\"https:\/\/slauschek.photography\">Slauschek.Photography<\/a><\/p>\n","protected":false},"excerpt":{"rendered":"<p>Die kleine Meerjungfrau! Das Kunstm\u00e4rchen des d\u00e4nischen Schriftstellers Hans Christian Andersen aus dem Jahr 1837 begleitet\u00a0 und inspiriert sehr viele Menschen schon seit Generationen.<br \/>\nWie wir wissen gibt es bei diesem Kunstm\u00e4rchen kein &#8220;\u00fcbliches&#8221; Happy End&#8230;aber das Ende befl\u00fcgelt die Fantasie jedes einzelnen Menschen in einer ganz besonderen\u00a0Art.<\/p>\n","protected":false},"author":2,"featured_media":7648,"comment_status":"open","ping_status":"closed","sticky":false,"template":"","format":"standard","meta":{"jetpack_post_was_ever_published":false,"_jetpack_newsletter_access":"","_jetpack_dont_email_post_to_subs":false,"_jetpack_newsletter_tier_id":0,"_jetpack_memberships_contains_paywalled_content":false,"_jetpack_memberships_contains_paid_content":false,"footnotes":""},"categories":[173,189,158],"tags":[191,150,120,151,128,159,190,202,154,163,155,203],"class_list":["post-923","post","type-post","status-publish","format-standard","has-post-thumbnail","hentry","category-malediven","category-mermaids","category-photoshoots","tag-die-kleine-meerjungfrau","tag-euro-divers","tag-fotos","tag-fotoshooting","tag-harald-slauschek","tag-meerjungfrau","tag-mermaids","tag-photoshoot","tag-shooting","tag-slauschek-photography","tag-vilamendhoo","tag-vilamendhoo-island-resort"],"yoast_head":"<!-- This site is optimized with the Yoast SEO plugin v27.4 - https:\/\/yoast.com\/product\/yoast-seo-wordpress\/ -->\n<title>Die kleine Meerjungfrau! - Slauschek.Photography<\/title>\n<meta name=\"robots\" content=\"index, follow, max-snippet:-1, max-image-preview:large, max-video-preview:-1\" \/>\n<link rel=\"canonical\" href=\"https:\/\/slauschek.photography\/cms\/die-kleine-meerjungfrau-923\/\" \/>\n<meta property=\"og:locale\" content=\"de_DE\" \/>\n<meta property=\"og:type\" content=\"article\" \/>\n<meta property=\"og:title\" content=\"Die kleine Meerjungfrau! - Slauschek.Photography\" \/>\n<meta property=\"og:description\" content=\"Die kleine Meerjungfrau! Das Kunstm\u00e4rchen des d\u00e4nischen Schriftstellers Hans Christian Andersen aus dem Jahr 1837 begleitet\u00a0 und inspiriert sehr viele Menschen schon seit Generationen. Wie wir wissen gibt es bei diesem Kunstm\u00e4rchen kein &quot;\u00fcbliches&quot; Happy End...aber das Ende befl\u00fcgelt die Fantasie jedes einzelnen Menschen in einer ganz besonderen\u00a0Art.\" \/>\n<meta property=\"og:url\" content=\"https:\/\/slauschek.photography\/cms\/die-kleine-meerjungfrau-923\/\" \/>\n<meta property=\"og:site_name\" content=\"Slauschek.Photography\" \/>\n<meta property=\"article:published_time\" content=\"2015-11-01T13:29:03+00:00\" \/>\n<meta property=\"article:modified_time\" content=\"2024-05-29T11:33:44+00:00\" \/>\n<meta property=\"og:image\" content=\"https:\/\/slauschek.photography\/cms\/wp-content\/uploads\/2015\/11\/UWFMMWS-2015-07-1060-OPT-801-OPT-855.jpg\" \/>\n\t<meta property=\"og:image:width\" content=\"1500\" \/>\n\t<meta property=\"og:image:height\" content=\"998\" \/>\n\t<meta property=\"og:image:type\" content=\"image\/jpeg\" \/>\n<meta name=\"author\" content=\"Harald Slauschek\" \/>\n<meta name=\"twitter:card\" content=\"summary_large_image\" \/>\n<meta name=\"twitter:label1\" content=\"Verfasst von\" \/>\n\t<meta name=\"twitter:data1\" content=\"Harald Slauschek\" \/>\n\t<meta name=\"twitter:label2\" content=\"Gesch\u00e4tzte Lesezeit\" \/>\n\t<meta name=\"twitter:data2\" content=\"2\u00a0Minuten\" \/>\n<script type=\"application\/ld+json\" class=\"yoast-schema-graph\">{\"@context\":\"https:\\\/\\\/schema.org\",\"@graph\":[{\"@type\":\"Article\",\"@id\":\"https:\\\/\\\/slauschek.photography\\\/cms\\\/die-kleine-meerjungfrau-923\\\/#article\",\"isPartOf\":{\"@id\":\"https:\\\/\\\/slauschek.photography\\\/cms\\\/die-kleine-meerjungfrau-923\\\/\"},\"author\":{\"name\":\"Harald Slauschek\",\"@id\":\"https:\\\/\\\/slauschek.photography\\\/cms\\\/#\\\/schema\\\/person\\\/ef602f3dfc5a0bd727ea4ce6b73b3701\"},\"headline\":\"Die kleine Meerjungfrau!\",\"datePublished\":\"2015-11-01T13:29:03+00:00\",\"dateModified\":\"2024-05-29T11:33:44+00:00\",\"mainEntityOfPage\":{\"@id\":\"https:\\\/\\\/slauschek.photography\\\/cms\\\/die-kleine-meerjungfrau-923\\\/\"},\"wordCount\":170,\"commentCount\":0,\"image\":{\"@id\":\"https:\\\/\\\/slauschek.photography\\\/cms\\\/die-kleine-meerjungfrau-923\\\/#primaryimage\"},\"thumbnailUrl\":\"https:\\\/\\\/slauschek.photography\\\/cms\\\/wp-content\\\/uploads\\\/2015\\\/11\\\/UWFMMWS-2015-07-1060-OPT-801-OPT-855.jpg\",\"keywords\":[\"Die kleine Meerjungfrau\",\"Euro-Divers\",\"Fotos\",\"Fotoshooting\",\"Harald Slauschek\",\"Meerjungfrau\",\"Mermaids\",\"PhotoShoot\",\"Shooting\",\"Slauschek.Photography\",\"Vilamendhoo\",\"Vilamendhoo Island Resort\"],\"articleSection\":[\"Malediven\",\"Mermaids\",\"PhotoShoots\"],\"inLanguage\":\"de\",\"potentialAction\":[{\"@type\":\"CommentAction\",\"name\":\"Comment\",\"target\":[\"https:\\\/\\\/slauschek.photography\\\/cms\\\/die-kleine-meerjungfrau-923\\\/#respond\"]}]},{\"@type\":\"WebPage\",\"@id\":\"https:\\\/\\\/slauschek.photography\\\/cms\\\/die-kleine-meerjungfrau-923\\\/\",\"url\":\"https:\\\/\\\/slauschek.photography\\\/cms\\\/die-kleine-meerjungfrau-923\\\/\",\"name\":\"Die kleine Meerjungfrau! - Slauschek.Photography\",\"isPartOf\":{\"@id\":\"https:\\\/\\\/slauschek.photography\\\/cms\\\/#website\"},\"primaryImageOfPage\":{\"@id\":\"https:\\\/\\\/slauschek.photography\\\/cms\\\/die-kleine-meerjungfrau-923\\\/#primaryimage\"},\"image\":{\"@id\":\"https:\\\/\\\/slauschek.photography\\\/cms\\\/die-kleine-meerjungfrau-923\\\/#primaryimage\"},\"thumbnailUrl\":\"https:\\\/\\\/slauschek.photography\\\/cms\\\/wp-content\\\/uploads\\\/2015\\\/11\\\/UWFMMWS-2015-07-1060-OPT-801-OPT-855.jpg\",\"datePublished\":\"2015-11-01T13:29:03+00:00\",\"dateModified\":\"2024-05-29T11:33:44+00:00\",\"author\":{\"@id\":\"https:\\\/\\\/slauschek.photography\\\/cms\\\/#\\\/schema\\\/person\\\/ef602f3dfc5a0bd727ea4ce6b73b3701\"},\"breadcrumb\":{\"@id\":\"https:\\\/\\\/slauschek.photography\\\/cms\\\/die-kleine-meerjungfrau-923\\\/#breadcrumb\"},\"inLanguage\":\"de\",\"potentialAction\":[{\"@type\":\"ReadAction\",\"target\":[\"https:\\\/\\\/slauschek.photography\\\/cms\\\/die-kleine-meerjungfrau-923\\\/\"]}]},{\"@type\":\"ImageObject\",\"inLanguage\":\"de\",\"@id\":\"https:\\\/\\\/slauschek.photography\\\/cms\\\/die-kleine-meerjungfrau-923\\\/#primaryimage\",\"url\":\"https:\\\/\\\/slauschek.photography\\\/cms\\\/wp-content\\\/uploads\\\/2015\\\/11\\\/UWFMMWS-2015-07-1060-OPT-801-OPT-855.jpg\",\"contentUrl\":\"https:\\\/\\\/slauschek.photography\\\/cms\\\/wp-content\\\/uploads\\\/2015\\\/11\\\/UWFMMWS-2015-07-1060-OPT-801-OPT-855.jpg\",\"width\":1500,\"height\":998},{\"@type\":\"BreadcrumbList\",\"@id\":\"https:\\\/\\\/slauschek.photography\\\/cms\\\/die-kleine-meerjungfrau-923\\\/#breadcrumb\",\"itemListElement\":[{\"@type\":\"ListItem\",\"position\":1,\"name\":\"Startseite\",\"item\":\"https:\\\/\\\/slauschek.photography\\\/cms\\\/\"},{\"@type\":\"ListItem\",\"position\":2,\"name\":\"Die kleine Meerjungfrau!\"}]},{\"@type\":\"WebSite\",\"@id\":\"https:\\\/\\\/slauschek.photography\\\/cms\\\/#website\",\"url\":\"https:\\\/\\\/slauschek.photography\\\/cms\\\/\",\"name\":\"Slauschek.Photography\",\"description\":\"Passion meets profession!\",\"potentialAction\":[{\"@type\":\"SearchAction\",\"target\":{\"@type\":\"EntryPoint\",\"urlTemplate\":\"https:\\\/\\\/slauschek.photography\\\/cms\\\/?s={search_term_string}\"},\"query-input\":{\"@type\":\"PropertyValueSpecification\",\"valueRequired\":true,\"valueName\":\"search_term_string\"}}],\"inLanguage\":\"de\"},{\"@type\":\"Person\",\"@id\":\"https:\\\/\\\/slauschek.photography\\\/cms\\\/#\\\/schema\\\/person\\\/ef602f3dfc5a0bd727ea4ce6b73b3701\",\"name\":\"Harald Slauschek\",\"image\":{\"@type\":\"ImageObject\",\"inLanguage\":\"de\",\"@id\":\"https:\\\/\\\/secure.gravatar.com\\\/avatar\\\/926ae54bb219acef952c24e6fe85583cf86e05d2f17df8d10a57a502b06920ef?s=96&d=mm&r=g\",\"url\":\"https:\\\/\\\/secure.gravatar.com\\\/avatar\\\/926ae54bb219acef952c24e6fe85583cf86e05d2f17df8d10a57a502b06920ef?s=96&d=mm&r=g\",\"contentUrl\":\"https:\\\/\\\/secure.gravatar.com\\\/avatar\\\/926ae54bb219acef952c24e6fe85583cf86e05d2f17df8d10a57a502b06920ef?s=96&d=mm&r=g\",\"caption\":\"Harald Slauschek\"},\"url\":\"https:\\\/\\\/slauschek.photography\\\/cms\\\/author\\\/hshark\\\/\"}]}<\/script>\n<!-- \/ Yoast SEO plugin. -->","yoast_head_json":{"title":"Die kleine Meerjungfrau! - Slauschek.Photography","robots":{"index":"index","follow":"follow","max-snippet":"max-snippet:-1","max-image-preview":"max-image-preview:large","max-video-preview":"max-video-preview:-1"},"canonical":"https:\/\/slauschek.photography\/cms\/die-kleine-meerjungfrau-923\/","og_locale":"de_DE","og_type":"article","og_title":"Die kleine Meerjungfrau! - Slauschek.Photography","og_description":"Die kleine Meerjungfrau! Das Kunstm\u00e4rchen des d\u00e4nischen Schriftstellers Hans Christian Andersen aus dem Jahr 1837 begleitet\u00a0 und inspiriert sehr viele Menschen schon seit Generationen. Wie wir wissen gibt es bei diesem Kunstm\u00e4rchen kein \"\u00fcbliches\" Happy End...aber das Ende befl\u00fcgelt die Fantasie jedes einzelnen Menschen in einer ganz besonderen\u00a0Art.","og_url":"https:\/\/slauschek.photography\/cms\/die-kleine-meerjungfrau-923\/","og_site_name":"Slauschek.Photography","article_published_time":"2015-11-01T13:29:03+00:00","article_modified_time":"2024-05-29T11:33:44+00:00","og_image":[{"width":1500,"height":998,"url":"https:\/\/slauschek.photography\/cms\/wp-content\/uploads\/2015\/11\/UWFMMWS-2015-07-1060-OPT-801-OPT-855.jpg","type":"image\/jpeg"}],"author":"Harald Slauschek","twitter_card":"summary_large_image","twitter_misc":{"Verfasst von":"Harald Slauschek","Gesch\u00e4tzte Lesezeit":"2\u00a0Minuten"},"schema":{"@context":"https:\/\/schema.org","@graph":[{"@type":"Article","@id":"https:\/\/slauschek.photography\/cms\/die-kleine-meerjungfrau-923\/#article","isPartOf":{"@id":"https:\/\/slauschek.photography\/cms\/die-kleine-meerjungfrau-923\/"},"author":{"name":"Harald Slauschek","@id":"https:\/\/slauschek.photography\/cms\/#\/schema\/person\/ef602f3dfc5a0bd727ea4ce6b73b3701"},"headline":"Die kleine Meerjungfrau!","datePublished":"2015-11-01T13:29:03+00:00","dateModified":"2024-05-29T11:33:44+00:00","mainEntityOfPage":{"@id":"https:\/\/slauschek.photography\/cms\/die-kleine-meerjungfrau-923\/"},"wordCount":170,"commentCount":0,"image":{"@id":"https:\/\/slauschek.photography\/cms\/die-kleine-meerjungfrau-923\/#primaryimage"},"thumbnailUrl":"https:\/\/slauschek.photography\/cms\/wp-content\/uploads\/2015\/11\/UWFMMWS-2015-07-1060-OPT-801-OPT-855.jpg","keywords":["Die kleine Meerjungfrau","Euro-Divers","Fotos","Fotoshooting","Harald Slauschek","Meerjungfrau","Mermaids","PhotoShoot","Shooting","Slauschek.Photography","Vilamendhoo","Vilamendhoo Island Resort"],"articleSection":["Malediven","Mermaids","PhotoShoots"],"inLanguage":"de","potentialAction":[{"@type":"CommentAction","name":"Comment","target":["https:\/\/slauschek.photography\/cms\/die-kleine-meerjungfrau-923\/#respond"]}]},{"@type":"WebPage","@id":"https:\/\/slauschek.photography\/cms\/die-kleine-meerjungfrau-923\/","url":"https:\/\/slauschek.photography\/cms\/die-kleine-meerjungfrau-923\/","name":"Die kleine Meerjungfrau! - Slauschek.Photography","isPartOf":{"@id":"https:\/\/slauschek.photography\/cms\/#website"},"primaryImageOfPage":{"@id":"https:\/\/slauschek.photography\/cms\/die-kleine-meerjungfrau-923\/#primaryimage"},"image":{"@id":"https:\/\/slauschek.photography\/cms\/die-kleine-meerjungfrau-923\/#primaryimage"},"thumbnailUrl":"https:\/\/slauschek.photography\/cms\/wp-content\/uploads\/2015\/11\/UWFMMWS-2015-07-1060-OPT-801-OPT-855.jpg","datePublished":"2015-11-01T13:29:03+00:00","dateModified":"2024-05-29T11:33:44+00:00","author":{"@id":"https:\/\/slauschek.photography\/cms\/#\/schema\/person\/ef602f3dfc5a0bd727ea4ce6b73b3701"},"breadcrumb":{"@id":"https:\/\/slauschek.photography\/cms\/die-kleine-meerjungfrau-923\/#breadcrumb"},"inLanguage":"de","potentialAction":[{"@type":"ReadAction","target":["https:\/\/slauschek.photography\/cms\/die-kleine-meerjungfrau-923\/"]}]},{"@type":"ImageObject","inLanguage":"de","@id":"https:\/\/slauschek.photography\/cms\/die-kleine-meerjungfrau-923\/#primaryimage","url":"https:\/\/slauschek.photography\/cms\/wp-content\/uploads\/2015\/11\/UWFMMWS-2015-07-1060-OPT-801-OPT-855.jpg","contentUrl":"https:\/\/slauschek.photography\/cms\/wp-content\/uploads\/2015\/11\/UWFMMWS-2015-07-1060-OPT-801-OPT-855.jpg","width":1500,"height":998},{"@type":"BreadcrumbList","@id":"https:\/\/slauschek.photography\/cms\/die-kleine-meerjungfrau-923\/#breadcrumb","itemListElement":[{"@type":"ListItem","position":1,"name":"Startseite","item":"https:\/\/slauschek.photography\/cms\/"},{"@type":"ListItem","position":2,"name":"Die kleine Meerjungfrau!"}]},{"@type":"WebSite","@id":"https:\/\/slauschek.photography\/cms\/#website","url":"https:\/\/slauschek.photography\/cms\/","name":"Slauschek.Photography","description":"Passion meets profession!","potentialAction":[{"@type":"SearchAction","target":{"@type":"EntryPoint","urlTemplate":"https:\/\/slauschek.photography\/cms\/?s={search_term_string}"},"query-input":{"@type":"PropertyValueSpecification","valueRequired":true,"valueName":"search_term_string"}}],"inLanguage":"de"},{"@type":"Person","@id":"https:\/\/slauschek.photography\/cms\/#\/schema\/person\/ef602f3dfc5a0bd727ea4ce6b73b3701","name":"Harald Slauschek","image":{"@type":"ImageObject","inLanguage":"de","@id":"https:\/\/secure.gravatar.com\/avatar\/926ae54bb219acef952c24e6fe85583cf86e05d2f17df8d10a57a502b06920ef?s=96&d=mm&r=g","url":"https:\/\/secure.gravatar.com\/avatar\/926ae54bb219acef952c24e6fe85583cf86e05d2f17df8d10a57a502b06920ef?s=96&d=mm&r=g","contentUrl":"https:\/\/secure.gravatar.com\/avatar\/926ae54bb219acef952c24e6fe85583cf86e05d2f17df8d10a57a502b06920ef?s=96&d=mm&r=g","caption":"Harald Slauschek"},"url":"https:\/\/slauschek.photography\/cms\/author\/hshark\/"}]}},"jetpack_featured_media_url":"https:\/\/slauschek.photography\/cms\/wp-content\/uploads\/2015\/11\/UWFMMWS-2015-07-1060-OPT-801-OPT-855.jpg","jetpack_sharing_enabled":true,"_links":{"self":[{"href":"https:\/\/slauschek.photography\/cms\/wp-json\/wp\/v2\/posts\/923","targetHints":{"allow":["GET"]}}],"collection":[{"href":"https:\/\/slauschek.photography\/cms\/wp-json\/wp\/v2\/posts"}],"about":[{"href":"https:\/\/slauschek.photography\/cms\/wp-json\/wp\/v2\/types\/post"}],"author":[{"embeddable":true,"href":"https:\/\/slauschek.photography\/cms\/wp-json\/wp\/v2\/users\/2"}],"replies":[{"embeddable":true,"href":"https:\/\/slauschek.photography\/cms\/wp-json\/wp\/v2\/comments?post=923"}],"version-history":[{"count":8,"href":"https:\/\/slauschek.photography\/cms\/wp-json\/wp\/v2\/posts\/923\/revisions"}],"predecessor-version":[{"id":9612,"href":"https:\/\/slauschek.photography\/cms\/wp-json\/wp\/v2\/posts\/923\/revisions\/9612"}],"wp:featuredmedia":[{"embeddable":true,"href":"https:\/\/slauschek.photography\/cms\/wp-json\/wp\/v2\/media\/7648"}],"wp:attachment":[{"href":"https:\/\/slauschek.photography\/cms\/wp-json\/wp\/v2\/media?parent=923"}],"wp:term":[{"taxonomy":"category","embeddable":true,"href":"https:\/\/slauschek.photography\/cms\/wp-json\/wp\/v2\/categories?post=923"},{"taxonomy":"post_tag","embeddable":true,"href":"https:\/\/slauschek.photography\/cms\/wp-json\/wp\/v2\/tags?post=923"}],"curies":[{"name":"wp","href":"https:\/\/api.w.org\/{rel}","templated":true}]}}