{"id":9468,"date":"2024-02-27T14:03:38","date_gmt":"2024-02-27T13:03:38","guid":{"rendered":"https:\/\/slauschek.photography\/cms\/?p=9468"},"modified":"2025-04-13T13:31:15","modified_gmt":"2025-04-13T11:31:15","slug":"marlin-adventure-2025-tauchreise-der-extraklasse","status":"publish","type":"post","link":"https:\/\/slauschek.photography\/cms\/marlin-adventure-2025-tauchreise-der-extraklasse-9468\/","title":{"rendered":"MARLIN ADVENTURE 2025 | TAUCHREISE DER EXTRAKLASSE"},"content":{"rendered":"<div class=\"wp-block-image is-style-default\">\n<figure class=\"alignright size-medium\"><a href=\"https:\/\/www.waterworld.at\/specials\/2025-schiffssafari\/marlin-adventure-2025\/\" target=\"_blank\" rel=\"noreferrer noopener\"><img loading=\"lazy\" decoding=\"async\" width=\"212\" height=\"300\" src=\"https:\/\/slauschek.photography\/cms\/wp-content\/uploads\/2024\/02\/Waterworld-Marlin-Adventure-2025-Cover-212x300.png\" alt=\"\" class=\"wp-image-9470\"\/><\/a><\/figure>\n<\/div>\n\n\n<p class=\"has-medium-font-size\"><strong><mark style=\"background-color:rgba(0, 0, 0, 0)\" class=\"has-inline-color has-vivid-cyan-blue-color\">Pelagisches Highlight &#8211; 7 N\u00e4chte Natur-, Tauch- &amp; Schnorchel-Expedition in Mexico<\/mark><\/strong><\/p>\n\n\n\n<p>Eine Tour die wahrscheinlich kein Auge trocken l\u00e4sst!<br>Vom 30.10.-06.11.2025 begleite ich <strong>als FotoPRO<\/strong> f\u00fcr das Tiroler Spezialtauchreiseunternehmen <a href=\"http:\/\/www.waterworld.at\" target=\"_blank\" rel=\"noreferrer noopener\">Waterworld Werner Thiele KG<\/a> wieder eine Tour nach Mexiko.<br><br>Meine bereits achte Reise in dieses wunderbare Land. Die Vielfalt, f\u00fcr Taucher die ganz besondere Tauchgebiete m\u00f6gen und auf eher gr\u00f6\u00dfere Lebewesen unter Wasser fixiert sind, ist meiner Meinung nach unvergleichlich! F\u00fcr mich das Non-Plus-Ultra meines fast 35-j\u00e4hrigen Taucherlebens!<\/p>\n\n\n<div class=\"wp-block-image\">\n<figure data-wp-context=\"{&quot;imageId&quot;:&quot;69f53cf7361ee&quot;}\" data-wp-interactive=\"core\/image\" data-wp-key=\"69f53cf7361ee\" class=\"alignleft size-medium wp-lightbox-container\"><img loading=\"lazy\" decoding=\"async\" width=\"200\" height=\"300\" data-wp-class--hide=\"state.isContentHidden\" data-wp-class--show=\"state.isContentVisible\" data-wp-init=\"callbacks.setButtonStyles\" data-wp-on--click=\"actions.showLightbox\" data-wp-on--load=\"callbacks.setButtonStyles\" data-wp-on-window--resize=\"callbacks.setButtonStyles\" src=\"https:\/\/slauschek.photography\/cms\/wp-content\/uploads\/2023\/04\/UW-01139-01-490-PSTSSFX-200x300.jpg\" alt=\"\" class=\"wp-image-8979\"\/><button\n\t\t\tclass=\"lightbox-trigger\"\n\t\t\ttype=\"button\"\n\t\t\taria-haspopup=\"dialog\"\n\t\t\taria-label=\"Vergr\u00f6\u00dfern\"\n\t\t\tdata-wp-init=\"callbacks.initTriggerButton\"\n\t\t\tdata-wp-on--click=\"actions.showLightbox\"\n\t\t\tdata-wp-style--right=\"state.imageButtonRight\"\n\t\t\tdata-wp-style--top=\"state.imageButtonTop\"\n\t\t>\n\t\t\t<svg xmlns=\"http:\/\/www.w3.org\/2000\/svg\" width=\"12\" height=\"12\" fill=\"none\" viewBox=\"0 0 12 12\">\n\t\t\t\t<path fill=\"#fff\" d=\"M2 0a2 2 0 0 0-2 2v2h1.5V2a.5.5 0 0 1 .5-.5h2V0H2Zm2 10.5H2a.5.5 0 0 1-.5-.5V8H0v2a2 2 0 0 0 2 2h2v-1.5ZM8 12v-1.5h2a.5.5 0 0 0 .5-.5V8H12v2a2 2 0 0 1-2 2H8Zm2-12a2 2 0 0 1 2 2v2h-1.5V2a.5.5 0 0 0-.5-.5H8V0h2Z\" \/>\n\t\t\t<\/svg>\n\t\t<\/button><\/figure>\n<\/div>\n\n\n<p>Ich war bereits 2022 bei den Striped Marlins im Pazifik vor der Baja California\/Magdalena Bay und war, zur\u00fcckhaltend formuliert, begeistert!<br>Obwohl wir uns die Action damals so richtig verdienen mussten und letztendlich auch toll belohnt wurden, ist die Reise im Jahr 2025 mit viel besseren M\u00f6glichkeiten versehen. Die Tour findet n\u00e4mlich nicht via Tagesausfahrten auf einem Fischerboot statt, sondern auf einem komfortablen Liveaboard, der M.Y. Nautilus Gallant Lady! Dadurch gibt es nat\u00fcrlich bedeutend mehr Chancen auf Baitballs sowie damit verbundener Megaactions, aber auch auf andere interessante Tauchg\u00e4nge in dieser Region!<br><br>Aktuell (Stand: 13.04.2025) sind noch 3 von nur 12 Pl\u00e4tzen frei\u2026das kann sich jedoch schnell \u00e4ndern\u2026vielleicht magst Du ja mit dabei sein\u2026ich w\u00fcrde mich sehr freuen! \ud83d\ude00<\/p>\n\n\n\n<p>Zu den <strong>Reisedetails &amp; zur Buchungsm\u00f6glichkeit<\/strong> geht es <a href=\"https:\/\/www.waterworld.at\/specials\/2025-schiffssafari\/marlin-adventure-2025\/\" target=\"_blank\" rel=\"noreferrer noopener\">hier&#8230;<\/a><\/p>\n\n\n\n<p><em>Text &amp; Fotos:<\/em> \u00a9 Harald Slauschek | <a href=\"https:\/\/slauschek.photography\">Slauschek.Photography<\/a><\/p>\n\n\n\n<p>#nikon #nikonaustria #nikond850 #subal #subalnd850 #subtronic #reikle #h2ophotography #slauschekphotography #haraldslauschek #underwater #unterwasser #underwaterphotography #unterwasserfotografie #mexico #puertosancarlos #waterworld #sealions #stripedmarlins #dolphins #whales #sardines #jacks #fishes<\/p>\n\n\n\n<p><em>Eine kleine Inspiration:<\/em><br>Kurzer Blogbeitrag zu meiner <a href=\"https:\/\/slauschek.photography\/cms\/publikation-sailfish-faszination-segelfische-8762\/\">Reisereportage zum Thema &#8220;Sailfish &#8211; Faszination Segelfische&#8221;<\/a> die im April 2022 im Magazin \u201eNatur.Fotografie\u201c erschienen ist&#8230;<\/p>\n\n\n\n<p><em>Bildershow:<\/em><\/p>\n\n\n\n<div class=\"wp-block-jetpack-slideshow aligncenter\" data-autoplay=\"true\" data-delay=\"3\" data-effect=\"slide\"><div class=\"wp-block-jetpack-slideshow_container swiper-container\"><ul class=\"wp-block-jetpack-slideshow_swiper-wrapper swiper-wrapper\"><li class=\"wp-block-jetpack-slideshow_slide swiper-slide\"><figure><img loading=\"lazy\" decoding=\"async\" width=\"1344\" height=\"1900\" alt=\"\" class=\"wp-block-jetpack-slideshow_image wp-image-9470\" data-id=\"9470\" src=\"https:\/\/slauschek.photography\/cms\/wp-content\/uploads\/2024\/02\/Waterworld-Marlin-Adventure-2025-Cover.png\"\/><\/figure><\/li><li class=\"wp-block-jetpack-slideshow_slide swiper-slide\"><figure><img loading=\"lazy\" decoding=\"async\" width=\"1000\" height=\"1500\" alt=\"\" class=\"wp-block-jetpack-slideshow_image wp-image-8978\" data-id=\"8978\" src=\"https:\/\/slauschek.photography\/cms\/wp-content\/uploads\/2023\/04\/UW-01139-01-472-PSTDNTSSFX.jpg\"\/><\/figure><\/li><li class=\"wp-block-jetpack-slideshow_slide swiper-slide\"><figure><img loading=\"lazy\" decoding=\"async\" width=\"1000\" height=\"1500\" alt=\"\" class=\"wp-block-jetpack-slideshow_image wp-image-8979\" data-id=\"8979\" src=\"https:\/\/slauschek.photography\/cms\/wp-content\/uploads\/2023\/04\/UW-01139-01-490-PSTSSFX.jpg\"\/><\/figure><\/li><li class=\"wp-block-jetpack-slideshow_slide swiper-slide\"><figure><img loading=\"lazy\" decoding=\"async\" width=\"1500\" height=\"1000\" alt=\"\" class=\"wp-block-jetpack-slideshow_image wp-image-8977\" data-id=\"8977\" src=\"https:\/\/slauschek.photography\/cms\/wp-content\/uploads\/2023\/04\/UW-01139-01-516-PSTSSFX.jpg\"\/><\/figure><\/li><li class=\"wp-block-jetpack-slideshow_slide swiper-slide\"><figure><img loading=\"lazy\" decoding=\"async\" width=\"1500\" height=\"1000\" alt=\"\" class=\"wp-block-jetpack-slideshow_image wp-image-8976\" data-id=\"8976\" src=\"https:\/\/slauschek.photography\/cms\/wp-content\/uploads\/2023\/04\/UW-01139-01-461-TSSFX.jpg\"\/><\/figure><\/li><li class=\"wp-block-jetpack-slideshow_slide swiper-slide\"><figure><img loading=\"lazy\" decoding=\"async\" width=\"1500\" height=\"1000\" alt=\"\" class=\"wp-block-jetpack-slideshow_image wp-image-8975\" data-id=\"8975\" src=\"https:\/\/slauschek.photography\/cms\/wp-content\/uploads\/2023\/04\/UW-01139-01-456-PSTSSFX.jpg\"\/><\/figure><\/li><li class=\"wp-block-jetpack-slideshow_slide swiper-slide\"><figure><img loading=\"lazy\" decoding=\"async\" width=\"1500\" height=\"1000\" alt=\"\" class=\"wp-block-jetpack-slideshow_image wp-image-9485\" data-id=\"9485\" src=\"https:\/\/slauschek.photography\/cms\/wp-content\/uploads\/2024\/02\/UW-01139-01-382-PSTSSFX.jpg\"\/><\/figure><\/li><li class=\"wp-block-jetpack-slideshow_slide swiper-slide\"><figure><img loading=\"lazy\" decoding=\"async\" width=\"1500\" height=\"1000\" alt=\"\" class=\"wp-block-jetpack-slideshow_image wp-image-8974\" data-id=\"8974\" src=\"https:\/\/slauschek.photography\/cms\/wp-content\/uploads\/2023\/04\/UW-01139-01-404-TSSFX.jpg\"\/><\/figure><\/li><li class=\"wp-block-jetpack-slideshow_slide swiper-slide\"><figure><img loading=\"lazy\" decoding=\"async\" width=\"1000\" height=\"1500\" alt=\"\" class=\"wp-block-jetpack-slideshow_image wp-image-9483\" data-id=\"9483\" src=\"https:\/\/slauschek.photography\/cms\/wp-content\/uploads\/2024\/02\/UW-01139-01-406-SFX.jpg\"\/><\/figure><\/li><li class=\"wp-block-jetpack-slideshow_slide swiper-slide\"><figure><img loading=\"lazy\" decoding=\"async\" width=\"1000\" height=\"1500\" alt=\"\" class=\"wp-block-jetpack-slideshow_image wp-image-9484\" data-id=\"9484\" src=\"https:\/\/slauschek.photography\/cms\/wp-content\/uploads\/2024\/02\/UW-01139-01-407-SFX.jpg\"\/><\/figure><\/li><li class=\"wp-block-jetpack-slideshow_slide swiper-slide\"><figure><img loading=\"lazy\" decoding=\"async\" width=\"1000\" height=\"1500\" alt=\"\" class=\"wp-block-jetpack-slideshow_image wp-image-9487\" data-id=\"9487\" src=\"https:\/\/slauschek.photography\/cms\/wp-content\/uploads\/2024\/02\/UW-01139-01-267-TSSFX.jpg\"\/><\/figure><\/li><li class=\"wp-block-jetpack-slideshow_slide swiper-slide\"><figure><img loading=\"lazy\" decoding=\"async\" width=\"1500\" height=\"1000\" alt=\"\" class=\"wp-block-jetpack-slideshow_image wp-image-9489\" data-id=\"9489\" src=\"https:\/\/slauschek.photography\/cms\/wp-content\/uploads\/2024\/02\/UW-01139-01-348-PSSFX.jpg\"\/><\/figure><\/li><li class=\"wp-block-jetpack-slideshow_slide swiper-slide\"><figure><img loading=\"lazy\" decoding=\"async\" width=\"1500\" height=\"1000\" alt=\"\" class=\"wp-block-jetpack-slideshow_image wp-image-9486\" data-id=\"9486\" src=\"https:\/\/slauschek.photography\/cms\/wp-content\/uploads\/2024\/02\/UW-01139-01-255-SFX.jpg\"\/><\/figure><\/li><li class=\"wp-block-jetpack-slideshow_slide swiper-slide\"><figure><img loading=\"lazy\" decoding=\"async\" width=\"1500\" height=\"1000\" alt=\"\" class=\"wp-block-jetpack-slideshow_image wp-image-9490\" data-id=\"9490\" src=\"https:\/\/slauschek.photography\/cms\/wp-content\/uploads\/2024\/02\/UW-01139-01-365-PSTSSFX.jpg\"\/><\/figure><\/li><li class=\"wp-block-jetpack-slideshow_slide swiper-slide\"><figure><img loading=\"lazy\" decoding=\"async\" width=\"1500\" height=\"1000\" alt=\"\" class=\"wp-block-jetpack-slideshow_image wp-image-8973\" data-id=\"8973\" src=\"https:\/\/slauschek.photography\/cms\/wp-content\/uploads\/2023\/04\/UW-01139-01-399-PSTSSFX.jpg\"\/><\/figure><\/li><li class=\"wp-block-jetpack-slideshow_slide swiper-slide\"><figure><img loading=\"lazy\" decoding=\"async\" width=\"1500\" height=\"1000\" alt=\"\" class=\"wp-block-jetpack-slideshow_image wp-image-8972\" data-id=\"8972\" src=\"https:\/\/slauschek.photography\/cms\/wp-content\/uploads\/2023\/04\/UW-01139-01-161-PSSFX.jpg\"\/><\/figure><\/li><li class=\"wp-block-jetpack-slideshow_slide swiper-slide\"><figure><img loading=\"lazy\" decoding=\"async\" width=\"1000\" height=\"1500\" alt=\"\" class=\"wp-block-jetpack-slideshow_image wp-image-8971\" data-id=\"8971\" src=\"https:\/\/slauschek.photography\/cms\/wp-content\/uploads\/2023\/04\/UW-01137-01-015-PSSFX.jpg\"\/><\/figure><\/li><li class=\"wp-block-jetpack-slideshow_slide swiper-slide\"><figure><img loading=\"lazy\" decoding=\"async\" width=\"1000\" height=\"1500\" alt=\"\" class=\"wp-block-jetpack-slideshow_image wp-image-8970\" data-id=\"8970\" src=\"https:\/\/slauschek.photography\/cms\/wp-content\/uploads\/2023\/04\/UW-01137-01-007-PSSFX.jpg\"\/><\/figure><\/li><li class=\"wp-block-jetpack-slideshow_slide swiper-slide\"><figure><img loading=\"lazy\" decoding=\"async\" width=\"1500\" height=\"1000\" alt=\"\" class=\"wp-block-jetpack-slideshow_image wp-image-9482\" data-id=\"9482\" src=\"https:\/\/slauschek.photography\/cms\/wp-content\/uploads\/2024\/02\/UW-01139-01-529-TSSFX.jpg\"\/><\/figure><\/li><li class=\"wp-block-jetpack-slideshow_slide swiper-slide\"><figure><img loading=\"lazy\" decoding=\"async\" width=\"1500\" height=\"1000\" alt=\"\" class=\"wp-block-jetpack-slideshow_image wp-image-9488\" data-id=\"9488\" src=\"https:\/\/slauschek.photography\/cms\/wp-content\/uploads\/2024\/02\/UW-01139-01-271-SFX.jpg\"\/><\/figure><\/li><\/ul><a class=\"wp-block-jetpack-slideshow_button-prev swiper-button-prev swiper-button-white\" role=\"button\"><\/a><a class=\"wp-block-jetpack-slideshow_button-next swiper-button-next swiper-button-white\" role=\"button\"><\/a><a aria-label=\"Pause Slideshow\" class=\"wp-block-jetpack-slideshow_button-pause\" role=\"button\"><\/a><div class=\"wp-block-jetpack-slideshow_pagination swiper-pagination swiper-pagination-white\"><\/div><\/div><\/div>\n","protected":false},"excerpt":{"rendered":"<p>Pelagisches Highlight &#8211; 7 N\u00e4chte Natur-, Tauch- &#038; Schnorchel-Expedition in Mexico.<br \/>\nEine Tour die wahrscheinlich kein Auge trocken l\u00e4sst!<br \/>\nVom 30.10.-06.11.2025 begleite ich als FotoPRO f\u00fcr das Tiroler Spezialtauchreiseunternehmen Waterworld Werner Thiele KG wieder eine Tour nach Mexiko.<\/p>\n","protected":false},"author":2,"featured_media":8977,"comment_status":"closed","ping_status":"closed","sticky":false,"template":"","format":"standard","meta":{"jetpack_post_was_ever_published":false,"_jetpack_newsletter_access":"","_jetpack_dont_email_post_to_subs":false,"_jetpack_newsletter_tier_id":0,"_jetpack_memberships_contains_paywalled_content":false,"_jetpack_memberships_contains_paid_content":false,"footnotes":""},"categories":[119,194,129,124],"tags":[235,120,128,239,238,233,224,240,228,236,163,234,130],"class_list":["post-9468","post","type-post","status-publish","format-standard","has-post-thumbnail","hentry","category-fotos","category-mexiko","category-reisen","category-unterwasserfotos","tag-bajacalifornia","tag-fotos","tag-harald-slauschek","tag-lapaz","tag-magdalenabay","tag-marlin","tag-mexico","tag-pacific","tag-sardines","tag-seaofcortez","tag-slauschek-photography","tag-stripedmarlin","tag-waterworld"],"yoast_head":"<!-- This site is optimized with the Yoast SEO plugin v27.4 - https:\/\/yoast.com\/product\/yoast-seo-wordpress\/ -->\n<title>MARLIN ADVENTURE 2025 | TAUCHREISE DER EXTRAKLASSE - Slauschek.Photography<\/title>\n<meta name=\"robots\" content=\"index, follow, max-snippet:-1, max-image-preview:large, max-video-preview:-1\" \/>\n<link rel=\"canonical\" href=\"https:\/\/slauschek.photography\/cms\/marlin-adventure-2025-tauchreise-der-extraklasse-9468\/\" \/>\n<meta property=\"og:locale\" content=\"de_DE\" \/>\n<meta property=\"og:type\" content=\"article\" \/>\n<meta property=\"og:title\" content=\"MARLIN ADVENTURE 2025 | TAUCHREISE DER EXTRAKLASSE - Slauschek.Photography\" \/>\n<meta property=\"og:description\" content=\"Pelagisches Highlight - 7 N\u00e4chte Natur-, Tauch- &amp; Schnorchel-Expedition in Mexico. Eine Tour die wahrscheinlich kein Auge trocken l\u00e4sst! Vom 30.10.-06.11.2025 begleite ich als FotoPRO f\u00fcr das Tiroler Spezialtauchreiseunternehmen Waterworld Werner Thiele KG wieder eine Tour nach Mexiko.\" \/>\n<meta property=\"og:url\" content=\"https:\/\/slauschek.photography\/cms\/marlin-adventure-2025-tauchreise-der-extraklasse-9468\/\" \/>\n<meta property=\"og:site_name\" content=\"Slauschek.Photography\" \/>\n<meta property=\"article:published_time\" content=\"2024-02-27T13:03:38+00:00\" \/>\n<meta property=\"article:modified_time\" content=\"2025-04-13T11:31:15+00:00\" \/>\n<meta property=\"og:image\" content=\"https:\/\/slauschek.photography\/cms\/wp-content\/uploads\/2023\/04\/UW-01139-01-516-PSTSSFX.jpg\" \/>\n\t<meta property=\"og:image:width\" content=\"1500\" \/>\n\t<meta property=\"og:image:height\" content=\"1000\" \/>\n\t<meta property=\"og:image:type\" content=\"image\/jpeg\" \/>\n<meta name=\"author\" content=\"Harald Slauschek\" \/>\n<meta name=\"twitter:card\" content=\"summary_large_image\" \/>\n<meta name=\"twitter:label1\" content=\"Verfasst von\" \/>\n\t<meta name=\"twitter:data1\" content=\"Harald Slauschek\" \/>\n\t<meta name=\"twitter:label2\" content=\"Gesch\u00e4tzte Lesezeit\" \/>\n\t<meta name=\"twitter:data2\" content=\"7\u00a0Minuten\" \/>\n<script type=\"application\/ld+json\" class=\"yoast-schema-graph\">{\"@context\":\"https:\\\/\\\/schema.org\",\"@graph\":[{\"@type\":\"Article\",\"@id\":\"https:\\\/\\\/slauschek.photography\\\/cms\\\/marlin-adventure-2025-tauchreise-der-extraklasse-9468\\\/#article\",\"isPartOf\":{\"@id\":\"https:\\\/\\\/slauschek.photography\\\/cms\\\/marlin-adventure-2025-tauchreise-der-extraklasse-9468\\\/\"},\"author\":{\"name\":\"Harald Slauschek\",\"@id\":\"https:\\\/\\\/slauschek.photography\\\/cms\\\/#\\\/schema\\\/person\\\/ef602f3dfc5a0bd727ea4ce6b73b3701\"},\"headline\":\"MARLIN ADVENTURE 2025 | TAUCHREISE DER EXTRAKLASSE\",\"datePublished\":\"2024-02-27T13:03:38+00:00\",\"dateModified\":\"2025-04-13T11:31:15+00:00\",\"mainEntityOfPage\":{\"@id\":\"https:\\\/\\\/slauschek.photography\\\/cms\\\/marlin-adventure-2025-tauchreise-der-extraklasse-9468\\\/\"},\"wordCount\":278,\"image\":{\"@id\":\"https:\\\/\\\/slauschek.photography\\\/cms\\\/marlin-adventure-2025-tauchreise-der-extraklasse-9468\\\/#primaryimage\"},\"thumbnailUrl\":\"https:\\\/\\\/slauschek.photography\\\/cms\\\/wp-content\\\/uploads\\\/2023\\\/04\\\/UW-01139-01-516-PSTSSFX.jpg\",\"keywords\":[\"bajacalifornia\",\"Fotos\",\"Harald Slauschek\",\"lapaz\",\"magdalenabay\",\"marlin\",\"mexico\",\"pacific\",\"sardines\",\"seaofcortez\",\"Slauschek.Photography\",\"stripedmarlin\",\"Waterworld\"],\"articleSection\":[\"Fotos\",\"Mexiko\",\"Reisen\",\"Unterwasserfotos\"],\"inLanguage\":\"de\"},{\"@type\":\"WebPage\",\"@id\":\"https:\\\/\\\/slauschek.photography\\\/cms\\\/marlin-adventure-2025-tauchreise-der-extraklasse-9468\\\/\",\"url\":\"https:\\\/\\\/slauschek.photography\\\/cms\\\/marlin-adventure-2025-tauchreise-der-extraklasse-9468\\\/\",\"name\":\"MARLIN ADVENTURE 2025 | TAUCHREISE DER EXTRAKLASSE - Slauschek.Photography\",\"isPartOf\":{\"@id\":\"https:\\\/\\\/slauschek.photography\\\/cms\\\/#website\"},\"primaryImageOfPage\":{\"@id\":\"https:\\\/\\\/slauschek.photography\\\/cms\\\/marlin-adventure-2025-tauchreise-der-extraklasse-9468\\\/#primaryimage\"},\"image\":{\"@id\":\"https:\\\/\\\/slauschek.photography\\\/cms\\\/marlin-adventure-2025-tauchreise-der-extraklasse-9468\\\/#primaryimage\"},\"thumbnailUrl\":\"https:\\\/\\\/slauschek.photography\\\/cms\\\/wp-content\\\/uploads\\\/2023\\\/04\\\/UW-01139-01-516-PSTSSFX.jpg\",\"datePublished\":\"2024-02-27T13:03:38+00:00\",\"dateModified\":\"2025-04-13T11:31:15+00:00\",\"author\":{\"@id\":\"https:\\\/\\\/slauschek.photography\\\/cms\\\/#\\\/schema\\\/person\\\/ef602f3dfc5a0bd727ea4ce6b73b3701\"},\"breadcrumb\":{\"@id\":\"https:\\\/\\\/slauschek.photography\\\/cms\\\/marlin-adventure-2025-tauchreise-der-extraklasse-9468\\\/#breadcrumb\"},\"inLanguage\":\"de\",\"potentialAction\":[{\"@type\":\"ReadAction\",\"target\":[\"https:\\\/\\\/slauschek.photography\\\/cms\\\/marlin-adventure-2025-tauchreise-der-extraklasse-9468\\\/\"]}]},{\"@type\":\"ImageObject\",\"inLanguage\":\"de\",\"@id\":\"https:\\\/\\\/slauschek.photography\\\/cms\\\/marlin-adventure-2025-tauchreise-der-extraklasse-9468\\\/#primaryimage\",\"url\":\"https:\\\/\\\/slauschek.photography\\\/cms\\\/wp-content\\\/uploads\\\/2023\\\/04\\\/UW-01139-01-516-PSTSSFX.jpg\",\"contentUrl\":\"https:\\\/\\\/slauschek.photography\\\/cms\\\/wp-content\\\/uploads\\\/2023\\\/04\\\/UW-01139-01-516-PSTSSFX.jpg\",\"width\":1500,\"height\":1000},{\"@type\":\"BreadcrumbList\",\"@id\":\"https:\\\/\\\/slauschek.photography\\\/cms\\\/marlin-adventure-2025-tauchreise-der-extraklasse-9468\\\/#breadcrumb\",\"itemListElement\":[{\"@type\":\"ListItem\",\"position\":1,\"name\":\"Startseite\",\"item\":\"https:\\\/\\\/slauschek.photography\\\/cms\\\/\"},{\"@type\":\"ListItem\",\"position\":2,\"name\":\"MARLIN ADVENTURE 2025 | TAUCHREISE DER EXTRAKLASSE\"}]},{\"@type\":\"WebSite\",\"@id\":\"https:\\\/\\\/slauschek.photography\\\/cms\\\/#website\",\"url\":\"https:\\\/\\\/slauschek.photography\\\/cms\\\/\",\"name\":\"Slauschek.Photography\",\"description\":\"Passion meets profession!\",\"potentialAction\":[{\"@type\":\"SearchAction\",\"target\":{\"@type\":\"EntryPoint\",\"urlTemplate\":\"https:\\\/\\\/slauschek.photography\\\/cms\\\/?s={search_term_string}\"},\"query-input\":{\"@type\":\"PropertyValueSpecification\",\"valueRequired\":true,\"valueName\":\"search_term_string\"}}],\"inLanguage\":\"de\"},{\"@type\":\"Person\",\"@id\":\"https:\\\/\\\/slauschek.photography\\\/cms\\\/#\\\/schema\\\/person\\\/ef602f3dfc5a0bd727ea4ce6b73b3701\",\"name\":\"Harald Slauschek\",\"image\":{\"@type\":\"ImageObject\",\"inLanguage\":\"de\",\"@id\":\"https:\\\/\\\/secure.gravatar.com\\\/avatar\\\/926ae54bb219acef952c24e6fe85583cf86e05d2f17df8d10a57a502b06920ef?s=96&d=mm&r=g\",\"url\":\"https:\\\/\\\/secure.gravatar.com\\\/avatar\\\/926ae54bb219acef952c24e6fe85583cf86e05d2f17df8d10a57a502b06920ef?s=96&d=mm&r=g\",\"contentUrl\":\"https:\\\/\\\/secure.gravatar.com\\\/avatar\\\/926ae54bb219acef952c24e6fe85583cf86e05d2f17df8d10a57a502b06920ef?s=96&d=mm&r=g\",\"caption\":\"Harald Slauschek\"},\"url\":\"https:\\\/\\\/slauschek.photography\\\/cms\\\/author\\\/hshark\\\/\"}]}<\/script>\n<!-- \/ Yoast SEO plugin. -->","yoast_head_json":{"title":"MARLIN ADVENTURE 2025 | TAUCHREISE DER EXTRAKLASSE - Slauschek.Photography","robots":{"index":"index","follow":"follow","max-snippet":"max-snippet:-1","max-image-preview":"max-image-preview:large","max-video-preview":"max-video-preview:-1"},"canonical":"https:\/\/slauschek.photography\/cms\/marlin-adventure-2025-tauchreise-der-extraklasse-9468\/","og_locale":"de_DE","og_type":"article","og_title":"MARLIN ADVENTURE 2025 | TAUCHREISE DER EXTRAKLASSE - Slauschek.Photography","og_description":"Pelagisches Highlight - 7 N\u00e4chte Natur-, Tauch- & Schnorchel-Expedition in Mexico. Eine Tour die wahrscheinlich kein Auge trocken l\u00e4sst! Vom 30.10.-06.11.2025 begleite ich als FotoPRO f\u00fcr das Tiroler Spezialtauchreiseunternehmen Waterworld Werner Thiele KG wieder eine Tour nach Mexiko.","og_url":"https:\/\/slauschek.photography\/cms\/marlin-adventure-2025-tauchreise-der-extraklasse-9468\/","og_site_name":"Slauschek.Photography","article_published_time":"2024-02-27T13:03:38+00:00","article_modified_time":"2025-04-13T11:31:15+00:00","og_image":[{"width":1500,"height":1000,"url":"https:\/\/slauschek.photography\/cms\/wp-content\/uploads\/2023\/04\/UW-01139-01-516-PSTSSFX.jpg","type":"image\/jpeg"}],"author":"Harald Slauschek","twitter_card":"summary_large_image","twitter_misc":{"Verfasst von":"Harald Slauschek","Gesch\u00e4tzte Lesezeit":"7\u00a0Minuten"},"schema":{"@context":"https:\/\/schema.org","@graph":[{"@type":"Article","@id":"https:\/\/slauschek.photography\/cms\/marlin-adventure-2025-tauchreise-der-extraklasse-9468\/#article","isPartOf":{"@id":"https:\/\/slauschek.photography\/cms\/marlin-adventure-2025-tauchreise-der-extraklasse-9468\/"},"author":{"name":"Harald Slauschek","@id":"https:\/\/slauschek.photography\/cms\/#\/schema\/person\/ef602f3dfc5a0bd727ea4ce6b73b3701"},"headline":"MARLIN ADVENTURE 2025 | TAUCHREISE DER EXTRAKLASSE","datePublished":"2024-02-27T13:03:38+00:00","dateModified":"2025-04-13T11:31:15+00:00","mainEntityOfPage":{"@id":"https:\/\/slauschek.photography\/cms\/marlin-adventure-2025-tauchreise-der-extraklasse-9468\/"},"wordCount":278,"image":{"@id":"https:\/\/slauschek.photography\/cms\/marlin-adventure-2025-tauchreise-der-extraklasse-9468\/#primaryimage"},"thumbnailUrl":"https:\/\/slauschek.photography\/cms\/wp-content\/uploads\/2023\/04\/UW-01139-01-516-PSTSSFX.jpg","keywords":["bajacalifornia","Fotos","Harald Slauschek","lapaz","magdalenabay","marlin","mexico","pacific","sardines","seaofcortez","Slauschek.Photography","stripedmarlin","Waterworld"],"articleSection":["Fotos","Mexiko","Reisen","Unterwasserfotos"],"inLanguage":"de"},{"@type":"WebPage","@id":"https:\/\/slauschek.photography\/cms\/marlin-adventure-2025-tauchreise-der-extraklasse-9468\/","url":"https:\/\/slauschek.photography\/cms\/marlin-adventure-2025-tauchreise-der-extraklasse-9468\/","name":"MARLIN ADVENTURE 2025 | TAUCHREISE DER EXTRAKLASSE - Slauschek.Photography","isPartOf":{"@id":"https:\/\/slauschek.photography\/cms\/#website"},"primaryImageOfPage":{"@id":"https:\/\/slauschek.photography\/cms\/marlin-adventure-2025-tauchreise-der-extraklasse-9468\/#primaryimage"},"image":{"@id":"https:\/\/slauschek.photography\/cms\/marlin-adventure-2025-tauchreise-der-extraklasse-9468\/#primaryimage"},"thumbnailUrl":"https:\/\/slauschek.photography\/cms\/wp-content\/uploads\/2023\/04\/UW-01139-01-516-PSTSSFX.jpg","datePublished":"2024-02-27T13:03:38+00:00","dateModified":"2025-04-13T11:31:15+00:00","author":{"@id":"https:\/\/slauschek.photography\/cms\/#\/schema\/person\/ef602f3dfc5a0bd727ea4ce6b73b3701"},"breadcrumb":{"@id":"https:\/\/slauschek.photography\/cms\/marlin-adventure-2025-tauchreise-der-extraklasse-9468\/#breadcrumb"},"inLanguage":"de","potentialAction":[{"@type":"ReadAction","target":["https:\/\/slauschek.photography\/cms\/marlin-adventure-2025-tauchreise-der-extraklasse-9468\/"]}]},{"@type":"ImageObject","inLanguage":"de","@id":"https:\/\/slauschek.photography\/cms\/marlin-adventure-2025-tauchreise-der-extraklasse-9468\/#primaryimage","url":"https:\/\/slauschek.photography\/cms\/wp-content\/uploads\/2023\/04\/UW-01139-01-516-PSTSSFX.jpg","contentUrl":"https:\/\/slauschek.photography\/cms\/wp-content\/uploads\/2023\/04\/UW-01139-01-516-PSTSSFX.jpg","width":1500,"height":1000},{"@type":"BreadcrumbList","@id":"https:\/\/slauschek.photography\/cms\/marlin-adventure-2025-tauchreise-der-extraklasse-9468\/#breadcrumb","itemListElement":[{"@type":"ListItem","position":1,"name":"Startseite","item":"https:\/\/slauschek.photography\/cms\/"},{"@type":"ListItem","position":2,"name":"MARLIN ADVENTURE 2025 | TAUCHREISE DER EXTRAKLASSE"}]},{"@type":"WebSite","@id":"https:\/\/slauschek.photography\/cms\/#website","url":"https:\/\/slauschek.photography\/cms\/","name":"Slauschek.Photography","description":"Passion meets profession!","potentialAction":[{"@type":"SearchAction","target":{"@type":"EntryPoint","urlTemplate":"https:\/\/slauschek.photography\/cms\/?s={search_term_string}"},"query-input":{"@type":"PropertyValueSpecification","valueRequired":true,"valueName":"search_term_string"}}],"inLanguage":"de"},{"@type":"Person","@id":"https:\/\/slauschek.photography\/cms\/#\/schema\/person\/ef602f3dfc5a0bd727ea4ce6b73b3701","name":"Harald Slauschek","image":{"@type":"ImageObject","inLanguage":"de","@id":"https:\/\/secure.gravatar.com\/avatar\/926ae54bb219acef952c24e6fe85583cf86e05d2f17df8d10a57a502b06920ef?s=96&d=mm&r=g","url":"https:\/\/secure.gravatar.com\/avatar\/926ae54bb219acef952c24e6fe85583cf86e05d2f17df8d10a57a502b06920ef?s=96&d=mm&r=g","contentUrl":"https:\/\/secure.gravatar.com\/avatar\/926ae54bb219acef952c24e6fe85583cf86e05d2f17df8d10a57a502b06920ef?s=96&d=mm&r=g","caption":"Harald Slauschek"},"url":"https:\/\/slauschek.photography\/cms\/author\/hshark\/"}]}},"jetpack_featured_media_url":"https:\/\/slauschek.photography\/cms\/wp-content\/uploads\/2023\/04\/UW-01139-01-516-PSTSSFX.jpg","jetpack_sharing_enabled":true,"_links":{"self":[{"href":"https:\/\/slauschek.photography\/cms\/wp-json\/wp\/v2\/posts\/9468","targetHints":{"allow":["GET"]}}],"collection":[{"href":"https:\/\/slauschek.photography\/cms\/wp-json\/wp\/v2\/posts"}],"about":[{"href":"https:\/\/slauschek.photography\/cms\/wp-json\/wp\/v2\/types\/post"}],"author":[{"embeddable":true,"href":"https:\/\/slauschek.photography\/cms\/wp-json\/wp\/v2\/users\/2"}],"replies":[{"embeddable":true,"href":"https:\/\/slauschek.photography\/cms\/wp-json\/wp\/v2\/comments?post=9468"}],"version-history":[{"count":17,"href":"https:\/\/slauschek.photography\/cms\/wp-json\/wp\/v2\/posts\/9468\/revisions"}],"predecessor-version":[{"id":10069,"href":"https:\/\/slauschek.photography\/cms\/wp-json\/wp\/v2\/posts\/9468\/revisions\/10069"}],"wp:featuredmedia":[{"embeddable":true,"href":"https:\/\/slauschek.photography\/cms\/wp-json\/wp\/v2\/media\/8977"}],"wp:attachment":[{"href":"https:\/\/slauschek.photography\/cms\/wp-json\/wp\/v2\/media?parent=9468"}],"wp:term":[{"taxonomy":"category","embeddable":true,"href":"https:\/\/slauschek.photography\/cms\/wp-json\/wp\/v2\/categories?post=9468"},{"taxonomy":"post_tag","embeddable":true,"href":"https:\/\/slauschek.photography\/cms\/wp-json\/wp\/v2\/tags?post=9468"}],"curies":[{"name":"wp","href":"https:\/\/api.w.org\/{rel}","templated":true}]}}