{"id":9636,"date":"2024-05-29T15:54:30","date_gmt":"2024-05-29T13:54:30","guid":{"rendered":"https:\/\/slauschek.photography\/cms\/?p=9636"},"modified":"2025-06-03T21:21:41","modified_gmt":"2025-06-03T19:21:41","slug":"galapagos-adventure-2025-darwins-garten-eden-best-of-ecuador","status":"publish","type":"post","link":"https:\/\/slauschek.photography\/cms\/galapagos-adventure-2025-darwins-garten-eden-best-of-ecuador-9636\/","title":{"rendered":"GAL\u00c1PAGOS ADVENTURE 2025 | DARWINS GARTEN EDEN &amp; BEST OF ECUADOR"},"content":{"rendered":"<div class=\"wp-block-image is-style-default\">\n<figure data-wp-context=\"{&quot;imageId&quot;:&quot;69f113f641d5e&quot;}\" data-wp-interactive=\"core\/image\" data-wp-key=\"69f113f641d5e\" class=\"alignright size-medium wp-lightbox-container\"><img loading=\"lazy\" decoding=\"async\" width=\"212\" height=\"300\" data-wp-class--hide=\"state.isContentHidden\" data-wp-class--show=\"state.isContentVisible\" data-wp-init=\"callbacks.setButtonStyles\" data-wp-on--click=\"actions.showLightbox\" data-wp-on--load=\"callbacks.setButtonStyles\" data-wp-on-window--resize=\"callbacks.setButtonStyles\" src=\"https:\/\/slauschek.photography\/cms\/wp-content\/uploads\/2024\/05\/Seite-1-212x300.jpeg\" alt=\"\" class=\"wp-image-9572\"\/><button\n\t\t\tclass=\"lightbox-trigger\"\n\t\t\ttype=\"button\"\n\t\t\taria-haspopup=\"dialog\"\n\t\t\taria-label=\"Vergr\u00f6\u00dfern\"\n\t\t\tdata-wp-init=\"callbacks.initTriggerButton\"\n\t\t\tdata-wp-on--click=\"actions.showLightbox\"\n\t\t\tdata-wp-style--right=\"state.imageButtonRight\"\n\t\t\tdata-wp-style--top=\"state.imageButtonTop\"\n\t\t>\n\t\t\t<svg xmlns=\"http:\/\/www.w3.org\/2000\/svg\" width=\"12\" height=\"12\" fill=\"none\" viewBox=\"0 0 12 12\">\n\t\t\t\t<path fill=\"#fff\" d=\"M2 0a2 2 0 0 0-2 2v2h1.5V2a.5.5 0 0 1 .5-.5h2V0H2Zm2 10.5H2a.5.5 0 0 1-.5-.5V8H0v2a2 2 0 0 0 2 2h2v-1.5ZM8 12v-1.5h2a.5.5 0 0 0 .5-.5V8H12v2a2 2 0 0 1-2 2H8Zm2-12a2 2 0 0 1 2 2v2h-1.5V2a.5.5 0 0 0-.5-.5H8V0h2Z\" \/>\n\t\t\t<\/svg>\n\t\t<\/button><\/figure>\n<\/div>\n\n\n<p class=\"has-medium-font-size\"><strong><mark style=\"background-color:rgba(0, 0, 0, 0)\" class=\"has-inline-color has-vivid-cyan-blue-color\">Tauch- und Naturhighlight &#8211; 7 N\u00e4chte Tauchexpedition inkl. Landg\u00e4nge auf den Gal\u00e1pagosinseln und (optional) 7 N\u00e4chte Natur- und Kulturrundreise durch Ecuador<\/mark><\/strong><\/p>\n\n\n\n<p>Wahrscheinlich <strong>DAS Reisehighlight weltweit<\/strong> f\u00fcr Taucher und Naturliebhaber, Gal\u00e1pagos ist eines der letzten gro\u00dfen Ziele: <br>Legend\u00e4re, mitten im Pazifik gelegene Bilderbuchinseln der Evolution, deren Name allein schon bei den meisten Menschen Sehnsucht und Reiselust ausl\u00f6st.<br>Vom 09.08.-16.08. bzw. 23.08.2025 begleite ich <strong>als FotoPRO<\/strong> &amp; <strong>ReisePRO<\/strong> f\u00fcr das Tiroler Spezialtauchreiseunternehmen <a href=\"http:\/\/www.waterworld.at\" target=\"_blank\" rel=\"noreferrer noopener\">Waterworld Werner Thiele KG<\/a> zum zweiten Mal eine Tour zum Gal\u00e1pagos Archipel sowie nach Ecuador.<\/p>\n\n\n<div class=\"wp-block-image\">\n<figure data-wp-context=\"{&quot;imageId&quot;:&quot;69f113f64215c&quot;}\" data-wp-interactive=\"core\/image\" data-wp-key=\"69f113f64215c\" class=\"alignleft size-medium wp-lightbox-container\"><img loading=\"lazy\" decoding=\"async\" width=\"300\" height=\"200\" data-wp-class--hide=\"state.isContentHidden\" data-wp-class--show=\"state.isContentVisible\" data-wp-init=\"callbacks.setButtonStyles\" data-wp-on--click=\"actions.showLightbox\" data-wp-on--load=\"callbacks.setButtonStyles\" data-wp-on-window--resize=\"callbacks.setButtonStyles\" src=\"https:\/\/slauschek.photography\/cms\/wp-content\/uploads\/2024\/05\/UW-01056-01-015-300x200.jpg\" alt=\"\" class=\"wp-image-9661\"\/><button\n\t\t\tclass=\"lightbox-trigger\"\n\t\t\ttype=\"button\"\n\t\t\taria-haspopup=\"dialog\"\n\t\t\taria-label=\"Vergr\u00f6\u00dfern\"\n\t\t\tdata-wp-init=\"callbacks.initTriggerButton\"\n\t\t\tdata-wp-on--click=\"actions.showLightbox\"\n\t\t\tdata-wp-style--right=\"state.imageButtonRight\"\n\t\t\tdata-wp-style--top=\"state.imageButtonTop\"\n\t\t>\n\t\t\t<svg xmlns=\"http:\/\/www.w3.org\/2000\/svg\" width=\"12\" height=\"12\" fill=\"none\" viewBox=\"0 0 12 12\">\n\t\t\t\t<path fill=\"#fff\" d=\"M2 0a2 2 0 0 0-2 2v2h1.5V2a.5.5 0 0 1 .5-.5h2V0H2Zm2 10.5H2a.5.5 0 0 1-.5-.5V8H0v2a2 2 0 0 0 2 2h2v-1.5ZM8 12v-1.5h2a.5.5 0 0 0 .5-.5V8H12v2a2 2 0 0 1-2 2H8Zm2-12a2 2 0 0 1 2 2v2h-1.5V2a.5.5 0 0 0-.5-.5H8V0h2Z\" \/>\n\t\t\t<\/svg>\n\t\t<\/button><\/figure>\n<\/div>\n\n\n<p>Der ber\u00fchmte vulkanische Archipel liegt rund 1.000 km von Ecuador entfernt im Pazifischen Ozean, fast die gesamte Fl\u00e4che des UNESCO-Welterbes ist als Nationalpark ausgewiesen, welcher Naturfreunde und Tierliebhaber aus aller Welt anlockt. Neben den ber\u00fchmten Riesenschildkr\u00f6ten, Landleguanen, Pinguinen, Seel\u00f6wen und Meerechsen kann man unz\u00e4hlige Arten von Seev\u00f6geln beobachten. Gal\u00e1pagos ist ber\u00fchmt f\u00fcr seine endemischen Arten, welche sich auf den Inseln in aller Ruhe entwickeln konnten.<\/p>\n\n\n<div class=\"wp-block-image\">\n<figure data-wp-context=\"{&quot;imageId&quot;:&quot;69f113f6424bf&quot;}\" data-wp-interactive=\"core\/image\" data-wp-key=\"69f113f6424bf\" class=\"alignright size-medium wp-lightbox-container\"><img loading=\"lazy\" decoding=\"async\" width=\"300\" height=\"200\" data-wp-class--hide=\"state.isContentHidden\" data-wp-class--show=\"state.isContentVisible\" data-wp-init=\"callbacks.setButtonStyles\" data-wp-on--click=\"actions.showLightbox\" data-wp-on--load=\"callbacks.setButtonStyles\" data-wp-on-window--resize=\"callbacks.setButtonStyles\" src=\"https:\/\/slauschek.photography\/cms\/wp-content\/uploads\/2024\/05\/DSC0327-300x200.jpg\" alt=\"\" class=\"wp-image-9650\"\/><button\n\t\t\tclass=\"lightbox-trigger\"\n\t\t\ttype=\"button\"\n\t\t\taria-haspopup=\"dialog\"\n\t\t\taria-label=\"Vergr\u00f6\u00dfern\"\n\t\t\tdata-wp-init=\"callbacks.initTriggerButton\"\n\t\t\tdata-wp-on--click=\"actions.showLightbox\"\n\t\t\tdata-wp-style--right=\"state.imageButtonRight\"\n\t\t\tdata-wp-style--top=\"state.imageButtonTop\"\n\t\t>\n\t\t\t<svg xmlns=\"http:\/\/www.w3.org\/2000\/svg\" width=\"12\" height=\"12\" fill=\"none\" viewBox=\"0 0 12 12\">\n\t\t\t\t<path fill=\"#fff\" d=\"M2 0a2 2 0 0 0-2 2v2h1.5V2a.5.5 0 0 1 .5-.5h2V0H2Zm2 10.5H2a.5.5 0 0 1-.5-.5V8H0v2a2 2 0 0 0 2 2h2v-1.5ZM8 12v-1.5h2a.5.5 0 0 0 .5-.5V8H12v2a2 2 0 0 1-2 2H8Zm2-12a2 2 0 0 1 2 2v2h-1.5V2a.5.5 0 0 0-.5-.5H8V0h2Z\" \/>\n\t\t\t<\/svg>\n\t\t<\/button><\/figure>\n<\/div>\n\n\n<p>Die Faszination von Gal\u00e1pagos besteht vor allem in seiner einzigartigen Landschaft und Tierwelt, welche weltweit einmalig ist: Jede der Inseln beherbergt \u00fcber aber auch gerade unter Wasser seltsam anmutende Bewohner: Verspielte Seel\u00f6wen, tauchende Kormorane, Pinguine im tropischen Wasser oder tauchende Meerechsen k\u00f6nnen ebenso beobachtet werden wie Hammerhaischulen, Seepferchen und mit etwas Gl\u00fcck die begehrten Mondfische. Gal\u00e1pagos ist unter Wasser mindestens ebenso faszinierend wie \u00fcber Wasser und oft wei\u00df man nicht wo man zuerst hinschauen soll.<\/p>\n\n\n<div class=\"wp-block-image\">\n<figure data-wp-context=\"{&quot;imageId&quot;:&quot;69f113f6427f8&quot;}\" data-wp-interactive=\"core\/image\" data-wp-key=\"69f113f6427f8\" class=\"alignleft size-medium wp-lightbox-container\"><img loading=\"lazy\" decoding=\"async\" width=\"300\" height=\"88\" data-wp-class--hide=\"state.isContentHidden\" data-wp-class--show=\"state.isContentVisible\" data-wp-init=\"callbacks.setButtonStyles\" data-wp-on--click=\"actions.showLightbox\" data-wp-on--load=\"callbacks.setButtonStyles\" data-wp-on-window--resize=\"callbacks.setButtonStyles\" src=\"https:\/\/slauschek.photography\/cms\/wp-content\/uploads\/2024\/05\/H2O3144-Pano-OPT-1134-300x88.jpg\" alt=\"\" class=\"wp-image-9654\"\/><button\n\t\t\tclass=\"lightbox-trigger\"\n\t\t\ttype=\"button\"\n\t\t\taria-haspopup=\"dialog\"\n\t\t\taria-label=\"Vergr\u00f6\u00dfern\"\n\t\t\tdata-wp-init=\"callbacks.initTriggerButton\"\n\t\t\tdata-wp-on--click=\"actions.showLightbox\"\n\t\t\tdata-wp-style--right=\"state.imageButtonRight\"\n\t\t\tdata-wp-style--top=\"state.imageButtonTop\"\n\t\t>\n\t\t\t<svg xmlns=\"http:\/\/www.w3.org\/2000\/svg\" width=\"12\" height=\"12\" fill=\"none\" viewBox=\"0 0 12 12\">\n\t\t\t\t<path fill=\"#fff\" d=\"M2 0a2 2 0 0 0-2 2v2h1.5V2a.5.5 0 0 1 .5-.5h2V0H2Zm2 10.5H2a.5.5 0 0 1-.5-.5V8H0v2a2 2 0 0 0 2 2h2v-1.5ZM8 12v-1.5h2a.5.5 0 0 0 .5-.5V8H12v2a2 2 0 0 1-2 2H8Zm2-12a2 2 0 0 1 2 2v2h-1.5V2a.5.5 0 0 0-.5-.5H8V0h2Z\" \/>\n\t\t\t<\/svg>\n\t\t<\/button><\/figure>\n<\/div>\n\n\n<p><strong>Ecuador ist weit mehr als \u201enur\u201c Gal\u00e1pagos:<\/strong> <br>Schneebedeckte Vulkane die \u00fcber 6.000m hoch aufragen, tosende Wasserf\u00e4lle im smaragdgr\u00fcnen AmazonasRegenwald, die Musik der Indios mit ihren Melonen-H\u00fcten und facettenreiche Kolonialst\u00e4dte: Das alles ist Ecuador. <\/p>\n\n\n<div class=\"wp-block-image\">\n<figure data-wp-context=\"{&quot;imageId&quot;:&quot;69f113f642b38&quot;}\" data-wp-interactive=\"core\/image\" data-wp-key=\"69f113f642b38\" class=\"alignright size-medium wp-lightbox-container\"><img loading=\"lazy\" decoding=\"async\" width=\"300\" height=\"200\" data-wp-class--hide=\"state.isContentHidden\" data-wp-class--show=\"state.isContentVisible\" data-wp-init=\"callbacks.setButtonStyles\" data-wp-on--click=\"actions.showLightbox\" data-wp-on--load=\"callbacks.setButtonStyles\" data-wp-on-window--resize=\"callbacks.setButtonStyles\" src=\"https:\/\/slauschek.photography\/cms\/wp-content\/uploads\/2024\/05\/DSC0427-300x200.jpg\" alt=\"\" class=\"wp-image-9651\"\/><button\n\t\t\tclass=\"lightbox-trigger\"\n\t\t\ttype=\"button\"\n\t\t\taria-haspopup=\"dialog\"\n\t\t\taria-label=\"Vergr\u00f6\u00dfern\"\n\t\t\tdata-wp-init=\"callbacks.initTriggerButton\"\n\t\t\tdata-wp-on--click=\"actions.showLightbox\"\n\t\t\tdata-wp-style--right=\"state.imageButtonRight\"\n\t\t\tdata-wp-style--top=\"state.imageButtonTop\"\n\t\t>\n\t\t\t<svg xmlns=\"http:\/\/www.w3.org\/2000\/svg\" width=\"12\" height=\"12\" fill=\"none\" viewBox=\"0 0 12 12\">\n\t\t\t\t<path fill=\"#fff\" d=\"M2 0a2 2 0 0 0-2 2v2h1.5V2a.5.5 0 0 1 .5-.5h2V0H2Zm2 10.5H2a.5.5 0 0 1-.5-.5V8H0v2a2 2 0 0 0 2 2h2v-1.5ZM8 12v-1.5h2a.5.5 0 0 0 .5-.5V8H12v2a2 2 0 0 1-2 2H8Zm2-12a2 2 0 0 1 2 2v2h-1.5V2a.5.5 0 0 0-.5-.5H8V0h2Z\" \/>\n\t\t\t<\/svg>\n\t\t<\/button><\/figure>\n<\/div>\n\n\n<p>Die Republik ist zwar eines der kleinsten aber jedenfalls auch eines der vielseitigsten L\u00e4nder S\u00fcdamerikas. Auf einer optionalen Ecuador-Rundreise im Anschluss an die Tauchkreuzfahrt in Gal\u00e1pagos k\u00f6nnen die H\u00f6hepunkte des vielseitigen Landes erlebt werden.<\/p>\n\n\n\n<p class=\"has-large-font-size\"><mark style=\"background-color:rgba(0, 0, 0, 0)\" class=\"has-inline-color has-vivid-red-color\"><strong>Restplatz!<\/strong><\/mark> <\/p>\n\n\n\n<p>Aktuell (Stand: 30.05.2025) ist <strong>nur noch 1 von nur 16 Pl\u00e4tzen frei<\/strong>\u2026Restplatz mit <strong>-30% <\/strong>f\u00fcr einen Mann (da Doppelkabine mit einem anderen Mann)\u2026vielleicht magst Du ja mit dabei sein\u2026ich w\u00fcrde mich sehr freuen! \ud83d\ude00<\/p>\n\n\n\n<p>Zu den <strong>Reisedetails &amp; zur Buchungsm\u00f6glichkeit<\/strong> geht es <a href=\"https:\/\/www.waterworld.at\/specials\/2025-schiffssafari\/galapagos-2025-2\/\" target=\"_blank\" rel=\"noreferrer noopener\">hier..<\/a><a href=\"https:\/\/www.waterworld.at\/specials\/2025-schiffssafari\/galapagos-2025-2\/\">.<\/a><\/p>\n\n\n\n<p><em>Text &amp; Fotos:<\/em> \u00a9 Harald Slauschek | <a href=\"https:\/\/slauschek.photography\">Slauschek.Photography<\/a> &amp; Werner Thiele | <a href=\"http:\/\/www.waterworld.at\" target=\"_blank\" rel=\"noreferrer noopener\">Waterworld Werner Thiele KG<\/a><\/p>\n\n\n\n<p>#nikon #nikonaustria #nikond850 #subal #subalnd850 #subtronic #reikle #h2ophotography #slauschekphotography #haraldslauschek #underwater #unterwasser #underwaterphotography #unterwasserfotografie #ecuador #galapagos #waterworld #nature #evolution <\/p>\n\n\n\n<p><em>Bildershow:<\/em><br>(<em>Text &amp; Fotos:<\/em> Werner Thiele | Waterworld Werner Thiele KG, LUFTHANSA, IKALA HOTEL, WIKIMEDIA LIBRARY, EXE HOTEL MAN-GING, ECUADOR GALAPAGOS TRAVEL, EXPLORER FLEET)<\/p>\n\n\n\n<div class=\"wp-block-jetpack-slideshow aligncenter\" data-autoplay=\"true\" data-delay=\"3\" data-effect=\"fade\"><div class=\"wp-block-jetpack-slideshow_container swiper-container\"><ul class=\"wp-block-jetpack-slideshow_swiper-wrapper swiper-wrapper\"><li class=\"wp-block-jetpack-slideshow_slide swiper-slide\"><figure><img loading=\"lazy\" decoding=\"async\" width=\"1448\" height=\"2048\" alt=\"\" class=\"wp-block-jetpack-slideshow_image wp-image-9572\" data-id=\"9572\" src=\"https:\/\/slauschek.photography\/cms\/wp-content\/uploads\/2024\/05\/Seite-1-1448x2048.jpeg\"\/><\/figure><\/li><li class=\"wp-block-jetpack-slideshow_slide swiper-slide\"><figure><img loading=\"lazy\" decoding=\"async\" width=\"1448\" height=\"2048\" alt=\"\" class=\"wp-block-jetpack-slideshow_image wp-image-9573\" data-id=\"9573\" src=\"https:\/\/slauschek.photography\/cms\/wp-content\/uploads\/2024\/05\/Seite-2-1448x2048.jpeg\"\/><\/figure><\/li><li class=\"wp-block-jetpack-slideshow_slide swiper-slide\"><figure><img loading=\"lazy\" decoding=\"async\" width=\"1448\" height=\"2048\" alt=\"\" class=\"wp-block-jetpack-slideshow_image wp-image-9574\" data-id=\"9574\" src=\"https:\/\/slauschek.photography\/cms\/wp-content\/uploads\/2024\/05\/Seite-3-1448x2048.jpeg\"\/><\/figure><\/li><li class=\"wp-block-jetpack-slideshow_slide swiper-slide\"><figure><img loading=\"lazy\" decoding=\"async\" width=\"1448\" height=\"2048\" alt=\"\" class=\"wp-block-jetpack-slideshow_image wp-image-9575\" data-id=\"9575\" src=\"https:\/\/slauschek.photography\/cms\/wp-content\/uploads\/2024\/05\/Seite-4-1448x2048.jpeg\"\/><\/figure><\/li><li class=\"wp-block-jetpack-slideshow_slide swiper-slide\"><figure><img loading=\"lazy\" decoding=\"async\" width=\"1448\" height=\"2048\" alt=\"\" class=\"wp-block-jetpack-slideshow_image wp-image-9576\" data-id=\"9576\" src=\"https:\/\/slauschek.photography\/cms\/wp-content\/uploads\/2024\/05\/Seite-5-1448x2048.jpeg\"\/><\/figure><\/li><li class=\"wp-block-jetpack-slideshow_slide swiper-slide\"><figure><img loading=\"lazy\" decoding=\"async\" width=\"1448\" height=\"2048\" alt=\"\" class=\"wp-block-jetpack-slideshow_image wp-image-9577\" data-id=\"9577\" src=\"https:\/\/slauschek.photography\/cms\/wp-content\/uploads\/2024\/05\/Seite-6-1448x2048.jpeg\"\/><\/figure><\/li><li class=\"wp-block-jetpack-slideshow_slide swiper-slide\"><figure><img loading=\"lazy\" decoding=\"async\" width=\"1448\" height=\"2048\" alt=\"\" class=\"wp-block-jetpack-slideshow_image wp-image-9578\" data-id=\"9578\" src=\"https:\/\/slauschek.photography\/cms\/wp-content\/uploads\/2024\/05\/Seite-7-1448x2048.jpeg\"\/><\/figure><\/li><li class=\"wp-block-jetpack-slideshow_slide swiper-slide\"><figure><img loading=\"lazy\" decoding=\"async\" width=\"1448\" height=\"2048\" alt=\"\" class=\"wp-block-jetpack-slideshow_image wp-image-9579\" data-id=\"9579\" src=\"https:\/\/slauschek.photography\/cms\/wp-content\/uploads\/2024\/05\/Seite-8-1448x2048.jpeg\"\/><\/figure><\/li><li class=\"wp-block-jetpack-slideshow_slide swiper-slide\"><figure><img loading=\"lazy\" decoding=\"async\" width=\"1448\" height=\"2048\" alt=\"\" class=\"wp-block-jetpack-slideshow_image wp-image-9580\" data-id=\"9580\" src=\"https:\/\/slauschek.photography\/cms\/wp-content\/uploads\/2024\/05\/Seite-9-1448x2048.jpeg\"\/><\/figure><\/li><li class=\"wp-block-jetpack-slideshow_slide swiper-slide\"><figure><img loading=\"lazy\" decoding=\"async\" width=\"1448\" height=\"2048\" alt=\"\" class=\"wp-block-jetpack-slideshow_image wp-image-9581\" data-id=\"9581\" src=\"https:\/\/slauschek.photography\/cms\/wp-content\/uploads\/2024\/05\/Seite-10-1448x2048.jpeg\"\/><\/figure><\/li><li class=\"wp-block-jetpack-slideshow_slide swiper-slide\"><figure><img loading=\"lazy\" decoding=\"async\" width=\"1448\" height=\"2048\" alt=\"\" class=\"wp-block-jetpack-slideshow_image wp-image-9582\" data-id=\"9582\" src=\"https:\/\/slauschek.photography\/cms\/wp-content\/uploads\/2024\/05\/Seite-11-1448x2048.jpeg\"\/><\/figure><\/li><li class=\"wp-block-jetpack-slideshow_slide swiper-slide\"><figure><img loading=\"lazy\" decoding=\"async\" width=\"1448\" height=\"2048\" alt=\"\" class=\"wp-block-jetpack-slideshow_image wp-image-9583\" data-id=\"9583\" src=\"https:\/\/slauschek.photography\/cms\/wp-content\/uploads\/2024\/05\/Seite-12-1448x2048.jpeg\"\/><\/figure><\/li><li class=\"wp-block-jetpack-slideshow_slide swiper-slide\"><figure><img loading=\"lazy\" decoding=\"async\" width=\"1448\" height=\"2048\" alt=\"\" class=\"wp-block-jetpack-slideshow_image wp-image-9584\" data-id=\"9584\" src=\"https:\/\/slauschek.photography\/cms\/wp-content\/uploads\/2024\/05\/Seite-13-1448x2048.jpeg\"\/><\/figure><\/li><li class=\"wp-block-jetpack-slideshow_slide swiper-slide\"><figure><img loading=\"lazy\" decoding=\"async\" width=\"1448\" height=\"2048\" alt=\"\" class=\"wp-block-jetpack-slideshow_image wp-image-9585\" data-id=\"9585\" src=\"https:\/\/slauschek.photography\/cms\/wp-content\/uploads\/2024\/05\/Seite-14-1448x2048.jpeg\"\/><\/figure><\/li><li class=\"wp-block-jetpack-slideshow_slide swiper-slide\"><figure><img loading=\"lazy\" decoding=\"async\" width=\"1448\" height=\"2048\" alt=\"\" class=\"wp-block-jetpack-slideshow_image wp-image-9586\" data-id=\"9586\" src=\"https:\/\/slauschek.photography\/cms\/wp-content\/uploads\/2024\/05\/Seite-15-1448x2048.jpeg\"\/><\/figure><\/li><li class=\"wp-block-jetpack-slideshow_slide swiper-slide\"><figure><img loading=\"lazy\" decoding=\"async\" width=\"1448\" height=\"2048\" alt=\"\" class=\"wp-block-jetpack-slideshow_image wp-image-9587\" data-id=\"9587\" src=\"https:\/\/slauschek.photography\/cms\/wp-content\/uploads\/2024\/05\/Seite-16-1448x2048.jpeg\"\/><\/figure><\/li><li class=\"wp-block-jetpack-slideshow_slide swiper-slide\"><figure><img loading=\"lazy\" decoding=\"async\" width=\"1448\" height=\"2048\" alt=\"\" class=\"wp-block-jetpack-slideshow_image wp-image-9588\" data-id=\"9588\" src=\"https:\/\/slauschek.photography\/cms\/wp-content\/uploads\/2024\/05\/Seite-17-1448x2048.jpeg\"\/><\/figure><\/li><li class=\"wp-block-jetpack-slideshow_slide swiper-slide\"><figure><img loading=\"lazy\" decoding=\"async\" width=\"1448\" height=\"2048\" alt=\"\" class=\"wp-block-jetpack-slideshow_image wp-image-9589\" data-id=\"9589\" src=\"https:\/\/slauschek.photography\/cms\/wp-content\/uploads\/2024\/05\/Seite-18-1448x2048.jpeg\"\/><\/figure><\/li><li class=\"wp-block-jetpack-slideshow_slide swiper-slide\"><figure><img loading=\"lazy\" decoding=\"async\" width=\"1448\" height=\"2048\" alt=\"\" class=\"wp-block-jetpack-slideshow_image wp-image-9590\" data-id=\"9590\" src=\"https:\/\/slauschek.photography\/cms\/wp-content\/uploads\/2024\/05\/Seite-19-1448x2048.jpeg\"\/><\/figure><\/li><li class=\"wp-block-jetpack-slideshow_slide swiper-slide\"><figure><img loading=\"lazy\" decoding=\"async\" width=\"1448\" height=\"2048\" alt=\"\" class=\"wp-block-jetpack-slideshow_image wp-image-9591\" data-id=\"9591\" src=\"https:\/\/slauschek.photography\/cms\/wp-content\/uploads\/2024\/05\/Seite-20-1448x2048.jpeg\"\/><\/figure><\/li><li class=\"wp-block-jetpack-slideshow_slide swiper-slide\"><figure><img loading=\"lazy\" decoding=\"async\" width=\"1448\" height=\"2048\" alt=\"\" class=\"wp-block-jetpack-slideshow_image wp-image-9592\" data-id=\"9592\" src=\"https:\/\/slauschek.photography\/cms\/wp-content\/uploads\/2024\/05\/Seite-21-1448x2048.jpeg\"\/><\/figure><\/li><li class=\"wp-block-jetpack-slideshow_slide swiper-slide\"><figure><img loading=\"lazy\" decoding=\"async\" width=\"1448\" height=\"2048\" alt=\"\" class=\"wp-block-jetpack-slideshow_image wp-image-9593\" data-id=\"9593\" src=\"https:\/\/slauschek.photography\/cms\/wp-content\/uploads\/2024\/05\/Seite-22-1448x2048.jpeg\"\/><\/figure><\/li><li class=\"wp-block-jetpack-slideshow_slide swiper-slide\"><figure><img loading=\"lazy\" decoding=\"async\" width=\"1448\" height=\"2048\" alt=\"\" class=\"wp-block-jetpack-slideshow_image wp-image-9594\" data-id=\"9594\" src=\"https:\/\/slauschek.photography\/cms\/wp-content\/uploads\/2024\/05\/Seite-23-1448x2048.jpeg\"\/><\/figure><\/li><li class=\"wp-block-jetpack-slideshow_slide swiper-slide\"><figure><img loading=\"lazy\" decoding=\"async\" width=\"1448\" height=\"2048\" alt=\"\" class=\"wp-block-jetpack-slideshow_image wp-image-9595\" data-id=\"9595\" src=\"https:\/\/slauschek.photography\/cms\/wp-content\/uploads\/2024\/05\/Seite-24-1448x2048.jpeg\"\/><\/figure><\/li><li class=\"wp-block-jetpack-slideshow_slide swiper-slide\"><figure><img loading=\"lazy\" decoding=\"async\" width=\"1448\" height=\"2048\" alt=\"\" class=\"wp-block-jetpack-slideshow_image wp-image-9596\" data-id=\"9596\" src=\"https:\/\/slauschek.photography\/cms\/wp-content\/uploads\/2024\/05\/Seite-25-1448x2048.jpeg\"\/><\/figure><\/li><li class=\"wp-block-jetpack-slideshow_slide swiper-slide\"><figure><img loading=\"lazy\" decoding=\"async\" width=\"1448\" height=\"2048\" alt=\"\" class=\"wp-block-jetpack-slideshow_image wp-image-9597\" data-id=\"9597\" src=\"https:\/\/slauschek.photography\/cms\/wp-content\/uploads\/2024\/05\/Seite-26-1448x2048.jpeg\"\/><\/figure><\/li><\/ul><a class=\"wp-block-jetpack-slideshow_button-prev swiper-button-prev swiper-button-white\" role=\"button\"><\/a><a class=\"wp-block-jetpack-slideshow_button-next swiper-button-next swiper-button-white\" role=\"button\"><\/a><a aria-label=\"Pause Slideshow\" class=\"wp-block-jetpack-slideshow_button-pause\" role=\"button\"><\/a><div class=\"wp-block-jetpack-slideshow_pagination swiper-pagination swiper-pagination-white\"><\/div><\/div><\/div>\n","protected":false},"excerpt":{"rendered":"<p>August 2025: Tauch- und Naturhighlight &#8211; 7 N\u00e4chte Tauchexpedition inkl. Landg\u00e4nge auf den Galapagosinseln und (optional) 7 N\u00e4chte Natur- und Kulturrundreise durch Ecuador.<br \/>\nWahrscheinlich DAS Reisehighlight weltweit f\u00fcr Taucher und Naturliebhaber, Gal\u00e1pagos ist eines der letzten gro\u00dfen Ziele:<br \/>\nLegend\u00e4re, mitten im Pazifik gelegene Bilderbuchinseln der Evolution, deren Name allein schon bei den meisten Menschen Sehnsucht und Reiselust ausl\u00f6st.<br \/>\nVom 09.08.-17.08. bzw. 24.08.2025 begleite ich als FotoPRO f\u00fcr das Tiroler Spezialtauchreiseunternehmen Waterworld Werner Thiele KG wieder eine Tour zum Gal\u00e1pagos Archipel sowie nach Ecuador.<\/p>\n","protected":false},"author":2,"featured_media":6635,"comment_status":"closed","ping_status":"closed","sticky":false,"template":"","format":"standard","meta":{"jetpack_post_was_ever_published":false,"_jetpack_newsletter_access":"","_jetpack_dont_email_post_to_subs":false,"_jetpack_newsletter_tier_id":0,"_jetpack_memberships_contains_paywalled_content":false,"_jetpack_memberships_contains_paid_content":false,"footnotes":""},"categories":[205,119,204,129,124],"tags":[207,120,206,128,265,264,240,266,163,263,130],"class_list":["post-9636","post","type-post","status-publish","format-standard","has-post-thumbnail","hentry","category-ecuador","category-fotos","category-galapagos","category-reisen","category-unterwasserfotos","tag-ecuador","tag-fotos","tag-galapagos","tag-harald-slauschek","tag-kulturreise","tag-naturreise","tag-pacific","tag-reisehighlight","tag-slauschek-photography","tag-tauchexpedition","tag-waterworld"],"yoast_head":"<!-- This site is optimized with the Yoast SEO plugin v27.4 - https:\/\/yoast.com\/product\/yoast-seo-wordpress\/ -->\n<title>GAL\u00c1PAGOS ADVENTURE 2025 | DARWINS GARTEN EDEN &amp; BEST OF ECUADOR - Slauschek.Photography<\/title>\n<meta name=\"robots\" content=\"index, follow, max-snippet:-1, max-image-preview:large, max-video-preview:-1\" \/>\n<link rel=\"canonical\" href=\"https:\/\/slauschek.photography\/cms\/galapagos-adventure-2025-darwins-garten-eden-best-of-ecuador-9636\/\" \/>\n<meta property=\"og:locale\" content=\"de_DE\" \/>\n<meta property=\"og:type\" content=\"article\" \/>\n<meta property=\"og:title\" content=\"GAL\u00c1PAGOS ADVENTURE 2025 | DARWINS GARTEN EDEN &amp; BEST OF ECUADOR - Slauschek.Photography\" \/>\n<meta property=\"og:description\" content=\"August 2025: Tauch- und Naturhighlight - 7 N\u00e4chte Tauchexpedition inkl. Landg\u00e4nge auf den Galapagosinseln und (optional) 7 N\u00e4chte Natur- und Kulturrundreise durch Ecuador. Wahrscheinlich DAS Reisehighlight weltweit f\u00fcr Taucher und Naturliebhaber, Gal\u00e1pagos ist eines der letzten gro\u00dfen Ziele: Legend\u00e4re, mitten im Pazifik gelegene Bilderbuchinseln der Evolution, deren Name allein schon bei den meisten Menschen Sehnsucht und Reiselust ausl\u00f6st. Vom 09.08.-17.08. bzw. 24.08.2025 begleite ich als FotoPRO f\u00fcr das Tiroler Spezialtauchreiseunternehmen Waterworld Werner Thiele KG wieder eine Tour zum Gal\u00e1pagos Archipel sowie nach Ecuador.\" \/>\n<meta property=\"og:url\" content=\"https:\/\/slauschek.photography\/cms\/galapagos-adventure-2025-darwins-garten-eden-best-of-ecuador-9636\/\" \/>\n<meta property=\"og:site_name\" content=\"Slauschek.Photography\" \/>\n<meta property=\"article:published_time\" content=\"2024-05-29T13:54:30+00:00\" \/>\n<meta property=\"article:modified_time\" content=\"2025-06-03T19:21:41+00:00\" \/>\n<meta property=\"og:image\" content=\"https:\/\/slauschek.photography\/cms\/wp-content\/uploads\/2021\/04\/UW-01051-01-004.jpg\" \/>\n\t<meta property=\"og:image:width\" content=\"1500\" \/>\n\t<meta property=\"og:image:height\" content=\"998\" \/>\n\t<meta property=\"og:image:type\" content=\"image\/jpeg\" \/>\n<meta name=\"author\" content=\"Harald Slauschek\" \/>\n<meta name=\"twitter:card\" content=\"summary_large_image\" \/>\n<meta name=\"twitter:label1\" content=\"Verfasst von\" \/>\n\t<meta name=\"twitter:data1\" content=\"Harald Slauschek\" \/>\n\t<meta name=\"twitter:label2\" content=\"Gesch\u00e4tzte Lesezeit\" \/>\n\t<meta name=\"twitter:data2\" content=\"9\u00a0Minuten\" \/>\n<script type=\"application\/ld+json\" class=\"yoast-schema-graph\">{\"@context\":\"https:\\\/\\\/schema.org\",\"@graph\":[{\"@type\":\"Article\",\"@id\":\"https:\\\/\\\/slauschek.photography\\\/cms\\\/galapagos-adventure-2025-darwins-garten-eden-best-of-ecuador-9636\\\/#article\",\"isPartOf\":{\"@id\":\"https:\\\/\\\/slauschek.photography\\\/cms\\\/galapagos-adventure-2025-darwins-garten-eden-best-of-ecuador-9636\\\/\"},\"author\":{\"name\":\"Harald Slauschek\",\"@id\":\"https:\\\/\\\/slauschek.photography\\\/cms\\\/#\\\/schema\\\/person\\\/ef602f3dfc5a0bd727ea4ce6b73b3701\"},\"headline\":\"GAL\u00c1PAGOS ADVENTURE 2025 | DARWINS GARTEN EDEN &amp; BEST OF ECUADOR\",\"datePublished\":\"2024-05-29T13:54:30+00:00\",\"dateModified\":\"2025-06-03T19:21:41+00:00\",\"mainEntityOfPage\":{\"@id\":\"https:\\\/\\\/slauschek.photography\\\/cms\\\/galapagos-adventure-2025-darwins-garten-eden-best-of-ecuador-9636\\\/\"},\"wordCount\":438,\"image\":{\"@id\":\"https:\\\/\\\/slauschek.photography\\\/cms\\\/galapagos-adventure-2025-darwins-garten-eden-best-of-ecuador-9636\\\/#primaryimage\"},\"thumbnailUrl\":\"https:\\\/\\\/slauschek.photography\\\/cms\\\/wp-content\\\/uploads\\\/2021\\\/04\\\/UW-01051-01-004.jpg\",\"keywords\":[\"Ecuador\",\"Fotos\",\"Galapagos\",\"Harald Slauschek\",\"Kulturreise\",\"Naturreise\",\"pacific\",\"Reisehighlight\",\"Slauschek.Photography\",\"Tauchexpedition\",\"Waterworld\"],\"articleSection\":[\"Ecuador\",\"Fotos\",\"Galapagos\",\"Reisen\",\"Unterwasserfotos\"],\"inLanguage\":\"de\"},{\"@type\":\"WebPage\",\"@id\":\"https:\\\/\\\/slauschek.photography\\\/cms\\\/galapagos-adventure-2025-darwins-garten-eden-best-of-ecuador-9636\\\/\",\"url\":\"https:\\\/\\\/slauschek.photography\\\/cms\\\/galapagos-adventure-2025-darwins-garten-eden-best-of-ecuador-9636\\\/\",\"name\":\"GAL\u00c1PAGOS ADVENTURE 2025 | DARWINS GARTEN EDEN &amp; BEST OF ECUADOR - Slauschek.Photography\",\"isPartOf\":{\"@id\":\"https:\\\/\\\/slauschek.photography\\\/cms\\\/#website\"},\"primaryImageOfPage\":{\"@id\":\"https:\\\/\\\/slauschek.photography\\\/cms\\\/galapagos-adventure-2025-darwins-garten-eden-best-of-ecuador-9636\\\/#primaryimage\"},\"image\":{\"@id\":\"https:\\\/\\\/slauschek.photography\\\/cms\\\/galapagos-adventure-2025-darwins-garten-eden-best-of-ecuador-9636\\\/#primaryimage\"},\"thumbnailUrl\":\"https:\\\/\\\/slauschek.photography\\\/cms\\\/wp-content\\\/uploads\\\/2021\\\/04\\\/UW-01051-01-004.jpg\",\"datePublished\":\"2024-05-29T13:54:30+00:00\",\"dateModified\":\"2025-06-03T19:21:41+00:00\",\"author\":{\"@id\":\"https:\\\/\\\/slauschek.photography\\\/cms\\\/#\\\/schema\\\/person\\\/ef602f3dfc5a0bd727ea4ce6b73b3701\"},\"breadcrumb\":{\"@id\":\"https:\\\/\\\/slauschek.photography\\\/cms\\\/galapagos-adventure-2025-darwins-garten-eden-best-of-ecuador-9636\\\/#breadcrumb\"},\"inLanguage\":\"de\",\"potentialAction\":[{\"@type\":\"ReadAction\",\"target\":[\"https:\\\/\\\/slauschek.photography\\\/cms\\\/galapagos-adventure-2025-darwins-garten-eden-best-of-ecuador-9636\\\/\"]}]},{\"@type\":\"ImageObject\",\"inLanguage\":\"de\",\"@id\":\"https:\\\/\\\/slauschek.photography\\\/cms\\\/galapagos-adventure-2025-darwins-garten-eden-best-of-ecuador-9636\\\/#primaryimage\",\"url\":\"https:\\\/\\\/slauschek.photography\\\/cms\\\/wp-content\\\/uploads\\\/2021\\\/04\\\/UW-01051-01-004.jpg\",\"contentUrl\":\"https:\\\/\\\/slauschek.photography\\\/cms\\\/wp-content\\\/uploads\\\/2021\\\/04\\\/UW-01051-01-004.jpg\",\"width\":1500,\"height\":998},{\"@type\":\"BreadcrumbList\",\"@id\":\"https:\\\/\\\/slauschek.photography\\\/cms\\\/galapagos-adventure-2025-darwins-garten-eden-best-of-ecuador-9636\\\/#breadcrumb\",\"itemListElement\":[{\"@type\":\"ListItem\",\"position\":1,\"name\":\"Startseite\",\"item\":\"https:\\\/\\\/slauschek.photography\\\/cms\\\/\"},{\"@type\":\"ListItem\",\"position\":2,\"name\":\"GAL\u00c1PAGOS ADVENTURE 2025 | DARWINS GARTEN EDEN &amp; BEST OF ECUADOR\"}]},{\"@type\":\"WebSite\",\"@id\":\"https:\\\/\\\/slauschek.photography\\\/cms\\\/#website\",\"url\":\"https:\\\/\\\/slauschek.photography\\\/cms\\\/\",\"name\":\"Slauschek.Photography\",\"description\":\"Passion meets profession!\",\"potentialAction\":[{\"@type\":\"SearchAction\",\"target\":{\"@type\":\"EntryPoint\",\"urlTemplate\":\"https:\\\/\\\/slauschek.photography\\\/cms\\\/?s={search_term_string}\"},\"query-input\":{\"@type\":\"PropertyValueSpecification\",\"valueRequired\":true,\"valueName\":\"search_term_string\"}}],\"inLanguage\":\"de\"},{\"@type\":\"Person\",\"@id\":\"https:\\\/\\\/slauschek.photography\\\/cms\\\/#\\\/schema\\\/person\\\/ef602f3dfc5a0bd727ea4ce6b73b3701\",\"name\":\"Harald Slauschek\",\"image\":{\"@type\":\"ImageObject\",\"inLanguage\":\"de\",\"@id\":\"https:\\\/\\\/secure.gravatar.com\\\/avatar\\\/926ae54bb219acef952c24e6fe85583cf86e05d2f17df8d10a57a502b06920ef?s=96&d=mm&r=g\",\"url\":\"https:\\\/\\\/secure.gravatar.com\\\/avatar\\\/926ae54bb219acef952c24e6fe85583cf86e05d2f17df8d10a57a502b06920ef?s=96&d=mm&r=g\",\"contentUrl\":\"https:\\\/\\\/secure.gravatar.com\\\/avatar\\\/926ae54bb219acef952c24e6fe85583cf86e05d2f17df8d10a57a502b06920ef?s=96&d=mm&r=g\",\"caption\":\"Harald Slauschek\"},\"url\":\"https:\\\/\\\/slauschek.photography\\\/cms\\\/author\\\/hshark\\\/\"}]}<\/script>\n<!-- \/ Yoast SEO plugin. -->","yoast_head_json":{"title":"GAL\u00c1PAGOS ADVENTURE 2025 | DARWINS GARTEN EDEN &amp; BEST OF ECUADOR - Slauschek.Photography","robots":{"index":"index","follow":"follow","max-snippet":"max-snippet:-1","max-image-preview":"max-image-preview:large","max-video-preview":"max-video-preview:-1"},"canonical":"https:\/\/slauschek.photography\/cms\/galapagos-adventure-2025-darwins-garten-eden-best-of-ecuador-9636\/","og_locale":"de_DE","og_type":"article","og_title":"GAL\u00c1PAGOS ADVENTURE 2025 | DARWINS GARTEN EDEN &amp; BEST OF ECUADOR - Slauschek.Photography","og_description":"August 2025: Tauch- und Naturhighlight - 7 N\u00e4chte Tauchexpedition inkl. Landg\u00e4nge auf den Galapagosinseln und (optional) 7 N\u00e4chte Natur- und Kulturrundreise durch Ecuador. Wahrscheinlich DAS Reisehighlight weltweit f\u00fcr Taucher und Naturliebhaber, Gal\u00e1pagos ist eines der letzten gro\u00dfen Ziele: Legend\u00e4re, mitten im Pazifik gelegene Bilderbuchinseln der Evolution, deren Name allein schon bei den meisten Menschen Sehnsucht und Reiselust ausl\u00f6st. Vom 09.08.-17.08. bzw. 24.08.2025 begleite ich als FotoPRO f\u00fcr das Tiroler Spezialtauchreiseunternehmen Waterworld Werner Thiele KG wieder eine Tour zum Gal\u00e1pagos Archipel sowie nach Ecuador.","og_url":"https:\/\/slauschek.photography\/cms\/galapagos-adventure-2025-darwins-garten-eden-best-of-ecuador-9636\/","og_site_name":"Slauschek.Photography","article_published_time":"2024-05-29T13:54:30+00:00","article_modified_time":"2025-06-03T19:21:41+00:00","og_image":[{"width":1500,"height":998,"url":"https:\/\/slauschek.photography\/cms\/wp-content\/uploads\/2021\/04\/UW-01051-01-004.jpg","type":"image\/jpeg"}],"author":"Harald Slauschek","twitter_card":"summary_large_image","twitter_misc":{"Verfasst von":"Harald Slauschek","Gesch\u00e4tzte Lesezeit":"9\u00a0Minuten"},"schema":{"@context":"https:\/\/schema.org","@graph":[{"@type":"Article","@id":"https:\/\/slauschek.photography\/cms\/galapagos-adventure-2025-darwins-garten-eden-best-of-ecuador-9636\/#article","isPartOf":{"@id":"https:\/\/slauschek.photography\/cms\/galapagos-adventure-2025-darwins-garten-eden-best-of-ecuador-9636\/"},"author":{"name":"Harald Slauschek","@id":"https:\/\/slauschek.photography\/cms\/#\/schema\/person\/ef602f3dfc5a0bd727ea4ce6b73b3701"},"headline":"GAL\u00c1PAGOS ADVENTURE 2025 | DARWINS GARTEN EDEN &amp; BEST OF ECUADOR","datePublished":"2024-05-29T13:54:30+00:00","dateModified":"2025-06-03T19:21:41+00:00","mainEntityOfPage":{"@id":"https:\/\/slauschek.photography\/cms\/galapagos-adventure-2025-darwins-garten-eden-best-of-ecuador-9636\/"},"wordCount":438,"image":{"@id":"https:\/\/slauschek.photography\/cms\/galapagos-adventure-2025-darwins-garten-eden-best-of-ecuador-9636\/#primaryimage"},"thumbnailUrl":"https:\/\/slauschek.photography\/cms\/wp-content\/uploads\/2021\/04\/UW-01051-01-004.jpg","keywords":["Ecuador","Fotos","Galapagos","Harald Slauschek","Kulturreise","Naturreise","pacific","Reisehighlight","Slauschek.Photography","Tauchexpedition","Waterworld"],"articleSection":["Ecuador","Fotos","Galapagos","Reisen","Unterwasserfotos"],"inLanguage":"de"},{"@type":"WebPage","@id":"https:\/\/slauschek.photography\/cms\/galapagos-adventure-2025-darwins-garten-eden-best-of-ecuador-9636\/","url":"https:\/\/slauschek.photography\/cms\/galapagos-adventure-2025-darwins-garten-eden-best-of-ecuador-9636\/","name":"GAL\u00c1PAGOS ADVENTURE 2025 | DARWINS GARTEN EDEN &amp; BEST OF ECUADOR - Slauschek.Photography","isPartOf":{"@id":"https:\/\/slauschek.photography\/cms\/#website"},"primaryImageOfPage":{"@id":"https:\/\/slauschek.photography\/cms\/galapagos-adventure-2025-darwins-garten-eden-best-of-ecuador-9636\/#primaryimage"},"image":{"@id":"https:\/\/slauschek.photography\/cms\/galapagos-adventure-2025-darwins-garten-eden-best-of-ecuador-9636\/#primaryimage"},"thumbnailUrl":"https:\/\/slauschek.photography\/cms\/wp-content\/uploads\/2021\/04\/UW-01051-01-004.jpg","datePublished":"2024-05-29T13:54:30+00:00","dateModified":"2025-06-03T19:21:41+00:00","author":{"@id":"https:\/\/slauschek.photography\/cms\/#\/schema\/person\/ef602f3dfc5a0bd727ea4ce6b73b3701"},"breadcrumb":{"@id":"https:\/\/slauschek.photography\/cms\/galapagos-adventure-2025-darwins-garten-eden-best-of-ecuador-9636\/#breadcrumb"},"inLanguage":"de","potentialAction":[{"@type":"ReadAction","target":["https:\/\/slauschek.photography\/cms\/galapagos-adventure-2025-darwins-garten-eden-best-of-ecuador-9636\/"]}]},{"@type":"ImageObject","inLanguage":"de","@id":"https:\/\/slauschek.photography\/cms\/galapagos-adventure-2025-darwins-garten-eden-best-of-ecuador-9636\/#primaryimage","url":"https:\/\/slauschek.photography\/cms\/wp-content\/uploads\/2021\/04\/UW-01051-01-004.jpg","contentUrl":"https:\/\/slauschek.photography\/cms\/wp-content\/uploads\/2021\/04\/UW-01051-01-004.jpg","width":1500,"height":998},{"@type":"BreadcrumbList","@id":"https:\/\/slauschek.photography\/cms\/galapagos-adventure-2025-darwins-garten-eden-best-of-ecuador-9636\/#breadcrumb","itemListElement":[{"@type":"ListItem","position":1,"name":"Startseite","item":"https:\/\/slauschek.photography\/cms\/"},{"@type":"ListItem","position":2,"name":"GAL\u00c1PAGOS ADVENTURE 2025 | DARWINS GARTEN EDEN &amp; BEST OF ECUADOR"}]},{"@type":"WebSite","@id":"https:\/\/slauschek.photography\/cms\/#website","url":"https:\/\/slauschek.photography\/cms\/","name":"Slauschek.Photography","description":"Passion meets profession!","potentialAction":[{"@type":"SearchAction","target":{"@type":"EntryPoint","urlTemplate":"https:\/\/slauschek.photography\/cms\/?s={search_term_string}"},"query-input":{"@type":"PropertyValueSpecification","valueRequired":true,"valueName":"search_term_string"}}],"inLanguage":"de"},{"@type":"Person","@id":"https:\/\/slauschek.photography\/cms\/#\/schema\/person\/ef602f3dfc5a0bd727ea4ce6b73b3701","name":"Harald Slauschek","image":{"@type":"ImageObject","inLanguage":"de","@id":"https:\/\/secure.gravatar.com\/avatar\/926ae54bb219acef952c24e6fe85583cf86e05d2f17df8d10a57a502b06920ef?s=96&d=mm&r=g","url":"https:\/\/secure.gravatar.com\/avatar\/926ae54bb219acef952c24e6fe85583cf86e05d2f17df8d10a57a502b06920ef?s=96&d=mm&r=g","contentUrl":"https:\/\/secure.gravatar.com\/avatar\/926ae54bb219acef952c24e6fe85583cf86e05d2f17df8d10a57a502b06920ef?s=96&d=mm&r=g","caption":"Harald Slauschek"},"url":"https:\/\/slauschek.photography\/cms\/author\/hshark\/"}]}},"jetpack_featured_media_url":"https:\/\/slauschek.photography\/cms\/wp-content\/uploads\/2021\/04\/UW-01051-01-004.jpg","jetpack_sharing_enabled":true,"_links":{"self":[{"href":"https:\/\/slauschek.photography\/cms\/wp-json\/wp\/v2\/posts\/9636","targetHints":{"allow":["GET"]}}],"collection":[{"href":"https:\/\/slauschek.photography\/cms\/wp-json\/wp\/v2\/posts"}],"about":[{"href":"https:\/\/slauschek.photography\/cms\/wp-json\/wp\/v2\/types\/post"}],"author":[{"embeddable":true,"href":"https:\/\/slauschek.photography\/cms\/wp-json\/wp\/v2\/users\/2"}],"replies":[{"embeddable":true,"href":"https:\/\/slauschek.photography\/cms\/wp-json\/wp\/v2\/comments?post=9636"}],"version-history":[{"count":34,"href":"https:\/\/slauschek.photography\/cms\/wp-json\/wp\/v2\/posts\/9636\/revisions"}],"predecessor-version":[{"id":10130,"href":"https:\/\/slauschek.photography\/cms\/wp-json\/wp\/v2\/posts\/9636\/revisions\/10130"}],"wp:featuredmedia":[{"embeddable":true,"href":"https:\/\/slauschek.photography\/cms\/wp-json\/wp\/v2\/media\/6635"}],"wp:attachment":[{"href":"https:\/\/slauschek.photography\/cms\/wp-json\/wp\/v2\/media?parent=9636"}],"wp:term":[{"taxonomy":"category","embeddable":true,"href":"https:\/\/slauschek.photography\/cms\/wp-json\/wp\/v2\/categories?post=9636"},{"taxonomy":"post_tag","embeddable":true,"href":"https:\/\/slauschek.photography\/cms\/wp-json\/wp\/v2\/tags?post=9636"}],"curies":[{"name":"wp","href":"https:\/\/api.w.org\/{rel}","templated":true}]}}